{"id":28952,"date":"2021-04-26T11:30:42","date_gmt":"2021-04-26T14:30:42","guid":{"rendered":"https:\/\/crc.org.ar\/w\/?p=28952"},"modified":"2021-04-26T11:37:49","modified_gmt":"2021-04-26T14:37:49","slug":"se-realizo-un-evaluativo-interno-de-natacion","status":"publish","type":"post","link":"https:\/\/crc.org.ar\/w\/se-realizo-un-evaluativo-interno-de-natacion\/","title":{"rendered":"Se realiz\u00f3 un evaluativo interno de nataci\u00f3n"},"content":{"rendered":"\n<p>(Lunes 26 de abril de 2021). Regatas Corrientes organiz\u00f3 un evaluativo interno de nataci\u00f3n para ver la actualidad de los deportistas. Se tomaron tiempos con las placas electr\u00f3nicas y participaron promocionales y federados.<\/p>\n\n\n\n<!--more-->\n\n\n\n<p>El s\u00e1bado por la tarde en el natatorio del Club de Regatas Corrientes se llev\u00f3 a cabo una prueba evaluadora interna entre los nadadores de la instituci\u00f3n, con el objetivo de controlar marcas, y ver el estado actual de los j\u00f3venes.<\/p>\n\n\n\n<p>Las categor\u00edas que participaron fueron: Pre A y Pre B (hasta 9 a\u00f1os)quienes compitieron en 25 m. crol y 25 m. espalda. Infantiles 1 y 2 (10 y 11 a\u00f1os) en 150 m. libres, y en 100 m. combinado, misma modalidad que los Menores 1 (12 a\u00f1os).<\/p>\n\n\n\n<figure class=\"wp-block-gallery columns-3 is-cropped wp-block-gallery-1 is-layout-flex wp-block-gallery-is-layout-flex\"><ul class=\"blocks-gallery-grid\"><li class=\"blocks-gallery-item\"><figure><img loading=\"lazy\" decoding=\"async\" width=\"1280\" height=\"853\" src=\"https:\/\/crc.org.ar\/w\/wp-content\/uploads\/2021\/04\/Evaluativo-1.jpeg\" alt=\"\" data-id=\"28953\" data-full-url=\"https:\/\/crc.org.ar\/w\/wp-content\/uploads\/2021\/04\/Evaluativo-1.jpeg\" data-link=\"https:\/\/crc.org.ar\/w\/?attachment_id=28953\" class=\"wp-image-28953\" srcset=\"https:\/\/crc.org.ar\/w\/wp-content\/uploads\/2021\/04\/Evaluativo-1.jpeg 1280w, https:\/\/crc.org.ar\/w\/wp-content\/uploads\/2021\/04\/Evaluativo-1-300x200.jpeg 300w, https:\/\/crc.org.ar\/w\/wp-content\/uploads\/2021\/04\/Evaluativo-1-768x512.jpeg 768w\" sizes=\"(max-width: 1280px) 100vw, 1280px\" \/><\/figure><\/li><li class=\"blocks-gallery-item\"><figure><img loading=\"lazy\" decoding=\"async\" width=\"1280\" height=\"853\" src=\"https:\/\/crc.org.ar\/w\/wp-content\/uploads\/2021\/04\/Evaluativo-2.jpeg\" alt=\"\" data-id=\"28954\" data-full-url=\"https:\/\/crc.org.ar\/w\/wp-content\/uploads\/2021\/04\/Evaluativo-2.jpeg\" data-link=\"https:\/\/crc.org.ar\/w\/?attachment_id=28954\" class=\"wp-image-28954\" srcset=\"https:\/\/crc.org.ar\/w\/wp-content\/uploads\/2021\/04\/Evaluativo-2.jpeg 1280w, https:\/\/crc.org.ar\/w\/wp-content\/uploads\/2021\/04\/Evaluativo-2-300x200.jpeg 300w, https:\/\/crc.org.ar\/w\/wp-content\/uploads\/2021\/04\/Evaluativo-2-768x512.jpeg 768w\" sizes=\"(max-width: 1280px) 100vw, 1280px\" \/><\/figure><\/li><li class=\"blocks-gallery-item\"><figure><img loading=\"lazy\" decoding=\"async\" width=\"1280\" height=\"853\" src=\"https:\/\/crc.org.ar\/w\/wp-content\/uploads\/2021\/04\/Evaluativo-3.jpeg\" alt=\"\" data-id=\"28955\" data-full-url=\"https:\/\/crc.org.ar\/w\/wp-content\/uploads\/2021\/04\/Evaluativo-3.jpeg\" data-link=\"https:\/\/crc.org.ar\/w\/?attachment_id=28955\" class=\"wp-image-28955\" srcset=\"https:\/\/crc.org.ar\/w\/wp-content\/uploads\/2021\/04\/Evaluativo-3.jpeg 1280w, https:\/\/crc.org.ar\/w\/wp-content\/uploads\/2021\/04\/Evaluativo-3-300x200.jpeg 300w, https:\/\/crc.org.ar\/w\/wp-content\/uploads\/2021\/04\/Evaluativo-3-768x512.jpeg 768w\" sizes=\"(max-width: 1280px) 100vw, 1280px\" \/><\/figure><\/li><li class=\"blocks-gallery-item\"><figure><img loading=\"lazy\" decoding=\"async\" width=\"1280\" height=\"853\" src=\"https:\/\/crc.org.ar\/w\/wp-content\/uploads\/2021\/04\/Evaluativo-4.jpeg\" alt=\"\" data-id=\"28956\" data-full-url=\"https:\/\/crc.org.ar\/w\/wp-content\/uploads\/2021\/04\/Evaluativo-4.jpeg\" data-link=\"https:\/\/crc.org.ar\/w\/?attachment_id=28956\" class=\"wp-image-28956\" srcset=\"https:\/\/crc.org.ar\/w\/wp-content\/uploads\/2021\/04\/Evaluativo-4.jpeg 1280w, https:\/\/crc.org.ar\/w\/wp-content\/uploads\/2021\/04\/Evaluativo-4-300x200.jpeg 300w, https:\/\/crc.org.ar\/w\/wp-content\/uploads\/2021\/04\/Evaluativo-4-768x512.jpeg 768w\" sizes=\"(max-width: 1280px) 100vw, 1280px\" \/><\/figure><\/li><li class=\"blocks-gallery-item\"><figure><img loading=\"lazy\" decoding=\"async\" width=\"1279\" height=\"718\" src=\"https:\/\/crc.org.ar\/w\/wp-content\/uploads\/2021\/04\/Evaluativo-5.jpeg\" alt=\"\" data-id=\"28957\" data-full-url=\"https:\/\/crc.org.ar\/w\/wp-content\/uploads\/2021\/04\/Evaluativo-5.jpeg\" data-link=\"https:\/\/crc.org.ar\/w\/?attachment_id=28957\" class=\"wp-image-28957\" srcset=\"https:\/\/crc.org.ar\/w\/wp-content\/uploads\/2021\/04\/Evaluativo-5.jpeg 1279w, https:\/\/crc.org.ar\/w\/wp-content\/uploads\/2021\/04\/Evaluativo-5-300x168.jpeg 300w, https:\/\/crc.org.ar\/w\/wp-content\/uploads\/2021\/04\/Evaluativo-5-768x431.jpeg 768w\" sizes=\"(max-width: 1279px) 100vw, 1279px\" \/><\/figure><\/li><\/ul><\/figure>\n\n\n\n<p>La actividad, que se dividi\u00f3 en categor\u00edas, estilos y distancias, estuvo organizada por la subcomisi\u00f3n de nataci\u00f3n, y se llev\u00f3 a cabo con la log\u00edstica del coordinador de la disciplina, <strong>Leonardo Cabral, <\/strong>y de la profesora <strong>SoledadSchultheins<\/strong>.<\/p>\n\n\n\n<p>Por su parte, los Menores 2, Cadetes 1, Cadetes 2, Juveniles y Juniors (de 13 a\u00f1os en adelante) corrieron en las distancias de 100 m. combinado y en 200 m. libre.<\/p>\n\n\n\n<p>Del evento fueron parte nadadores promocionales y tambi\u00e9n los federados. Adem\u00e1s, se procedi\u00f3 a tomar los tiempos con las placas electr\u00f3nicas, d\u00e1ndole un mayor nivel de competitividad y seriedad.<\/p>\n\n\n\n<p>Estuvieron participando 55 nadadores regatenses en total, nadando en distintos turnos. Adem\u00e1s, no pudieron contar con acompa\u00f1antes para evitar la aglomeraci\u00f3n dentro de la pileta siguiendo el protocolo establecido por Covid-19.<\/p>\n\n\n\n<p>El entrenador <strong>Leonardo Cabral <\/strong>dijo que, \u201cm\u00e1s que nada fue una actividad para ver en que condiciones se encuentran los chicos que hace tiempo no tienen competencia en pileta\u201d.<\/p>\n\n\n\n<p>\u201cPor suerte a todos les fue bastante bien, participaron 55 nadadores, que fueron pasando por categor\u00eda y por prueba. Quiero agradecer al club que como siempre nos apoya, y por supuesto a la subcomisi\u00f3n que nos ayuda a realizar todas estas actividades\u201d, concluy\u00f3 el coordinador de la disciplina.<\/p>\n","protected":false},"excerpt":{"rendered":"<p>(Lunes 26 de abril de 2021). Regatas Corrientes organiz\u00f3 un evaluativo interno de nataci\u00f3n para ver la actualidad de los deportistas. Se tomaron tiempos con las placas electr\u00f3nicas y participaron promocionales y federados. El s\u00e1bado por la tarde en el natatorio del Club de Regatas Corrientes se llev\u00f3 a cabo una prueba evaluadora interna entre &hellip;<\/p>\n","protected":false},"author":1,"featured_media":28957,"comment_status":"closed","ping_status":"closed","sticky":false,"template":"","format":"standard","meta":{"footnotes":""},"categories":[69,156],"tags":[],"_links":{"self":[{"href":"https:\/\/crc.org.ar\/w\/wp-json\/wp\/v2\/posts\/28952"}],"collection":[{"href":"https:\/\/crc.org.ar\/w\/wp-json\/wp\/v2\/posts"}],"about":[{"href":"https:\/\/crc.org.ar\/w\/wp-json\/wp\/v2\/types\/post"}],"author":[{"embeddable":true,"href":"https:\/\/crc.org.ar\/w\/wp-json\/wp\/v2\/users\/1"}],"replies":[{"embeddable":true,"href":"https:\/\/crc.org.ar\/w\/wp-json\/wp\/v2\/comments?post=28952"}],"version-history":[{"count":1,"href":"https:\/\/crc.org.ar\/w\/wp-json\/wp\/v2\/posts\/28952\/revisions"}],"predecessor-version":[{"id":28958,"href":"https:\/\/crc.org.ar\/w\/wp-json\/wp\/v2\/posts\/28952\/revisions\/28958"}],"wp:featuredmedia":[{"embeddable":true,"href":"https:\/\/crc.org.ar\/w\/wp-json\/wp\/v2\/media\/28957"}],"wp:attachment":[{"href":"https:\/\/crc.org.ar\/w\/wp-json\/wp\/v2\/media?parent=28952"}],"wp:term":[{"taxonomy":"category","embeddable":true,"href":"https:\/\/crc.org.ar\/w\/wp-json\/wp\/v2\/categories?post=28952"},{"taxonomy":"post_tag","embeddable":true,"href":"https:\/\/crc.org.ar\/w\/wp-json\/wp\/v2\/tags?post=28952"}],"curies":[{"name":"wp","href":"https:\/\/api.w.org\/{rel}","templated":true}]}}