{"id":28971,"date":"2021-04-29T22:00:53","date_gmt":"2021-04-30T01:00:53","guid":{"rendered":"https:\/\/crc.org.ar\/w\/?p=28971"},"modified":"2021-04-29T22:04:15","modified_gmt":"2021-04-30T01:04:15","slug":"hercules-sera-la-primera-prueba-para-regatas","status":"publish","type":"post","link":"https:\/\/crc.org.ar\/w\/hercules-sera-la-primera-prueba-para-regatas\/","title":{"rendered":"H\u00e9rcules ser\u00e1 la primera prueba para Regatas"},"content":{"rendered":"\n<p>(Jueves 29 de abril de 2021). Regatas Corrientes estar\u00e1 empezando su recorrido en la nueva temporada de la Copa Palacio frente a H\u00e9rcules \u201cAzul\u201d.<\/p>\n\n\n\n<!--more-->\n\n\n\n<p>El viernes en el Jos\u00e9 Jorge Contte a segunda hora, 22:30 aproximadamente, el Club de Regatas Corrientes estar\u00e1 debutando frente a H\u00e9rcules \u201cAzul\u201d en la edici\u00f3n 2021 de la Copa Palacio de la Asociaci\u00f3n de B\u00e1squetbol de la Ciudad de Corrientes.<\/p>\n\n\n\n<p>El duelo, que comenzar\u00e1 una vez terminado el partido entre El Tala y San Mart\u00edn, el cual dar\u00e1 inicio a las 21, marcar\u00e1 el retorno del \u201cremero\u201d a la competici\u00f3n local de Primera Divisi\u00f3n tras un 2020 sin actividad por la pandemia de Covid-19.<\/p>\n\n\n\n<figure class=\"wp-block-image size-large\"><img loading=\"lazy\" decoding=\"async\" width=\"1115\" height=\"883\" src=\"https:\/\/crc.org.ar\/w\/wp-content\/uploads\/2021\/04\/Alvaredo.jpeg\" alt=\"\" class=\"wp-image-28972\" srcset=\"https:\/\/crc.org.ar\/w\/wp-content\/uploads\/2021\/04\/Alvaredo.jpeg 1115w, https:\/\/crc.org.ar\/w\/wp-content\/uploads\/2021\/04\/Alvaredo-300x238.jpeg 300w, https:\/\/crc.org.ar\/w\/wp-content\/uploads\/2021\/04\/Alvaredo-768x608.jpeg 768w\" sizes=\"(max-width: 1115px) 100vw, 1115px\" \/><\/figure>\n\n\n\n<p>El \u00faltimo partido del \u201cfantasma\u201d por competencias ABCC fue el pasado 2 de diciembre de 2019, en el tercer juego de la serie de semifinales del Torneo Oficial, donde cay\u00f3 con San Mart\u00edn por 96 a 95.<\/p>\n\n\n\n<p>Por otro lado, remont\u00e1ndose a la Copa Palacio, Regatas Corrientes jug\u00f3 su \u00faltimo partido el pasado 19 de junio de 2019, cuando le gan\u00f3 al Club C\u00f3rdoba 75 a 58. En ese mismo torneo fue el \u00faltimo cruce con H\u00e9rcules, ya que en aquella temporada jug\u00f3 en la Categor\u00eda B del Torneo Oficial. Aquella oportunidad fue victoria para el \u201cremero\u201d por 78 a 64.<\/p>\n\n\n\n<p>El elenco \u201cfantasma\u201d estar\u00e1 dirigido por <strong>Fernando Calvi <\/strong>y contar\u00e1 pr\u00e1cticamente con el mismo plantel que disputa el Torneo Federal de B\u00e1squetbol. A los juveniles y U23 se le sumar\u00e1n los mayores <strong>Gast\u00f3n Turraca <\/strong>y <strong>Franco Zalazar<\/strong>.<\/p>\n\n\n\n<p><strong>El lunes arrancan las formativas<\/strong><\/p>\n\n\n\n<p>A la par de la Primera Divisi\u00f3n, tambi\u00e9n dar\u00e1n inicio los torneos de divisiones formativas de la ABCC, en los cuales el \u201cremero\u201d presentar\u00e1 entre 2 y 3 equipos en cada categor\u00eda.<\/p>\n\n\n\n<p>La tira completa de Regatas A, de U15 a U19, debutar\u00e1 el lunes 3 de mayo enfrent\u00e1ndose a H\u00e9rcules B. U15 y U19 jugar\u00e1n por la ma\u00f1ana, a las 9 y a las 11 horas en el \u201cEstadio de los Sue\u00f1os\u201d, mientras que el U17 lo har\u00e1 por la tarde, a las 17 horas en cancha de H\u00e9rcules.&nbsp;&nbsp;<\/p>\n\n\n\n<p>Por su parte, Regatas B jugar\u00e1 el s\u00e1bado 1 de mayo en cancha de H\u00e9rcules frente al local en su rama A. U15 y U19 lo har\u00e1n desde las 9 y las 11 respectivamente, mientras que U17 jugar\u00e1 a las 20:30.<\/p>\n\n\n\n<p>Por \u00faltimo, Regatas C, que presenta equipos en U15 y U17, estar\u00e1 debutando en la competencia contra Escuela Don Bosco el lunes en el Jos\u00e9 Jorge Contte a las 19:30 y 21 horas respectivamente.<\/p>\n\n\n\n<p><strong>La fecha completa<\/strong><\/p>\n\n\n\n<p><strong>Primera Divisi\u00f3n: Viernes 30 de abril<\/strong><\/p>\n\n\n\n<p>Estadio Mariano A. Igarz\u00e1bal:<\/p>\n\n\n\n<p><strong>21.00 hs.<\/strong> Pinguinos vs. C\u00f3rdoba (TV).<\/p>\n\n\n\n<p><strong>22.45 hs.<\/strong> Colon vs. Sportivo<\/p>\n\n\n\n<p>Estadio Mart\u00edn A. Brisco<\/p>\n\n\n\n<p><strong>21.00 hs<\/strong>. Juventus vs. Malvinas 1536 Viviendas<\/p>\n\n\n\n<p><strong>22.45 hs<\/strong>. Alvear vs. H\u00e9rcules \u201cBlanco\u201d<\/p>\n\n\n\n<p>Estadio Jose J. Contte<\/p>\n\n\n\n<p><strong>21.00 hs<\/strong>. El Tala vs. San Mart\u00edn<\/p>\n\n\n\n<p><strong>22.45 hs<\/strong>. Regatas vs. H\u00e9rcules \u201cAzul\u201d<\/p>\n\n\n\n<p><strong>Formativas: S\u00e1bado 1 de mayo<\/strong><\/p>\n\n\n\n<p>Estadio Rafael Ca\u00f1ete:<\/p>\n\n\n\n<p><strong>09.00 hs. <\/strong>U15 Regatas B vs H\u00e9rcules A<\/p>\n\n\n\n<p><strong>11.00 hs. <\/strong>U19 Regatas B vs H\u00e9rcules A<\/p>\n\n\n\n<p><strong>20:30 hs. <\/strong>U17 Regatas B vs H\u00e9rcules A<\/p>\n\n\n\n<p><strong>Formativas: Lunes 3 de mayo<\/strong><\/p>\n\n\n\n<p>Estadio Jos\u00e9 Jorge Contte<\/p>\n\n\n\n<p><strong>09.00 hs. <\/strong>U15 Regatas A vs H\u00e9rcules B<\/p>\n\n\n\n<p><strong>11.00 hs. <\/strong>U19 Regatas A vs H\u00e9rcules B<\/p>\n\n\n\n<p><strong>19:30 hs. <\/strong>U15 Regatas C vs Don Bosco<\/p>\n\n\n\n<p><strong>21.00 hs. <\/strong>U17 Regatas C vs Don Bosco<\/p>\n\n\n\n<p>Estadio Rafael Ca\u00f1ete<\/p>\n\n\n\n<p><strong>17.00 hs <\/strong>U17 Regatas A vs H\u00e9rcules B<\/p>\n","protected":false},"excerpt":{"rendered":"<p>(Jueves 29 de abril de 2021). Regatas Corrientes estar\u00e1 empezando su recorrido en la nueva temporada de la Copa Palacio frente a H\u00e9rcules \u201cAzul\u201d. El viernes en el Jos\u00e9 Jorge Contte a segunda hora, 22:30 aproximadamente, el Club de Regatas Corrientes estar\u00e1 debutando frente a H\u00e9rcules \u201cAzul\u201d en la edici\u00f3n 2021 de la Copa Palacio &hellip;<\/p>\n","protected":false},"author":1,"featured_media":28972,"comment_status":"closed","ping_status":"closed","sticky":false,"template":"","format":"standard","meta":{"footnotes":""},"categories":[80,156],"tags":[],"_links":{"self":[{"href":"https:\/\/crc.org.ar\/w\/wp-json\/wp\/v2\/posts\/28971"}],"collection":[{"href":"https:\/\/crc.org.ar\/w\/wp-json\/wp\/v2\/posts"}],"about":[{"href":"https:\/\/crc.org.ar\/w\/wp-json\/wp\/v2\/types\/post"}],"author":[{"embeddable":true,"href":"https:\/\/crc.org.ar\/w\/wp-json\/wp\/v2\/users\/1"}],"replies":[{"embeddable":true,"href":"https:\/\/crc.org.ar\/w\/wp-json\/wp\/v2\/comments?post=28971"}],"version-history":[{"count":1,"href":"https:\/\/crc.org.ar\/w\/wp-json\/wp\/v2\/posts\/28971\/revisions"}],"predecessor-version":[{"id":28973,"href":"https:\/\/crc.org.ar\/w\/wp-json\/wp\/v2\/posts\/28971\/revisions\/28973"}],"wp:featuredmedia":[{"embeddable":true,"href":"https:\/\/crc.org.ar\/w\/wp-json\/wp\/v2\/media\/28972"}],"wp:attachment":[{"href":"https:\/\/crc.org.ar\/w\/wp-json\/wp\/v2\/media?parent=28971"}],"wp:term":[{"taxonomy":"category","embeddable":true,"href":"https:\/\/crc.org.ar\/w\/wp-json\/wp\/v2\/categories?post=28971"},{"taxonomy":"post_tag","embeddable":true,"href":"https:\/\/crc.org.ar\/w\/wp-json\/wp\/v2\/tags?post=28971"}],"curies":[{"name":"wp","href":"https:\/\/api.w.org\/{rel}","templated":true}]}}