{"id":29004,"date":"2021-05-06T22:00:10","date_gmt":"2021-05-07T01:00:10","guid":{"rendered":"https:\/\/crc.org.ar\/w\/?p=29004"},"modified":"2021-05-08T13:35:13","modified_gmt":"2021-05-08T16:35:13","slug":"vuelve-el-clasico-del-parque-mitre","status":"publish","type":"post","link":"https:\/\/crc.org.ar\/w\/vuelve-el-clasico-del-parque-mitre\/","title":{"rendered":"Vuelve el cl\u00e1sico del Parque Mitre"},"content":{"rendered":"\n<p>(Jueves 6 de mayo de 2021). Regatas Corrientes y Alvear se enfrentar\u00e1n por la segunda fecha de la Copa Palacio, reeditando una nueva edici\u00f3n de este cl\u00e1sico de barrio.<\/p>\n\n\n\n<!--more-->\n\n\n\n<p>El viernes por la noche a segunda hora, 22:45, en el estadio Mart\u00edn A. Brisco el Club de Regatas Corrientes estar\u00e1 visitando al Club Atl\u00e9tico Alvear por la 2\u00b0 fecha de la Copa Palacio de la Asociaci\u00f3n de B\u00e1squet de la Ciudad de Corrientes.<\/p>\n\n\n\n<p>El \u201cfantasma\u201d y el conjunto del barrio Aldana estar\u00e1n reviviendo uno de los cl\u00e1sicos m\u00e1s apasionantes de la ciudad, el cl\u00e1sico del parque Mitre, que vuelve al ruedo tras m\u00e1s de 1 a\u00f1o de ausencia.<\/p>\n\n\n\n<figure class=\"wp-block-image size-large\"><img loading=\"lazy\" decoding=\"async\" width=\"800\" height=\"534\" src=\"https:\/\/crc.org.ar\/w\/wp-content\/uploads\/2021\/05\/TFB-EQUIPO-1.jpg\" alt=\"\" class=\"wp-image-29005\" srcset=\"https:\/\/crc.org.ar\/w\/wp-content\/uploads\/2021\/05\/TFB-EQUIPO-1.jpg 800w, https:\/\/crc.org.ar\/w\/wp-content\/uploads\/2021\/05\/TFB-EQUIPO-1-300x200.jpg 300w, https:\/\/crc.org.ar\/w\/wp-content\/uploads\/2021\/05\/TFB-EQUIPO-1-768x513.jpg 768w\" sizes=\"(max-width: 800px) 100vw, 800px\" \/><figcaption>????????????????????????????????????<\/figcaption><\/figure>\n\n\n\n<p>Ambos equipos vienen de ganar en la primera jornada. El \u201cremero\u201d lo hizo frente a H\u00e9rcules A por 80 a 64, mientras que el \u201calbiceleste\u201d venci\u00f3 a H\u00e9rcules B por 77 a 51.<\/p>\n\n\n\n<p>A primera hora en el estadio de Alvear, se estar\u00e1n midiendo Sportivo y Juventus, por lo que el duelo arrancar\u00eda una vez terminado dicho encuentro, aproximadamente a las 22:45.<\/p>\n\n\n\n<p>El \u00faltimo antecedente entre ambos data del viernes 15 de noviembre de 2019, por la \u00faltima fecha del Torneo Oficial de la ABCC. En aquella oportunidad el ganador fue el elenco del barrio Aldana por 67 a 60.<\/p>\n\n\n\n<p>De aquel encuentro, Regatas repetir\u00e1 por lo menos 5 jugadores en esta oportunidad, aunque algunos muchos m\u00e1s maduros que en aquel choque. Adem\u00e1s, en ese duelo el entrenador de Alvear era <strong>Diego Checenelli<\/strong>, quien ahora estar\u00e1 en la banca \u201cfantasma\u201d como ayudante de <strong>Fernando Calvi.<\/strong><\/p>\n\n\n\n<p>Tambi\u00e9n en el 2019, pero el 9 de abril, Regatas Corrientes cay\u00f3 tambi\u00e9n con Alvear por 73 a 63 en lo que fue el \u00faltimo antecedente por Copa Palacio.<\/p>\n\n\n\n<p><strong>Programaci\u00f3n:<\/strong><\/p>\n\n\n\n<p>2\u00aa fecha<\/p>\n\n\n\n<p>Jueves 6 de mayo<\/p>\n\n\n\n<p>Estadio Ra\u00fal&nbsp; A. Ortiz \u2013 Club San Mart\u00edn<\/p>\n\n\n\n<p>22.00 hs. San Mart\u00edn vs. Col\u00f3n (TV)<\/p>\n\n\n\n<p>Viernes 7 de mayo<\/p>\n\n\n\n<p>Estadio Santiago Sim\u00f3n \u2013 Club 1536 Viviendas<\/p>\n\n\n\n<p>21.00 hs. H\u00e9rcules \u201cBlanco\u201d vs. C\u00f3rdoba<\/p>\n\n\n\n<p>22.45 hs. 1536 Viviendas vs. Ping\u00fcinos<\/p>\n\n\n\n<p>Estadio Rafael Ca\u00f1ete \u2013 Club H\u00e9rcules<\/p>\n\n\n\n<p>21.15 hs. H\u00e9rcules \u201cAzul\u201d vs. El Tala (TV)<\/p>\n\n\n\n<p>Estadio Mart\u00edn A. Brisco \u2013 Club Alvear<\/p>\n\n\n\n<p>21.00 hs. Sportivo vs. Juventus<\/p>\n\n\n\n<p>22.45 hs. Alvear vs. Regatas<\/p>\n","protected":false},"excerpt":{"rendered":"<p>(Jueves 6 de mayo de 2021). Regatas Corrientes y Alvear se enfrentar\u00e1n por la segunda fecha de la Copa Palacio, reeditando una nueva edici\u00f3n de este cl\u00e1sico de barrio. El viernes por la noche a segunda hora, 22:45, en el estadio Mart\u00edn A. Brisco el Club de Regatas Corrientes estar\u00e1 visitando al Club Atl\u00e9tico Alvear &hellip;<\/p>\n","protected":false},"author":1,"featured_media":29005,"comment_status":"closed","ping_status":"closed","sticky":false,"template":"","format":"standard","meta":{"footnotes":""},"categories":[80],"tags":[],"_links":{"self":[{"href":"https:\/\/crc.org.ar\/w\/wp-json\/wp\/v2\/posts\/29004"}],"collection":[{"href":"https:\/\/crc.org.ar\/w\/wp-json\/wp\/v2\/posts"}],"about":[{"href":"https:\/\/crc.org.ar\/w\/wp-json\/wp\/v2\/types\/post"}],"author":[{"embeddable":true,"href":"https:\/\/crc.org.ar\/w\/wp-json\/wp\/v2\/users\/1"}],"replies":[{"embeddable":true,"href":"https:\/\/crc.org.ar\/w\/wp-json\/wp\/v2\/comments?post=29004"}],"version-history":[{"count":1,"href":"https:\/\/crc.org.ar\/w\/wp-json\/wp\/v2\/posts\/29004\/revisions"}],"predecessor-version":[{"id":29006,"href":"https:\/\/crc.org.ar\/w\/wp-json\/wp\/v2\/posts\/29004\/revisions\/29006"}],"wp:featuredmedia":[{"embeddable":true,"href":"https:\/\/crc.org.ar\/w\/wp-json\/wp\/v2\/media\/29005"}],"wp:attachment":[{"href":"https:\/\/crc.org.ar\/w\/wp-json\/wp\/v2\/media?parent=29004"}],"wp:term":[{"taxonomy":"category","embeddable":true,"href":"https:\/\/crc.org.ar\/w\/wp-json\/wp\/v2\/categories?post=29004"},{"taxonomy":"post_tag","embeddable":true,"href":"https:\/\/crc.org.ar\/w\/wp-json\/wp\/v2\/tags?post=29004"}],"curies":[{"name":"wp","href":"https:\/\/api.w.org\/{rel}","templated":true}]}}