{"id":29029,"date":"2021-05-11T20:00:00","date_gmt":"2021-05-11T23:00:00","guid":{"rendered":"https:\/\/crc.org.ar\/w\/?p=29029"},"modified":"2021-05-11T20:59:28","modified_gmt":"2021-05-11T23:59:28","slug":"regatas-cierra-su-participacion-en-resistencia","status":"publish","type":"post","link":"https:\/\/crc.org.ar\/w\/regatas-cierra-su-participacion-en-resistencia\/","title":{"rendered":"Regatas cierra su participaci\u00f3n en Resistencia"},"content":{"rendered":"\n<p>(Martes 11 de mayo de 2021). Este mi\u00e9rcoles, desde las 21 horas, Regatas Corrientes visitar\u00e1 a su hom\u00f3nimo en lo que marcar\u00e1 su \u00faltimo compromiso del Torneo Federal.<\/p>\n\n\n\n<!--more-->\n\n\n\n<p>El Club de Regatas Corrientes estar\u00e1 visitando a su par de Resistencia por la 14\u00b0 fecha&nbsp; Zona NEA del Torneo Federal de B\u00e1squetbol. Ser\u00e1 este mi\u00e9rcoles a las 21 horas en el estadio ubicado en Avenida Avalos al 1081.<\/p>\n\n\n\n<p>El duelo que ser\u00e1 transmitido en vivo por la se\u00f1al de streaming a trav\u00e9s del canal de YouTube de la CAB, tendr\u00e1 como Comisionado T\u00e9cnico a <strong>Daniela Kessler<\/strong>, y como jueces a <strong>Lucas Tevez<\/strong> y <strong>Gonzalo Michilin<\/strong>.<\/p>\n\n\n\n<figure class=\"wp-block-image size-large\"><img loading=\"lazy\" decoding=\"async\" width=\"800\" height=\"534\" src=\"https:\/\/crc.org.ar\/w\/wp-content\/uploads\/2021\/05\/DSC_0108.jpg\" alt=\"\" class=\"wp-image-29030\" srcset=\"https:\/\/crc.org.ar\/w\/wp-content\/uploads\/2021\/05\/DSC_0108.jpg 800w, https:\/\/crc.org.ar\/w\/wp-content\/uploads\/2021\/05\/DSC_0108-300x200.jpg 300w, https:\/\/crc.org.ar\/w\/wp-content\/uploads\/2021\/05\/DSC_0108-768x513.jpg 768w\" sizes=\"(max-width: 800px) 100vw, 800px\" \/><\/figure>\n\n\n\n<p>Con este encuentro, ambos equipos estar\u00e1n cerrando su participaci\u00f3n en el Torneo Federal de Basquetbol, ya que los clasificados a la siguiente ronda est\u00e1ndefinidos.<\/p>\n\n\n\n<p>El conjunto dirigido por <strong>Fernando Calvi<\/strong> llega con un record de 3 ganados y 8 derrotas. En su \u00faltima presentaci\u00f3n en casa cay\u00f3 ante Tokio de Posadas por 74-66.<\/p>\n\n\n\n<p>Respecto a ese \u00faltimo compromiso el entrenador del \u201cFantasma\u201d opin\u00f3: \u201cveo que mejoran todo el tiempo, los niveles individuales de los chicos est\u00e1n creciendo, as\u00ed que de ese lado estoy muy tranquilo\u201d.&nbsp;<\/p>\n\n\n\n<p>Los de Resistencia, por su parte, acumulan el mismo record: 3 triunfos y 8 ca\u00eddas. Vienen de caer en el cl\u00e1sico ante Sarmiento por 90-62.<\/p>\n\n\n\n<p><br>El antecedente entre ambos, nos remonta al mes de abril, donde por la fecha 7, Regatas Corrientes se impuso como local por 73 a 69, con la gran actuaci\u00f3n de <strong>Joaqu\u00edn Marc\u00f3n<\/strong>, autor de 21 puntos.<\/p>\n","protected":false},"excerpt":{"rendered":"<p>(Martes 11 de mayo de 2021). Este mi\u00e9rcoles, desde las 21 horas, Regatas Corrientes visitar\u00e1 a su hom\u00f3nimo en lo que marcar\u00e1 su \u00faltimo compromiso del Torneo Federal. El Club de Regatas Corrientes estar\u00e1 visitando a su par de Resistencia por la 14\u00b0 fecha&nbsp; Zona NEA del Torneo Federal de B\u00e1squetbol. Ser\u00e1 este mi\u00e9rcoles a &hellip;<\/p>\n","protected":false},"author":1,"featured_media":29030,"comment_status":"closed","ping_status":"closed","sticky":false,"template":"","format":"standard","meta":{"footnotes":""},"categories":[112,156],"tags":[],"_links":{"self":[{"href":"https:\/\/crc.org.ar\/w\/wp-json\/wp\/v2\/posts\/29029"}],"collection":[{"href":"https:\/\/crc.org.ar\/w\/wp-json\/wp\/v2\/posts"}],"about":[{"href":"https:\/\/crc.org.ar\/w\/wp-json\/wp\/v2\/types\/post"}],"author":[{"embeddable":true,"href":"https:\/\/crc.org.ar\/w\/wp-json\/wp\/v2\/users\/1"}],"replies":[{"embeddable":true,"href":"https:\/\/crc.org.ar\/w\/wp-json\/wp\/v2\/comments?post=29029"}],"version-history":[{"count":1,"href":"https:\/\/crc.org.ar\/w\/wp-json\/wp\/v2\/posts\/29029\/revisions"}],"predecessor-version":[{"id":29031,"href":"https:\/\/crc.org.ar\/w\/wp-json\/wp\/v2\/posts\/29029\/revisions\/29031"}],"wp:featuredmedia":[{"embeddable":true,"href":"https:\/\/crc.org.ar\/w\/wp-json\/wp\/v2\/media\/29030"}],"wp:attachment":[{"href":"https:\/\/crc.org.ar\/w\/wp-json\/wp\/v2\/media?parent=29029"}],"wp:term":[{"taxonomy":"category","embeddable":true,"href":"https:\/\/crc.org.ar\/w\/wp-json\/wp\/v2\/categories?post=29029"},{"taxonomy":"post_tag","embeddable":true,"href":"https:\/\/crc.org.ar\/w\/wp-json\/wp\/v2\/tags?post=29029"}],"curies":[{"name":"wp","href":"https:\/\/api.w.org\/{rel}","templated":true}]}}