{"id":29230,"date":"2021-07-20T20:40:12","date_gmt":"2021-07-20T23:40:12","guid":{"rendered":"https:\/\/crc.org.ar\/w\/?p=29230"},"modified":"2021-07-20T20:50:35","modified_gmt":"2021-07-20T23:50:35","slug":"el-idolo-eterno-sigue-en-regatas","status":"publish","type":"post","link":"https:\/\/crc.org.ar\/w\/el-idolo-eterno-sigue-en-regatas\/","title":{"rendered":"El \u00eddolo eterno sigue en Regatas"},"content":{"rendered":"\n<p>(Martes 20 de julio de 2021). Paolo Quinteros, el \u00eddolo eterno, jugar\u00e1 su und\u00e9cima temporada consecutiva en Regatas Corrientes. La dirigencia correntina lleg\u00f3 a un acuerdo para que el colonense escriba un cap\u00edtulo m\u00e1s a su larga historia con el \u201cFantasma\u201d.<\/p>\n\n\n\n<!--more-->\n\n\n\n<p>La dirigencia del Club de Regatas Corrientes anuncia la renovaci\u00f3n de Paolo Quinteros, quien de esta manera disputar\u00e1 su und\u00e9cima temporada consecutiva en el Parque Mitre. Se trata del \u00eddolo inoxidable que tiene la instituci\u00f3n, que con 42 a\u00f1os buscar\u00e1 aportar toda su jerarqu\u00eda y su experiencia al plantel.<\/p>\n\n\n\n<figure class=\"wp-block-image size-large\"><img loading=\"lazy\" decoding=\"async\" width=\"1280\" height=\"948\" src=\"https:\/\/crc.org.ar\/w\/wp-content\/uploads\/2021\/07\/QUINTEROS.jpeg\" alt=\"\" class=\"wp-image-29231\" srcset=\"https:\/\/crc.org.ar\/w\/wp-content\/uploads\/2021\/07\/QUINTEROS.jpeg 1280w, https:\/\/crc.org.ar\/w\/wp-content\/uploads\/2021\/07\/QUINTEROS-300x222.jpeg 300w, https:\/\/crc.org.ar\/w\/wp-content\/uploads\/2021\/07\/QUINTEROS-768x569.jpeg 768w\" sizes=\"(max-width: 1280px) 100vw, 1280px\" \/><\/figure>\n\n\n\n<p>Se trata nada m\u00e1s y nada menos que del jugador franquicia, m\u00e1ximo goleador hist\u00f3rico, jugador con m\u00e1s presencias en la Liga Nacional, m\u00e1ximo asistidor, entre otros r\u00e9cords en su haber dentro del \u201cremero\u201d.<\/p>\n\n\n\n<p>El entrerriano, que naci\u00f3 un 15 de enero de 1979 en Col\u00f3n, viene de jugar 32 partidos en la temporada anterior, con 6.6 puntos y 1.7 asistencias, en 14.7 minutos en cancha, siempre de promedio.<\/p>\n\n\n\n<p>Quinteros, que arrib\u00f3 a la instituci\u00f3n en la temporada 2011-12, r\u00e1pidamente mostr\u00f3 su jerarqu\u00eda llevando al \u201cRemero\u201d a una semifinal y a dos finales en sus primeras tres temporadas.<\/p>\n\n\n\n<p>Fue part\u00edcipe de la triple corona (Liga Nacional 2012\/13, S\u00faper 8 2012 y Liga Sudamericana 2012) y medalla de bronce en la Liga de las Am\u00e9ricas 2018. Adem\u00e1s, vistiendo los colores de Regatas, fue MVP de la LNB y tambi\u00e9n de las finales, lo mismo que en el S\u00faper 8 y LSB. Asimismo, integr\u00f3 el quinteto ideal (2012-13 y 2013-2014).<\/p>\n\n\n\n<p>Con esta noticia, nuevamente Regatas afirma sus intenciones de ir por lo m\u00e1s alto con la renovaci\u00f3n de su emblema, quien aportar\u00e1 todas sus armas para el conjunto dirigido por Gabriel Piccato.<\/p>\n\n\n\n<p>El gran capit\u00e1n se suma as\u00ed a la continuidad de Agust\u00edn C\u00e1ffaro, Mart\u00edn Fern\u00e1ndez, Xavier Carreras y Juan Pablo Arengo. Adem\u00e1s de la llegada de Skyler Hogan, y la plantilla de juveniles.<\/p>\n","protected":false},"excerpt":{"rendered":"<p>(Martes 20 de julio de 2021). Paolo Quinteros, el \u00eddolo eterno, jugar\u00e1 su und\u00e9cima temporada consecutiva en Regatas Corrientes. La dirigencia correntina lleg\u00f3 a un acuerdo para que el colonense escriba un cap\u00edtulo m\u00e1s a su larga historia con el \u201cFantasma\u201d. La dirigencia del Club de Regatas Corrientes anuncia la renovaci\u00f3n de Paolo Quinteros, quien &hellip;<\/p>\n","protected":false},"author":1,"featured_media":29231,"comment_status":"closed","ping_status":"closed","sticky":false,"template":"","format":"standard","meta":{"footnotes":""},"categories":[156,177],"tags":[],"_links":{"self":[{"href":"https:\/\/crc.org.ar\/w\/wp-json\/wp\/v2\/posts\/29230"}],"collection":[{"href":"https:\/\/crc.org.ar\/w\/wp-json\/wp\/v2\/posts"}],"about":[{"href":"https:\/\/crc.org.ar\/w\/wp-json\/wp\/v2\/types\/post"}],"author":[{"embeddable":true,"href":"https:\/\/crc.org.ar\/w\/wp-json\/wp\/v2\/users\/1"}],"replies":[{"embeddable":true,"href":"https:\/\/crc.org.ar\/w\/wp-json\/wp\/v2\/comments?post=29230"}],"version-history":[{"count":1,"href":"https:\/\/crc.org.ar\/w\/wp-json\/wp\/v2\/posts\/29230\/revisions"}],"predecessor-version":[{"id":29232,"href":"https:\/\/crc.org.ar\/w\/wp-json\/wp\/v2\/posts\/29230\/revisions\/29232"}],"wp:featuredmedia":[{"embeddable":true,"href":"https:\/\/crc.org.ar\/w\/wp-json\/wp\/v2\/media\/29231"}],"wp:attachment":[{"href":"https:\/\/crc.org.ar\/w\/wp-json\/wp\/v2\/media?parent=29230"}],"wp:term":[{"taxonomy":"category","embeddable":true,"href":"https:\/\/crc.org.ar\/w\/wp-json\/wp\/v2\/categories?post=29230"},{"taxonomy":"post_tag","embeddable":true,"href":"https:\/\/crc.org.ar\/w\/wp-json\/wp\/v2\/tags?post=29230"}],"curies":[{"name":"wp","href":"https:\/\/api.w.org\/{rel}","templated":true}]}}