{"id":29238,"date":"2021-07-24T12:15:46","date_gmt":"2021-07-24T15:15:46","guid":{"rendered":"https:\/\/crc.org.ar\/w\/?p=29238"},"modified":"2021-07-24T12:19:12","modified_gmt":"2021-07-24T15:19:12","slug":"crece-el-minibasquet-mixto-en-regatas","status":"publish","type":"post","link":"https:\/\/crc.org.ar\/w\/crece-el-minibasquet-mixto-en-regatas\/","title":{"rendered":"Crece el minib\u00e1squet mixto en Regatas"},"content":{"rendered":"\n<p>(s\u00e1bado 24 de julio). Cada vez son m\u00e1s las ni\u00f1as que se suman al basquet formativo en el Club de Regatas Corrientes.<\/p>\n\n\n\n<!--more-->\n\n\n\n<p>Este viernes se vivi\u00f3 una gran jornada de entrenamiento, todas con su indumentaria para cerrar la segunda semana tras la reanudaci\u00f3n de los entrenamientos, esperando con ansias el regreso de los encuentros de mini.<\/p>\n\n\n\n<p>El minib\u00e1squetbol mixto en el Club de Regatas Corrientes sigue creciendo notablemente, cada vez son m\u00e1s las ni\u00f1as que eligen entrenar y jugar en el \u2018Fantasma\u2019. Desde la categor\u00eda pa\u00f1ales hasta el mini, podemos verlas disfrutar de este maravilloso deporte.<\/p>\n\n\n\n<p>La nueva era de Regatas, que comenz\u00f3 en febrero de 2020 con el inicio del minib\u00e1squetbol mixto, quiz\u00e1s se vio un poco doblegada con la pandemia. Sin embargo, desde que se habilitaron nuevamente los entrenamientos, las chicas y chicos asisten sin falta al Jos\u00e9 Jorge Contte.<\/p>\n\n\n\n<figure class=\"wp-block-gallery columns-4 is-cropped wp-block-gallery-1 is-layout-flex wp-block-gallery-is-layout-flex\"><ul class=\"blocks-gallery-grid\"><li class=\"blocks-gallery-item\"><figure><a href=\"https:\/\/crc.org.ar\/w\/wp-content\/uploads\/2021\/07\/mini1.jpg\"><img loading=\"lazy\" decoding=\"async\" width=\"662\" height=\"600\" src=\"https:\/\/crc.org.ar\/w\/wp-content\/uploads\/2021\/07\/mini1.jpg\" alt=\"\" data-id=\"29239\" data-full-url=\"https:\/\/crc.org.ar\/w\/wp-content\/uploads\/2021\/07\/mini1.jpg\" data-link=\"https:\/\/crc.org.ar\/w\/?attachment_id=29239\" class=\"wp-image-29239\" srcset=\"https:\/\/crc.org.ar\/w\/wp-content\/uploads\/2021\/07\/mini1.jpg 662w, https:\/\/crc.org.ar\/w\/wp-content\/uploads\/2021\/07\/mini1-300x272.jpg 300w\" sizes=\"(max-width: 662px) 100vw, 662px\" \/><\/a><\/figure><\/li><li class=\"blocks-gallery-item\"><figure><a href=\"https:\/\/crc.org.ar\/w\/wp-content\/uploads\/2021\/07\/mini2.jpg\"><img loading=\"lazy\" decoding=\"async\" width=\"613\" height=\"600\" src=\"https:\/\/crc.org.ar\/w\/wp-content\/uploads\/2021\/07\/mini2.jpg\" alt=\"\" data-id=\"29240\" data-full-url=\"https:\/\/crc.org.ar\/w\/wp-content\/uploads\/2021\/07\/mini2.jpg\" data-link=\"https:\/\/crc.org.ar\/w\/?attachment_id=29240\" class=\"wp-image-29240\" srcset=\"https:\/\/crc.org.ar\/w\/wp-content\/uploads\/2021\/07\/mini2.jpg 613w, https:\/\/crc.org.ar\/w\/wp-content\/uploads\/2021\/07\/mini2-300x294.jpg 300w\" sizes=\"(max-width: 613px) 100vw, 613px\" \/><\/a><\/figure><\/li><li class=\"blocks-gallery-item\"><figure><a href=\"https:\/\/crc.org.ar\/w\/wp-content\/uploads\/2021\/07\/mini3.jpg\"><img loading=\"lazy\" decoding=\"async\" width=\"665\" height=\"600\" src=\"https:\/\/crc.org.ar\/w\/wp-content\/uploads\/2021\/07\/mini3.jpg\" alt=\"\" data-id=\"29241\" data-full-url=\"https:\/\/crc.org.ar\/w\/wp-content\/uploads\/2021\/07\/mini3.jpg\" data-link=\"https:\/\/crc.org.ar\/w\/?attachment_id=29241\" class=\"wp-image-29241\" srcset=\"https:\/\/crc.org.ar\/w\/wp-content\/uploads\/2021\/07\/mini3.jpg 665w, https:\/\/crc.org.ar\/w\/wp-content\/uploads\/2021\/07\/mini3-300x271.jpg 300w\" sizes=\"(max-width: 665px) 100vw, 665px\" \/><\/a><\/figure><\/li><li class=\"blocks-gallery-item\"><figure><a href=\"https:\/\/crc.org.ar\/w\/wp-content\/uploads\/2021\/07\/mini4.jpg\"><img loading=\"lazy\" decoding=\"async\" width=\"600\" height=\"605\" src=\"https:\/\/crc.org.ar\/w\/wp-content\/uploads\/2021\/07\/mini4.jpg\" alt=\"\" data-id=\"29242\" data-full-url=\"https:\/\/crc.org.ar\/w\/wp-content\/uploads\/2021\/07\/mini4.jpg\" data-link=\"https:\/\/crc.org.ar\/w\/?attachment_id=29242\" class=\"wp-image-29242\" srcset=\"https:\/\/crc.org.ar\/w\/wp-content\/uploads\/2021\/07\/mini4.jpg 600w, https:\/\/crc.org.ar\/w\/wp-content\/uploads\/2021\/07\/mini4-298x300.jpg 298w, https:\/\/crc.org.ar\/w\/wp-content\/uploads\/2021\/07\/mini4-150x150.jpg 150w\" sizes=\"(max-width: 600px) 100vw, 600px\" \/><\/a><\/figure><\/li><li class=\"blocks-gallery-item\"><figure><a href=\"https:\/\/crc.org.ar\/w\/wp-content\/uploads\/2021\/07\/mini5.jpg\"><img loading=\"lazy\" decoding=\"async\" width=\"800\" height=\"534\" src=\"https:\/\/crc.org.ar\/w\/wp-content\/uploads\/2021\/07\/mini5.jpg\" alt=\"\" data-id=\"29243\" data-full-url=\"https:\/\/crc.org.ar\/w\/wp-content\/uploads\/2021\/07\/mini5.jpg\" data-link=\"https:\/\/crc.org.ar\/w\/?attachment_id=29243\" class=\"wp-image-29243\" srcset=\"https:\/\/crc.org.ar\/w\/wp-content\/uploads\/2021\/07\/mini5.jpg 800w, https:\/\/crc.org.ar\/w\/wp-content\/uploads\/2021\/07\/mini5-300x200.jpg 300w, https:\/\/crc.org.ar\/w\/wp-content\/uploads\/2021\/07\/mini5-768x513.jpg 768w\" sizes=\"(max-width: 800px) 100vw, 800px\" \/><\/a><\/figure><\/li><li class=\"blocks-gallery-item\"><figure><a href=\"https:\/\/crc.org.ar\/w\/wp-content\/uploads\/2021\/07\/mini6.jpg\"><img loading=\"lazy\" decoding=\"async\" width=\"800\" height=\"556\" src=\"https:\/\/crc.org.ar\/w\/wp-content\/uploads\/2021\/07\/mini6.jpg\" alt=\"\" data-id=\"29244\" data-full-url=\"https:\/\/crc.org.ar\/w\/wp-content\/uploads\/2021\/07\/mini6.jpg\" data-link=\"https:\/\/crc.org.ar\/w\/?attachment_id=29244\" class=\"wp-image-29244\" srcset=\"https:\/\/crc.org.ar\/w\/wp-content\/uploads\/2021\/07\/mini6.jpg 800w, https:\/\/crc.org.ar\/w\/wp-content\/uploads\/2021\/07\/mini6-300x209.jpg 300w, https:\/\/crc.org.ar\/w\/wp-content\/uploads\/2021\/07\/mini6-768x534.jpg 768w, https:\/\/crc.org.ar\/w\/wp-content\/uploads\/2021\/07\/mini6-110x75.jpg 110w\" sizes=\"(max-width: 800px) 100vw, 800px\" \/><\/a><\/figure><\/li><\/ul><\/figure>\n\n\n\n<p>El viernes se cumplieron dos semanas de que se reactivaron nuevamente los entrenamientos, ya que recordemos que la ciudad se encuentra en Fase 3 y los mismos habian sido suspendidos.<\/p>\n\n\n\n<p>La actividad f\u00edsica es muy importante y sobre todo para los m\u00e1s chicos, quienes no s\u00f3lo desarrollan una pr\u00e1ctica deportiva sino tambi\u00e9n hacen nuevas amistades, comparten y se divierten, porque como reza el lema: \u2018El mini es amistad\u2019.<\/p>\n\n\n\n<p>La oportunidad sirvi\u00f3 para realizar una integraci\u00f3n entre la categor\u00eda premini y mini, donde adem\u00e1s todas las chicas dijeron presentes con su nueva indumentaria. El clima acompa\u00f1\u00f3 y se vivi\u00f3 una gran jornada a puro b\u00e1squetbol.<\/p>\n\n\n\n<p><strong>\u00a1S\u00famate al Fantasma!<\/strong><\/p>\n\n\n\n<p>Recordemos que los entrenamientos siguen con su protocolo sanitario, y la invitaci\u00f3n para que se sumen ni\u00f1os y ni\u00f1as est\u00e1 siempre abierta. Bajo la coordinaci\u00f3n del entrenador <strong>German \u201cChiche\u201d Roldan<\/strong>, los dias y horarios son los siguientes:<\/p>\n\n\n\n<p>Martes y jueves de 15:45 a 16:30 Pa\u00f1ales (de 4 a 6 a\u00f1os); de 16:30 a 17:30 Mosquitos (7 a 8 a\u00f1os).<\/p>\n\n\n\n<p>Lunes, mi\u00e9rcoles y viernes a las 15:30 Premini (9 a 10 a\u00f1os); de 16:30 a 17:30 Minis (11 a 12 a\u00f1os).<\/p>\n","protected":false},"excerpt":{"rendered":"<p>(s\u00e1bado 24 de julio). Cada vez son m\u00e1s las ni\u00f1as que se suman al basquet formativo en el Club de Regatas Corrientes. Este viernes se vivi\u00f3 una gran jornada de entrenamiento, todas con su indumentaria para cerrar la segunda semana tras la reanudaci\u00f3n de los entrenamientos, esperando con ansias el regreso de los encuentros de &hellip;<\/p>\n","protected":false},"author":1,"featured_media":29244,"comment_status":"closed","ping_status":"closed","sticky":false,"template":"","format":"standard","meta":{"footnotes":""},"categories":[71,156],"tags":[],"_links":{"self":[{"href":"https:\/\/crc.org.ar\/w\/wp-json\/wp\/v2\/posts\/29238"}],"collection":[{"href":"https:\/\/crc.org.ar\/w\/wp-json\/wp\/v2\/posts"}],"about":[{"href":"https:\/\/crc.org.ar\/w\/wp-json\/wp\/v2\/types\/post"}],"author":[{"embeddable":true,"href":"https:\/\/crc.org.ar\/w\/wp-json\/wp\/v2\/users\/1"}],"replies":[{"embeddable":true,"href":"https:\/\/crc.org.ar\/w\/wp-json\/wp\/v2\/comments?post=29238"}],"version-history":[{"count":1,"href":"https:\/\/crc.org.ar\/w\/wp-json\/wp\/v2\/posts\/29238\/revisions"}],"predecessor-version":[{"id":29245,"href":"https:\/\/crc.org.ar\/w\/wp-json\/wp\/v2\/posts\/29238\/revisions\/29245"}],"wp:featuredmedia":[{"embeddable":true,"href":"https:\/\/crc.org.ar\/w\/wp-json\/wp\/v2\/media\/29244"}],"wp:attachment":[{"href":"https:\/\/crc.org.ar\/w\/wp-json\/wp\/v2\/media?parent=29238"}],"wp:term":[{"taxonomy":"category","embeddable":true,"href":"https:\/\/crc.org.ar\/w\/wp-json\/wp\/v2\/categories?post=29238"},{"taxonomy":"post_tag","embeddable":true,"href":"https:\/\/crc.org.ar\/w\/wp-json\/wp\/v2\/tags?post=29238"}],"curies":[{"name":"wp","href":"https:\/\/api.w.org\/{rel}","templated":true}]}}