{"id":2931,"date":"2017-06-13T11:27:50","date_gmt":"2017-06-13T14:27:50","guid":{"rendered":"http:\/\/www.crc.org.ar\/w\/?p=2931"},"modified":"2017-06-13T11:27:50","modified_gmt":"2017-06-13T14:27:50","slug":"debut-en-el-provincial-u13-y-victoria-en-el-clasico-frente-a-san-martin","status":"publish","type":"post","link":"https:\/\/crc.org.ar\/w\/debut-en-el-provincial-u13-y-victoria-en-el-clasico-frente-a-san-martin\/","title":{"rendered":"Debut en el Provincial U13 y victoria en el cl\u00e1sico frente a San Mart\u00edn"},"content":{"rendered":"<p>(Martes 13 de junio de 2017). En la primer fecha del grupo \u201cD\u201d de la Liga Provincial de B\u00e1squetbol U13 de la Federaci\u00f3n de B\u00e1squetbol de la Provincia de Corrientes (FBPC), Regatas Corrientes logr\u00f3 un ajustado triunfo en el cl\u00e1sico ante San Mart\u00edn por 78 a 76.<\/p>\n<p><!--more--><\/p>\n<p><img loading=\"lazy\" decoding=\"async\" class=\"alignleft wp-image-2932 size-medium\" src=\"http:\/\/www.crc.org.ar\/w\/wp-content\/uploads\/2017\/06\/U13-CRC-300x205.jpg\" alt=\"\" width=\"300\" height=\"205\" srcset=\"https:\/\/crc.org.ar\/w\/wp-content\/uploads\/2017\/06\/U13-CRC-300x205.jpg 300w, https:\/\/crc.org.ar\/w\/wp-content\/uploads\/2017\/06\/U13-CRC-768x524.jpg 768w, https:\/\/crc.org.ar\/w\/wp-content\/uploads\/2017\/06\/U13-CRC-110x75.jpg 110w, https:\/\/crc.org.ar\/w\/wp-content\/uploads\/2017\/06\/U13-CRC.jpg 953w\" sizes=\"(max-width: 300px) 100vw, 300px\" \/>El partido en l\u00edneas generales fue parejo. Ambos equipos se alternaron en el marcador a lo largo del primer cuarto, Regatas con un poco m\u00e1s del resto se qued\u00f3 con el primer parcial por un ajustado 17 a 19.<\/p>\n<p>En el segundo cuarto, d\u00f3nde ambos planteles tuvieron qu\u00e9 cambiar el quinteto puesto en cancha. Regatas mantuvo su juego y el liderazgo en el tablero 23 a 27, ante un San Mart\u00edn qu\u00e9 no le perd\u00eda pisada. Fue 35 a 39 para el \u201cFantasma\u201d.<\/p>\n<p>Volviendo de la pausa, la paridad volvi\u00f3 a ser el com\u00fan denominador del partido, ninguno de los dos equipos lograron sacar una clara diferencia. Regatas volvi\u00f3 a dominar en el tablero en el cierre de segmento quedando arriba 53 a 58.<\/p>\n<p>En el \u00faltimo cuarto no cambiar\u00eda la t\u00f3nica del partido, \u00e9l cual seguir\u00eda parejo como en el inicio. San Mart\u00edn impuso su juego, pero Regatas manteniendo la ventaja logr\u00f3 cerrar el partido a su manera, no bajando la intensidad en defensa, y teniendo buenas acciones en ataque; qued\u00e1ndose con un ajustado triunfo en el debut del Provincial por 76 a 78.<br \/>\n<strong>\u00a0<\/strong><br \/>\n<strong>LA S\u00cdNTESIS <\/strong><br \/>\n<strong>San Mart\u00edn (76):<\/strong> M. Molina 5, G. Kudynki 5, V. Laenge 2, S. Godoy 5, y\u00a0 T. Zarate 9 (FI); D. Bord\u00f3n 32, F. Oviedo 8,\u00a0 N. Acosta 1, R. Ben\u00edtez 7, G. Barbosa 2, F. Ojeda 0. <strong>DT<\/strong>: Gabriel Revidatti<\/p>\n<p><strong>Regatas Corrientes (78):<\/strong> G. Bernachea 4, I. Ruiz 0, G. Lecca 4, J. Ferreyra 2, N. Acosta 32 (FI); F. Benegui 0, Y. Cabrera 2, B. Marc\u00f3 14, M. G\u00f3mez 16, A. Sujotuzky 0, M, Viilanueva 0, S. Nessier 4. <strong>DT<\/strong>: Germ\u00e1n Rold\u00e1n.<\/p>\n<p><strong>Parciales<\/strong>: 17\/19, 35\/39 (18-20), 53\/58 (18-19), y 76\/78 (23-20).<br \/>\n<strong>Jueces<\/strong>: Leandro Lencina y Guido Estigarribia. <strong>Estadio<\/strong>: Club San Mart\u00edn.<\/p>\n","protected":false},"excerpt":{"rendered":"<p>(Martes 13 de junio de 2017). En la primer fecha del grupo \u201cD\u201d de la Liga Provincial de B\u00e1squetbol U13 de la Federaci\u00f3n de B\u00e1squetbol de la Provincia de Corrientes (FBPC), Regatas Corrientes logr\u00f3 un ajustado triunfo en el cl\u00e1sico ante San Mart\u00edn por 78 a 76. El partido en l\u00edneas generales fue parejo. Ambos &hellip;<\/p>\n","protected":false},"author":1,"featured_media":2932,"comment_status":"closed","ping_status":"open","sticky":false,"template":"","format":"standard","meta":{"footnotes":""},"categories":[66,113],"tags":[],"_links":{"self":[{"href":"https:\/\/crc.org.ar\/w\/wp-json\/wp\/v2\/posts\/2931"}],"collection":[{"href":"https:\/\/crc.org.ar\/w\/wp-json\/wp\/v2\/posts"}],"about":[{"href":"https:\/\/crc.org.ar\/w\/wp-json\/wp\/v2\/types\/post"}],"author":[{"embeddable":true,"href":"https:\/\/crc.org.ar\/w\/wp-json\/wp\/v2\/users\/1"}],"replies":[{"embeddable":true,"href":"https:\/\/crc.org.ar\/w\/wp-json\/wp\/v2\/comments?post=2931"}],"version-history":[{"count":1,"href":"https:\/\/crc.org.ar\/w\/wp-json\/wp\/v2\/posts\/2931\/revisions"}],"predecessor-version":[{"id":2933,"href":"https:\/\/crc.org.ar\/w\/wp-json\/wp\/v2\/posts\/2931\/revisions\/2933"}],"wp:featuredmedia":[{"embeddable":true,"href":"https:\/\/crc.org.ar\/w\/wp-json\/wp\/v2\/media\/2932"}],"wp:attachment":[{"href":"https:\/\/crc.org.ar\/w\/wp-json\/wp\/v2\/media?parent=2931"}],"wp:term":[{"taxonomy":"category","embeddable":true,"href":"https:\/\/crc.org.ar\/w\/wp-json\/wp\/v2\/categories?post=2931"},{"taxonomy":"post_tag","embeddable":true,"href":"https:\/\/crc.org.ar\/w\/wp-json\/wp\/v2\/tags?post=2931"}],"curies":[{"name":"wp","href":"https:\/\/api.w.org\/{rel}","templated":true}]}}