{"id":29350,"date":"2021-08-14T11:49:22","date_gmt":"2021-08-14T14:49:22","guid":{"rendered":"https:\/\/crc.org.ar\/w\/?p=29350"},"modified":"2021-08-14T11:49:24","modified_gmt":"2021-08-14T14:49:24","slug":"remeros-regatenses-rumbo-a-concepcion-del-uruguay","status":"publish","type":"post","link":"https:\/\/crc.org.ar\/w\/remeros-regatenses-rumbo-a-concepcion-del-uruguay\/","title":{"rendered":"Remeros regatenses rumbo a Concepci\u00f3n del Uruguay"},"content":{"rendered":"\n<p>(S\u00e1bado 14 de agosto de 2021). Parte del plantel de remo del Club de Regatas viaj\u00f3 rumbo a Concepci\u00f3n del Uruguay para competir en la regata aniversario del club hom\u00f3nimo de dicha ciudad.<\/p>\n\n\n\n<!--more-->\n\n\n\n<p>Del s\u00e1bado 14 hasta el lunes 16 se llevar\u00e1 a cabo la Regata Especial \u201c117 Aniversario\u201d que estar\u00e1 organizada por el Club de Regatas Uruguay, de Concepci\u00f3n del Uruguay. De la competencia ser\u00e1n parte remeros del Club de Regatas Corrientes.<\/p>\n\n\n\n<div class=\"wp-block-image\"><figure class=\"aligncenter size-full\"><img loading=\"lazy\" decoding=\"async\" width=\"720\" height=\"365\" src=\"https:\/\/crc.org.ar\/w\/wp-content\/uploads\/2021\/08\/Manzotti-Chavez.jpeg\" alt=\"\" class=\"wp-image-29351\" srcset=\"https:\/\/crc.org.ar\/w\/wp-content\/uploads\/2021\/08\/Manzotti-Chavez.jpeg 720w, https:\/\/crc.org.ar\/w\/wp-content\/uploads\/2021\/08\/Manzotti-Chavez-300x152.jpeg 300w\" sizes=\"(max-width: 720px) 100vw, 720px\" \/><\/figure><\/div>\n\n\n\n<p>Nueve son los deportistas del club del parque Mitre que partieron el s\u00e1bado a las 7 de la ma\u00f1ana rumbo a la ciudad entrerriana para disputar esta competencia, la cual ser\u00e1 fiscalizada por la Comisi\u00f3n de Remo Internacional del Litoral (CRIL).<\/p>\n\n\n\n<p>Los atletas correntinos del plantel promocional y oficial que participar\u00e1n son: <strong>Fausto Dom\u00ednguez, Juan Ignacio Leconte, Tom\u00e1s Romero, Gustavo Sotelo, Agostina Manzotti<\/strong>, <strong>Mat\u00edas Leconte y Natalia Ch\u00e1vez. <\/strong>Adem\u00e1s, tambi\u00e9n representar\u00e1n al club los m\u00e1sters: <strong>Diego Vidal y Elizabet Vallejos. &nbsp;<\/strong><\/p>\n\n\n\n<p>Adem\u00e1s de los remeros, quien acompa\u00f1a y dirige a la delegaci\u00f3n es el coordinador de la disciplina, <strong>Harris Gonz\u00e1lez Escobar.<\/strong><\/p>\n\n\n\n<p>Cabe destacar que el \u00faltimo torneo que tuvieron los deportistas regatenses fue hace cuatro meses, cuando viajaron a Carlos Paz para competir en la Regata Oficial 247. Luego, por la situaci\u00f3n sanitaria del pa\u00eds, las competencias tuvieron que ser suspendidas. Por ello, esta es una gran oportunidad para volver al ruedo y probarse frente a remeros de otras provincias.<\/p>\n","protected":false},"excerpt":{"rendered":"<p>(S\u00e1bado 14 de agosto de 2021). Parte del plantel de remo del Club de Regatas viaj\u00f3 rumbo a Concepci\u00f3n del Uruguay para competir en la regata aniversario del club hom\u00f3nimo de dicha ciudad. Del s\u00e1bado 14 hasta el lunes 16 se llevar\u00e1 a cabo la Regata Especial \u201c117 Aniversario\u201d que estar\u00e1 organizada por el Club &hellip;<\/p>\n","protected":false},"author":1,"featured_media":29351,"comment_status":"closed","ping_status":"closed","sticky":false,"template":"","format":"standard","meta":{"footnotes":""},"categories":[156,18],"tags":[],"_links":{"self":[{"href":"https:\/\/crc.org.ar\/w\/wp-json\/wp\/v2\/posts\/29350"}],"collection":[{"href":"https:\/\/crc.org.ar\/w\/wp-json\/wp\/v2\/posts"}],"about":[{"href":"https:\/\/crc.org.ar\/w\/wp-json\/wp\/v2\/types\/post"}],"author":[{"embeddable":true,"href":"https:\/\/crc.org.ar\/w\/wp-json\/wp\/v2\/users\/1"}],"replies":[{"embeddable":true,"href":"https:\/\/crc.org.ar\/w\/wp-json\/wp\/v2\/comments?post=29350"}],"version-history":[{"count":1,"href":"https:\/\/crc.org.ar\/w\/wp-json\/wp\/v2\/posts\/29350\/revisions"}],"predecessor-version":[{"id":29352,"href":"https:\/\/crc.org.ar\/w\/wp-json\/wp\/v2\/posts\/29350\/revisions\/29352"}],"wp:featuredmedia":[{"embeddable":true,"href":"https:\/\/crc.org.ar\/w\/wp-json\/wp\/v2\/media\/29351"}],"wp:attachment":[{"href":"https:\/\/crc.org.ar\/w\/wp-json\/wp\/v2\/media?parent=29350"}],"wp:term":[{"taxonomy":"category","embeddable":true,"href":"https:\/\/crc.org.ar\/w\/wp-json\/wp\/v2\/categories?post=29350"},{"taxonomy":"post_tag","embeddable":true,"href":"https:\/\/crc.org.ar\/w\/wp-json\/wp\/v2\/tags?post=29350"}],"curies":[{"name":"wp","href":"https:\/\/api.w.org\/{rel}","templated":true}]}}