{"id":29367,"date":"2021-08-17T18:04:53","date_gmt":"2021-08-17T21:04:53","guid":{"rendered":"https:\/\/crc.org.ar\/w\/?p=29367"},"modified":"2021-08-17T18:05:35","modified_gmt":"2021-08-17T21:05:35","slug":"gran-participacion-de-los-regatenses-en-concepcion-del-uruguay","status":"publish","type":"post","link":"https:\/\/crc.org.ar\/w\/gran-participacion-de-los-regatenses-en-concepcion-del-uruguay\/","title":{"rendered":"Gran participaci\u00f3n de los regatenses en Concepci\u00f3n del Uruguay"},"content":{"rendered":"\n<p>(Martes 17 de agosto de 2021). Los remeros de Regatas Corrientes estuvieron presentes en la Regata Especial \u201c117\u00b0 aniversario\u201d de su hom\u00f3nimo de Concepci\u00f3n del Uruguay, y se quedaron con muchos podios.<\/p>\n\n\n\n<!--more-->\n\n\n\n<p>El fin de semana pasado se llev\u00f3 a cabo en Concepci\u00f3n del Uruguay, Entre R\u00edos, la Regata Especial \u201c117\u00b0 Aniversario\u201d del Club de Regatas Uruguay, la cual fue fiscalizada por la Comisi\u00f3n de Remo Internacional del Litoral (CRIL), y de la cual participaron los deportistas de Regatas Corrientes.<\/p>\n\n\n\n<p>Las regatas se llevaron a cabo en el balneario Itap\u00e9 de dicha ciudad, y marcaron el regreso a la competencia de los remeros regatenses, que tuvieron su \u00faltima participaci\u00f3n en abril pasado, ya que luego las competencias se pararon por la situaci\u00f3n sanitaria del pa\u00eds.<\/p>\n\n\n\n<figure class=\"wp-block-gallery columns-3 is-cropped wp-block-gallery-1 is-layout-flex wp-block-gallery-is-layout-flex\"><ul class=\"blocks-gallery-grid\"><li class=\"blocks-gallery-item\"><figure><a href=\"https:\/\/crc.org.ar\/w\/wp-content\/uploads\/2021\/08\/Chavez-Manzotti.jpeg\"><img loading=\"lazy\" decoding=\"async\" width=\"1160\" height=\"868\" src=\"https:\/\/crc.org.ar\/w\/wp-content\/uploads\/2021\/08\/Chavez-Manzotti.jpeg\" alt=\"\" data-id=\"29368\" data-full-url=\"https:\/\/crc.org.ar\/w\/wp-content\/uploads\/2021\/08\/Chavez-Manzotti.jpeg\" data-link=\"https:\/\/crc.org.ar\/w\/?attachment_id=29368\" class=\"wp-image-29368\" srcset=\"https:\/\/crc.org.ar\/w\/wp-content\/uploads\/2021\/08\/Chavez-Manzotti.jpeg 1160w, https:\/\/crc.org.ar\/w\/wp-content\/uploads\/2021\/08\/Chavez-Manzotti-300x224.jpeg 300w, https:\/\/crc.org.ar\/w\/wp-content\/uploads\/2021\/08\/Chavez-Manzotti-768x575.jpeg 768w\" sizes=\"(max-width: 1160px) 100vw, 1160px\" \/><\/a><\/figure><\/li><li class=\"blocks-gallery-item\"><figure><a href=\"https:\/\/crc.org.ar\/w\/wp-content\/uploads\/2021\/08\/Manzotti-2.jpeg\"><img loading=\"lazy\" decoding=\"async\" width=\"1197\" height=\"1064\" src=\"https:\/\/crc.org.ar\/w\/wp-content\/uploads\/2021\/08\/Manzotti-2.jpeg\" alt=\"\" data-id=\"29369\" data-full-url=\"https:\/\/crc.org.ar\/w\/wp-content\/uploads\/2021\/08\/Manzotti-2.jpeg\" data-link=\"https:\/\/crc.org.ar\/w\/?attachment_id=29369\" class=\"wp-image-29369\" srcset=\"https:\/\/crc.org.ar\/w\/wp-content\/uploads\/2021\/08\/Manzotti-2.jpeg 1197w, https:\/\/crc.org.ar\/w\/wp-content\/uploads\/2021\/08\/Manzotti-2-300x267.jpeg 300w, https:\/\/crc.org.ar\/w\/wp-content\/uploads\/2021\/08\/Manzotti-2-768x683.jpeg 768w\" sizes=\"(max-width: 1197px) 100vw, 1197px\" \/><\/a><\/figure><\/li><li class=\"blocks-gallery-item\"><figure><a href=\"https:\/\/crc.org.ar\/w\/wp-content\/uploads\/2021\/08\/NAVARRO.jpeg\"><img loading=\"lazy\" decoding=\"async\" width=\"743\" height=\"999\" src=\"https:\/\/crc.org.ar\/w\/wp-content\/uploads\/2021\/08\/NAVARRO.jpeg\" alt=\"\" data-id=\"29370\" data-full-url=\"https:\/\/crc.org.ar\/w\/wp-content\/uploads\/2021\/08\/NAVARRO.jpeg\" data-link=\"https:\/\/crc.org.ar\/w\/?attachment_id=29370\" class=\"wp-image-29370\" srcset=\"https:\/\/crc.org.ar\/w\/wp-content\/uploads\/2021\/08\/NAVARRO.jpeg 743w, https:\/\/crc.org.ar\/w\/wp-content\/uploads\/2021\/08\/NAVARRO-223x300.jpeg 223w\" sizes=\"(max-width: 743px) 100vw, 743px\" \/><\/a><\/figure><\/li><li class=\"blocks-gallery-item\"><figure><a href=\"https:\/\/crc.org.ar\/w\/wp-content\/uploads\/2021\/08\/Plantel-CRC.jpeg\"><img loading=\"lazy\" decoding=\"async\" width=\"1156\" height=\"867\" src=\"https:\/\/crc.org.ar\/w\/wp-content\/uploads\/2021\/08\/Plantel-CRC.jpeg\" alt=\"\" data-id=\"29371\" data-full-url=\"https:\/\/crc.org.ar\/w\/wp-content\/uploads\/2021\/08\/Plantel-CRC.jpeg\" data-link=\"https:\/\/crc.org.ar\/w\/?attachment_id=29371\" class=\"wp-image-29371\" srcset=\"https:\/\/crc.org.ar\/w\/wp-content\/uploads\/2021\/08\/Plantel-CRC.jpeg 1156w, https:\/\/crc.org.ar\/w\/wp-content\/uploads\/2021\/08\/Plantel-CRC-300x225.jpeg 300w, https:\/\/crc.org.ar\/w\/wp-content\/uploads\/2021\/08\/Plantel-CRC-768x576.jpeg 768w\" sizes=\"(max-width: 1156px) 100vw, 1156px\" \/><\/a><\/figure><\/li><\/ul><\/figure>\n\n\n\n<p>Los representantes correntinos fueron cuatro de categor\u00eda oficial y tres de promocional, mientras que las edades fueron variadas, desde sub 16 hasta m\u00e1ster.<\/p>\n\n\n\n<p>Adem\u00e1s, el Club de Regatas Corrientes tuvo en la categor\u00eda libre a atletas del plantel promocional que poseen discapacidad Intelectual. Los mismos \u201cno tuvieron ning\u00fan inconveniente en su competencia, ni en la integraci\u00f3n con el grupo, y hasta se subieron al podio\u201d, remarc\u00f3 el coordinador <strong>Harris Gonz\u00e1lez Escobar<\/strong>.<\/p>\n\n\n\n<p>Adem\u00e1s, en cuanto a resultados, hubo varios podios. Lo m\u00e1s destacado fue lo de <strong>Agostina Manzotti <\/strong>quien se qued\u00f3 con el primer puesto del single sub 23. <strong>Fausto Dom\u00ednguez <\/strong>por su parte, tambi\u00e9n termin\u00f3 con el oro en batea sub 16.<\/p>\n\n\n\n<p><strong>Los resultados<\/strong><\/p>\n\n\n\n<p><strong>Fausto Dom\u00ednguez<\/strong><\/p>\n\n\n\n<p>Batea sub 16. <strong>1\u00b0 puesto<\/strong><\/p>\n\n\n\n<p>Single sub 16. 4\u00b0puesto<\/p>\n\n\n\n<p><strong>Gustavo Sotelo<\/strong><\/p>\n\n\n\n<p>Parcito Libre. <strong>2\u00b0puesto<\/strong><\/p>\n\n\n\n<p><strong>Sebasti\u00e1n Pineda<\/strong><\/p>\n\n\n\n<p>Parcito Libre. 4\u00b0puesto<\/p>\n\n\n\n<p><strong>Agostina Manzotti<\/strong><\/p>\n\n\n\n<p>Single sub23. <strong>1\u00b0puesto WO<\/strong><\/p>\n\n\n\n<p>Doble par Senior. <strong>3\u00b0puesto<\/strong><\/p>\n\n\n\n<p><strong>Natalia Chavez<\/strong><\/p>\n\n\n\n<p>Single senior A. <strong>2\u00b0puesto<\/strong><\/p>\n\n\n\n<p>Doble par Senior. <strong>3\u00b0puesto<\/strong><\/p>\n\n\n\n<p><strong>Tomas Romero<\/strong><\/p>\n\n\n\n<p>Single Junior. 4\u00b0puesto<\/p>\n\n\n\n<p>Doble par sub 23. 4\u00b0puesto<\/p>\n\n\n\n<p><strong>Mat\u00edas Leconte<\/strong><\/p>\n\n\n\n<p>Single sub 23. 4\u00b0puesto<\/p>\n\n\n\n<p>Doble par sub 23. 4\u00b0puesto<\/p>\n\n\n\n<p><strong>Diego Vidal<\/strong><\/p>\n\n\n\n<p>Single Master. <strong>3\u00b0 puesto<\/strong><\/p>\n\n\n\n<p>Doble par mixto Master. 4\u00b0puesto<\/p>\n\n\n\n<p><strong>Elizabet Vallejos<\/strong><\/p>\n\n\n\n<p>Doble par mixto Master. 4\u00b0puesto<\/p>\n","protected":false},"excerpt":{"rendered":"<p>(Martes 17 de agosto de 2021). Los remeros de Regatas Corrientes estuvieron presentes en la Regata Especial \u201c117\u00b0 aniversario\u201d de su hom\u00f3nimo de Concepci\u00f3n del Uruguay, y se quedaron con muchos podios. El fin de semana pasado se llev\u00f3 a cabo en Concepci\u00f3n del Uruguay, Entre R\u00edos, la Regata Especial \u201c117\u00b0 Aniversario\u201d del Club de &hellip;<\/p>\n","protected":false},"author":1,"featured_media":29371,"comment_status":"closed","ping_status":"closed","sticky":false,"template":"","format":"standard","meta":{"footnotes":""},"categories":[156,18],"tags":[],"_links":{"self":[{"href":"https:\/\/crc.org.ar\/w\/wp-json\/wp\/v2\/posts\/29367"}],"collection":[{"href":"https:\/\/crc.org.ar\/w\/wp-json\/wp\/v2\/posts"}],"about":[{"href":"https:\/\/crc.org.ar\/w\/wp-json\/wp\/v2\/types\/post"}],"author":[{"embeddable":true,"href":"https:\/\/crc.org.ar\/w\/wp-json\/wp\/v2\/users\/1"}],"replies":[{"embeddable":true,"href":"https:\/\/crc.org.ar\/w\/wp-json\/wp\/v2\/comments?post=29367"}],"version-history":[{"count":2,"href":"https:\/\/crc.org.ar\/w\/wp-json\/wp\/v2\/posts\/29367\/revisions"}],"predecessor-version":[{"id":29373,"href":"https:\/\/crc.org.ar\/w\/wp-json\/wp\/v2\/posts\/29367\/revisions\/29373"}],"wp:featuredmedia":[{"embeddable":true,"href":"https:\/\/crc.org.ar\/w\/wp-json\/wp\/v2\/media\/29371"}],"wp:attachment":[{"href":"https:\/\/crc.org.ar\/w\/wp-json\/wp\/v2\/media?parent=29367"}],"wp:term":[{"taxonomy":"category","embeddable":true,"href":"https:\/\/crc.org.ar\/w\/wp-json\/wp\/v2\/categories?post=29367"},{"taxonomy":"post_tag","embeddable":true,"href":"https:\/\/crc.org.ar\/w\/wp-json\/wp\/v2\/tags?post=29367"}],"curies":[{"name":"wp","href":"https:\/\/api.w.org\/{rel}","templated":true}]}}