{"id":29400,"date":"2021-08-21T11:56:58","date_gmt":"2021-08-21T14:56:58","guid":{"rendered":"https:\/\/crc.org.ar\/w\/?p=29400"},"modified":"2021-08-21T11:56:59","modified_gmt":"2021-08-21T14:56:59","slug":"regatas-presente-en-una-nueva-edicion-del-metro-en-buenos-aires","status":"publish","type":"post","link":"https:\/\/crc.org.ar\/w\/regatas-presente-en-una-nueva-edicion-del-metro-en-buenos-aires\/","title":{"rendered":"Regatas presente en una nueva edici\u00f3n del Metro en Buenos Aires"},"content":{"rendered":"\n<p>(S\u00e1bado 21 de agosto de 2021). <strong>Franco Cassiet, Lucas Viera y Leonel Gonz\u00e1lez <\/strong>estar\u00e1n participando del Metropolitano 2021 en Buenos Aires de la clase optimist.<\/p>\n\n\n\n<!--more-->\n\n\n\n<p>El s\u00e1bado y domingo se correr\u00e1 en el Club Universitario de Buenos Aires el Metropolitano 2021 de optimist, y all\u00ed estar\u00e1n presentes tres nautas del Club de Regatas Corrientes. El torneo constar\u00e1 de dos fines de semana, 21, 22, 28 y 29 de agosto.<\/p>\n\n\n\n<div class=\"wp-block-image\"><figure class=\"aligncenter size-full\"><img loading=\"lazy\" decoding=\"async\" width=\"1024\" height=\"768\" src=\"https:\/\/crc.org.ar\/w\/wp-content\/uploads\/2021\/08\/Cassiet-Viera-y-Gonzalez.jpeg\" alt=\"\" class=\"wp-image-29401\" srcset=\"https:\/\/crc.org.ar\/w\/wp-content\/uploads\/2021\/08\/Cassiet-Viera-y-Gonzalez.jpeg 1024w, https:\/\/crc.org.ar\/w\/wp-content\/uploads\/2021\/08\/Cassiet-Viera-y-Gonzalez-300x225.jpeg 300w, https:\/\/crc.org.ar\/w\/wp-content\/uploads\/2021\/08\/Cassiet-Viera-y-Gonzalez-768x576.jpeg 768w\" sizes=\"(max-width: 1024px) 100vw, 1024px\" \/><\/figure><\/div>\n\n\n\n<p>Los regatenses que estar\u00e1n en esta nueva edici\u00f3n de uno de los torneos m\u00e1s importantes de la especialidad en el pa\u00eds ser\u00e1n <strong>Franco Cassiet, Lucas Viera y Leonel Gonz\u00e1lez. <\/strong>Los deportistas se encuentran en Capital Federal acompa\u00f1ados del instructor <strong>Ernesto Soto Demonte<\/strong>.<\/p>\n\n\n\n<p>Adem\u00e1s de la competencia en s\u00ed, que estar\u00e1 fiscalizada por la Federaci\u00f3n de Argentina de Yatching, la importancia de la presencia radica en que el certamen ser\u00e1 una de las \u00faltimas instancias del selectivo para el sudamericano. &nbsp;<\/p>\n\n\n\n<p>Para <strong>Gonz\u00e1lez <\/strong>ser\u00e1 la primera experiencia en este tipo de competencias de tan exigente nivel, mientras que <strong>Cassiet y Viera <\/strong>ya tienen m\u00e1s rodaje en \u00e1mbito nacional. Recordemos que ambos estuvieron presentes en febrero en la Semana Internacional del Yatching que se realiza en Mar del Plata.<\/p>\n","protected":false},"excerpt":{"rendered":"<p>(S\u00e1bado 21 de agosto de 2021). Franco Cassiet, Lucas Viera y Leonel Gonz\u00e1lez estar\u00e1n participando del Metropolitano 2021 en Buenos Aires de la clase optimist. El s\u00e1bado y domingo se correr\u00e1 en el Club Universitario de Buenos Aires el Metropolitano 2021 de optimist, y all\u00ed estar\u00e1n presentes tres nautas del Club de Regatas Corrientes. El &hellip;<\/p>\n","protected":false},"author":1,"featured_media":29401,"comment_status":"closed","ping_status":"closed","sticky":false,"template":"","format":"standard","meta":{"footnotes":""},"categories":[107,156],"tags":[],"_links":{"self":[{"href":"https:\/\/crc.org.ar\/w\/wp-json\/wp\/v2\/posts\/29400"}],"collection":[{"href":"https:\/\/crc.org.ar\/w\/wp-json\/wp\/v2\/posts"}],"about":[{"href":"https:\/\/crc.org.ar\/w\/wp-json\/wp\/v2\/types\/post"}],"author":[{"embeddable":true,"href":"https:\/\/crc.org.ar\/w\/wp-json\/wp\/v2\/users\/1"}],"replies":[{"embeddable":true,"href":"https:\/\/crc.org.ar\/w\/wp-json\/wp\/v2\/comments?post=29400"}],"version-history":[{"count":1,"href":"https:\/\/crc.org.ar\/w\/wp-json\/wp\/v2\/posts\/29400\/revisions"}],"predecessor-version":[{"id":29402,"href":"https:\/\/crc.org.ar\/w\/wp-json\/wp\/v2\/posts\/29400\/revisions\/29402"}],"wp:featuredmedia":[{"embeddable":true,"href":"https:\/\/crc.org.ar\/w\/wp-json\/wp\/v2\/media\/29401"}],"wp:attachment":[{"href":"https:\/\/crc.org.ar\/w\/wp-json\/wp\/v2\/media?parent=29400"}],"wp:term":[{"taxonomy":"category","embeddable":true,"href":"https:\/\/crc.org.ar\/w\/wp-json\/wp\/v2\/categories?post=29400"},{"taxonomy":"post_tag","embeddable":true,"href":"https:\/\/crc.org.ar\/w\/wp-json\/wp\/v2\/tags?post=29400"}],"curies":[{"name":"wp","href":"https:\/\/api.w.org\/{rel}","templated":true}]}}