{"id":2951,"date":"2017-06-14T18:03:38","date_gmt":"2017-06-14T21:03:38","guid":{"rendered":"http:\/\/www.crc.org.ar\/w\/?p=2951"},"modified":"2017-06-14T18:08:56","modified_gmt":"2017-06-14T21:08:56","slug":"lisandro-arce-finaliza-su-concentracion-en-rosario","status":"publish","type":"post","link":"https:\/\/crc.org.ar\/w\/lisandro-arce-finaliza-su-concentracion-en-rosario\/","title":{"rendered":"Lisandro Arce finaliza su concentraci\u00f3n en Rosario"},"content":{"rendered":"<p>(Miercoles 14 de junio de 2017). El remero del Club de Regatas Corrientes, Lisandro Arce, finalizar\u00e1 este viernes su concentraci\u00f3n y entrenamiento en Rosario, de cara a la Evaluaci\u00f3n de la Selecci\u00f3n Nacional Junior, cerrada y de car\u00e1cter obligatorio, que se llevar\u00e1 a cabo el fin de semana en Tigre, provincia de Buenos Aires.<\/p>\n<p><!--more--><\/p>\n<p><img loading=\"lazy\" decoding=\"async\" class=\"alignleft size-medium wp-image-2952\" src=\"http:\/\/www.crc.org.ar\/w\/wp-content\/uploads\/2017\/06\/Arce-300x232.jpg\" alt=\"\" width=\"300\" height=\"232\" srcset=\"https:\/\/crc.org.ar\/w\/wp-content\/uploads\/2017\/06\/Arce-300x232.jpg 300w, https:\/\/crc.org.ar\/w\/wp-content\/uploads\/2017\/06\/Arce-768x594.jpg 768w, https:\/\/crc.org.ar\/w\/wp-content\/uploads\/2017\/06\/Arce.jpg 840w\" sizes=\"(max-width: 300px) 100vw, 300px\" \/>Pr\u00f3ximo a cumplir veinte (20) d\u00edas de concentraci\u00f3n y de puro entrenamiento en la ciudad de Rosario, el remero del Club de Regatas Corrientes, Lisandro Arce, se encuentra listo para afrontar una gran desaf\u00edo.<\/p>\n<p>La Asociaci\u00f3n Argentina de Remeros Aficionados (AARA) dispuso para este fin de semana, en la pista Nacional de Tigre, la Evaluaci\u00f3n de la Selecci\u00f3n Nacional Junior, cerrada y de car\u00e1cter obligatorio.<\/p>\n<p>Para este gran desaf\u00edo Lisandro Arce, desde el \u00faltimo s\u00e1bado 27 de mayo se encuentra en Rosario, entrenando junto a Ignacio Pacheco, con qui\u00e9n integrar\u00e1 la tripulaci\u00f3n de un dos sin timonel junto.<\/p>\n<p>El entrenador del Club de Regatas Rosario, Gustavo Pacheco (padre de Ignacio, reconocido y prestigioso entrenador regional y nacional), fue el responsable de entrenar rigurosamente a los remeros y as\u00ed ir perfeccionando la tripulaci\u00f3n.<\/p>\n<p>Recordemos que la Evaluaci\u00f3n es para determinar las tripulaciones para el Mundial Junior en Trakai, Lituania del 2 al 6 de agosto; el Henley de Canad\u00e1 del 6 al 13 de agosto; y los Juegos ODESUR de la Juventud, Chile del 30 de septiembre al 2 de octubre.<\/p>\n<p>Arce \u2013 Pacheco entrenar\u00e1n hasta este viernes, oportunidad en que viajar\u00e1n a Tigre para la Evaluaci\u00f3n en la pista Nacional de remo; y que no ser\u00e1 la \u00fanica, ya que el 20 deber\u00e1 tirar \u201cergo\u201d en Rosario.<\/p>\n<p>As\u00ed Lisandro Arce, lejos de Corrientes, sigue apostando a su gran sue\u00f1o de integrar la Selecci\u00f3n Nacional, y si los resultados ayudan y los tiempos son los esperados seguir apostando a los Juegos Ol\u00edmpicos de la Juventud, Buenos Aires 2018.<\/p>\n","protected":false},"excerpt":{"rendered":"<p>(Miercoles 14 de junio de 2017). El remero del Club de Regatas Corrientes, Lisandro Arce, finalizar\u00e1 este viernes su concentraci\u00f3n y entrenamiento en Rosario, de cara a la Evaluaci\u00f3n de la Selecci\u00f3n Nacional Junior, cerrada y de car\u00e1cter obligatorio, que se llevar\u00e1 a cabo el fin de semana en Tigre, provincia de Buenos Aires. Pr\u00f3ximo &hellip;<\/p>\n","protected":false},"author":1,"featured_media":2952,"comment_status":"closed","ping_status":"open","sticky":false,"template":"","format":"standard","meta":{"footnotes":""},"categories":[18],"tags":[],"_links":{"self":[{"href":"https:\/\/crc.org.ar\/w\/wp-json\/wp\/v2\/posts\/2951"}],"collection":[{"href":"https:\/\/crc.org.ar\/w\/wp-json\/wp\/v2\/posts"}],"about":[{"href":"https:\/\/crc.org.ar\/w\/wp-json\/wp\/v2\/types\/post"}],"author":[{"embeddable":true,"href":"https:\/\/crc.org.ar\/w\/wp-json\/wp\/v2\/users\/1"}],"replies":[{"embeddable":true,"href":"https:\/\/crc.org.ar\/w\/wp-json\/wp\/v2\/comments?post=2951"}],"version-history":[{"count":2,"href":"https:\/\/crc.org.ar\/w\/wp-json\/wp\/v2\/posts\/2951\/revisions"}],"predecessor-version":[{"id":2954,"href":"https:\/\/crc.org.ar\/w\/wp-json\/wp\/v2\/posts\/2951\/revisions\/2954"}],"wp:featuredmedia":[{"embeddable":true,"href":"https:\/\/crc.org.ar\/w\/wp-json\/wp\/v2\/media\/2952"}],"wp:attachment":[{"href":"https:\/\/crc.org.ar\/w\/wp-json\/wp\/v2\/media?parent=2951"}],"wp:term":[{"taxonomy":"category","embeddable":true,"href":"https:\/\/crc.org.ar\/w\/wp-json\/wp\/v2\/categories?post=2951"},{"taxonomy":"post_tag","embeddable":true,"href":"https:\/\/crc.org.ar\/w\/wp-json\/wp\/v2\/tags?post=2951"}],"curies":[{"name":"wp","href":"https:\/\/api.w.org\/{rel}","templated":true}]}}