{"id":29556,"date":"2021-09-13T18:55:41","date_gmt":"2021-09-13T21:55:41","guid":{"rendered":"https:\/\/crc.org.ar\/w\/?p=29556"},"modified":"2021-09-13T18:55:51","modified_gmt":"2021-09-13T21:55:51","slug":"se-lanza-la-convocatoria-para-la-travesia-aniversario","status":"publish","type":"post","link":"https:\/\/crc.org.ar\/w\/se-lanza-la-convocatoria-para-la-travesia-aniversario\/","title":{"rendered":"Se lanza la convocatoria para la traves\u00eda \u201cAniversario\u201d"},"content":{"rendered":"\n<p>(Lunes 13 de septiembre de 2021). El deporte fundacional de la instituci\u00f3n organiz\u00f3 una traves\u00eda para celebrar el 98 aniversario del club. Podr\u00e1n participar los que cuenten con carnet de remo, y habr\u00e1 que inscribirse previamente.\u00a0<\/p>\n\n\n\n<!--more-->\n\n\n\n<p>Septiembre es el mes aniversario del Club de Regatas Corrientes, y dentro de las actividades programadas por sus 98 a\u00f1os se realizar\u00e1 una traves\u00eda para los socios organizada por la disciplina de remo de la instituci\u00f3n.&nbsp;<\/p>\n\n\n\n<p>La misma se llevar\u00e1 a cabo el viernes 24 de septiembre a las 9 horas, partiendo desde el galp\u00f3n de botes del club.\u00a0<\/p>\n\n\n\n<figure class=\"wp-block-image size-large\"><img loading=\"lazy\" decoding=\"async\" width=\"2048\" height=\"1215\" src=\"https:\/\/crc.org.ar\/w\/wp-content\/uploads\/2021\/09\/Travesia-Aniversario-2048x1215.jpg\" alt=\"\" class=\"wp-image-29557\" srcset=\"https:\/\/crc.org.ar\/w\/wp-content\/uploads\/2021\/09\/Travesia-Aniversario-2048x1215.jpg 2048w, https:\/\/crc.org.ar\/w\/wp-content\/uploads\/2021\/09\/Travesia-Aniversario-300x178.jpg 300w, https:\/\/crc.org.ar\/w\/wp-content\/uploads\/2021\/09\/Travesia-Aniversario-768x456.jpg 768w, https:\/\/crc.org.ar\/w\/wp-content\/uploads\/2021\/09\/Travesia-Aniversario-1536x911.jpg 1536w\" sizes=\"(max-width: 2048px) 100vw, 2048px\" \/><\/figure>\n\n\n\n<p>Para participar es obligatoria la inscripci\u00f3n previa, la cual puede hacerse hasta el lunes 20 inclusive hasta las 18 horas en el sector de remo de la entidad del parque Mitre.&nbsp;<\/p>\n\n\n\n<p>Todos aquellos que quieran sumarse a la iniciativa por un nuevo aniversario del club, deber\u00e1n poseer el carnet de remo habilitado para poder inscribirse.&nbsp;<\/p>\n\n\n\n<p>Adem\u00e1s, continuando con las actividades programadas, el s\u00e1bado 25 desde las 10 horas se llevar\u00e1 adelante una actividad recreativa n\u00e1utica entre los alumnos de la escuela de remo y el equipo de vela del club.&nbsp;<\/p>\n\n\n\n<p>La jornada consistir\u00e1 en diferentes juegos y competencias por equipos entre los deportistas de ambas disciplinas, donde habr\u00e1 sumatoria de puntos para definir a los equipos ganadores. Las actividades consistir\u00e1n en poner a prueba los conocimientos te\u00f3ricos y pr\u00e1cticos generales.<\/p>\n\n\n\n<p><strong>El equipo Oficial se prepara para el Campeonato Argentino<\/strong><\/p>\n\n\n\n<p>Este fin de semana el equipo oficial de remo del Club de Regatas Corrientes tendr\u00e1 un campamento preparatorio para afrontar el Campeonato Argentino que se desarrollar\u00e1 en noviembre.&nbsp;<\/p>\n\n\n\n<p>La jornada consistir\u00e1 en registrar marcas sobre 1000, 500 y 250 mts. En un espejo de agua sin el factor tan influyente de la corriente del r\u00edo. Adem\u00e1s, que servir\u00e1 para fomentar la convivencia y la unidad del equipo.&nbsp;<\/p>\n\n\n\n<p>Los atletas que estar\u00e1n participando del campamento ser\u00e1n <strong>Agostina Manzotti, Natalia Ch\u00e1vez, Tom\u00e1s Romero y Mat\u00edas Leconte<\/strong>, quienes estar\u00e1n acompa\u00f1ados por el entrenador y coordenador de la disciplina, <strong>Harris Gonz\u00e1lez Escobar.&nbsp;<\/strong><\/p>\n\n\n\n<p>Adem\u00e1s de Harris, tambi\u00e9n es fundamental el apoyo de la sub comisi\u00f3n de remo, presidida por <strong>Diego Vidal<\/strong>, para la organizaci\u00f3n y el traslado de los botes.<\/p>\n","protected":false},"excerpt":{"rendered":"<p>(Lunes 13 de septiembre de 2021). El deporte fundacional de la instituci\u00f3n organiz\u00f3 una traves\u00eda para celebrar el 98 aniversario del club. Podr\u00e1n participar los que cuenten con carnet de remo, y habr\u00e1 que inscribirse previamente.\u00a0 Septiembre es el mes aniversario del Club de Regatas Corrientes, y dentro de las actividades programadas por sus 98 &hellip;<\/p>\n","protected":false},"author":1,"featured_media":29557,"comment_status":"closed","ping_status":"closed","sticky":false,"template":"","format":"standard","meta":{"footnotes":""},"categories":[156,18],"tags":[],"_links":{"self":[{"href":"https:\/\/crc.org.ar\/w\/wp-json\/wp\/v2\/posts\/29556"}],"collection":[{"href":"https:\/\/crc.org.ar\/w\/wp-json\/wp\/v2\/posts"}],"about":[{"href":"https:\/\/crc.org.ar\/w\/wp-json\/wp\/v2\/types\/post"}],"author":[{"embeddable":true,"href":"https:\/\/crc.org.ar\/w\/wp-json\/wp\/v2\/users\/1"}],"replies":[{"embeddable":true,"href":"https:\/\/crc.org.ar\/w\/wp-json\/wp\/v2\/comments?post=29556"}],"version-history":[{"count":1,"href":"https:\/\/crc.org.ar\/w\/wp-json\/wp\/v2\/posts\/29556\/revisions"}],"predecessor-version":[{"id":29558,"href":"https:\/\/crc.org.ar\/w\/wp-json\/wp\/v2\/posts\/29556\/revisions\/29558"}],"wp:featuredmedia":[{"embeddable":true,"href":"https:\/\/crc.org.ar\/w\/wp-json\/wp\/v2\/media\/29557"}],"wp:attachment":[{"href":"https:\/\/crc.org.ar\/w\/wp-json\/wp\/v2\/media?parent=29556"}],"wp:term":[{"taxonomy":"category","embeddable":true,"href":"https:\/\/crc.org.ar\/w\/wp-json\/wp\/v2\/categories?post=29556"},{"taxonomy":"post_tag","embeddable":true,"href":"https:\/\/crc.org.ar\/w\/wp-json\/wp\/v2\/tags?post=29556"}],"curies":[{"name":"wp","href":"https:\/\/api.w.org\/{rel}","templated":true}]}}