{"id":29753,"date":"2021-10-04T12:09:31","date_gmt":"2021-10-04T15:09:31","guid":{"rendered":"https:\/\/crc.org.ar\/w\/?p=29753"},"modified":"2021-10-04T13:39:24","modified_gmt":"2021-10-04T16:39:24","slug":"marcado-exito-en-el-regreso-del-torneo-aniversario-de-natacion","status":"publish","type":"post","link":"https:\/\/crc.org.ar\/w\/marcado-exito-en-el-regreso-del-torneo-aniversario-de-natacion\/","title":{"rendered":"Marcado \u00e9xito en el regreso del torneo \u201cAniversario\u201d de nataci\u00f3n"},"content":{"rendered":"\n<p>(Lunes 4 de octubre de 2021). El torneo \u201cAniversario\u201d nataci\u00f3n del Club de Regatas fue un rotundo \u00e9xito en su regreso tras un a\u00f1o de ausencia. M\u00e1s de 250 nadadores de 9 clubes fueron los que estuvieron participando en la competencia.<\/p>\n\n\n\n<!--more-->\n\n\n\n<p>El \u00faltimo s\u00e1bado en el natatorio del Club de Regatas Corrientes se llev\u00f3 a cabo el torneo \u201c98 Aniversario\u201d de nataci\u00f3n, el cual redonde\u00f3 una gran experiencia en el retorno de dicho certamen tras un a\u00f1o de ausencia.<\/p>\n\n\n\n<p>La oportunidad fue la XVI edici\u00f3n del ya tradicional torneo que re\u00fane a los clubes de la regi\u00f3n, y el cual es una competencia oficial, ya que est\u00e1 fiscalizado por la CADDA (Confederaci\u00f3n Argentina de Deportes Acu\u00e1ticos).<\/p>\n\n\n\n<p>El certamen estuvo organizado por la subcomisi\u00f3n de nataci\u00f3n, la cual trabaja de manera brillante para poder llevar a cabo este tipo de eventos de tan grande magnitud. Durante las m\u00e1s de ocho horas de competencia se llevaron a cabo cinco pruebas distintas en las diferentes categor\u00edas.<\/p>\n\n\n\n<p>En total participaron 260 nadadores de toda la regi\u00f3n distribuidos en nueve clubes. V\u00e9lez Sarsfield de Chajar\u00ed, CUNE y Club de Regatas de Resistencia, Natal\u00fa de Formosa, CAPRI de Posadas, Pileta Pompis de Puerto Rico, ACCuAA de Curuz\u00fa Cuati\u00e1, Corrientes Tenis Club y el anfitri\u00f3n.<\/p>\n\n\n\n<figure class=\"wp-block-gallery columns-3 is-cropped wp-block-gallery-1 is-layout-flex wp-block-gallery-is-layout-flex\"><ul class=\"blocks-gallery-grid\"><li class=\"blocks-gallery-item\"><figure><a href=\"https:\/\/crc.org.ar\/w\/wp-content\/uploads\/2021\/10\/rzAniversario-1.jpg\"><img loading=\"lazy\" decoding=\"async\" width=\"700\" height=\"472\" src=\"https:\/\/crc.org.ar\/w\/wp-content\/uploads\/2021\/10\/rzAniversario-1.jpg\" alt=\"\" data-id=\"29754\" data-full-url=\"https:\/\/crc.org.ar\/w\/wp-content\/uploads\/2021\/10\/rzAniversario-1.jpg\" data-link=\"https:\/\/crc.org.ar\/w\/?attachment_id=29754\" class=\"wp-image-29754\" srcset=\"https:\/\/crc.org.ar\/w\/wp-content\/uploads\/2021\/10\/rzAniversario-1.jpg 700w, https:\/\/crc.org.ar\/w\/wp-content\/uploads\/2021\/10\/rzAniversario-1-300x202.jpg 300w, https:\/\/crc.org.ar\/w\/wp-content\/uploads\/2021\/10\/rzAniversario-1-110x75.jpg 110w\" sizes=\"(max-width: 700px) 100vw, 700px\" \/><\/a><\/figure><\/li><li class=\"blocks-gallery-item\"><figure><a href=\"https:\/\/crc.org.ar\/w\/wp-content\/uploads\/2021\/10\/rzAniversario-2.jpg\"><img loading=\"lazy\" decoding=\"async\" width=\"700\" height=\"424\" src=\"https:\/\/crc.org.ar\/w\/wp-content\/uploads\/2021\/10\/rzAniversario-2.jpg\" alt=\"\" data-id=\"29755\" data-full-url=\"https:\/\/crc.org.ar\/w\/wp-content\/uploads\/2021\/10\/rzAniversario-2.jpg\" data-link=\"https:\/\/crc.org.ar\/w\/?attachment_id=29755\" class=\"wp-image-29755\" srcset=\"https:\/\/crc.org.ar\/w\/wp-content\/uploads\/2021\/10\/rzAniversario-2.jpg 700w, https:\/\/crc.org.ar\/w\/wp-content\/uploads\/2021\/10\/rzAniversario-2-300x182.jpg 300w\" sizes=\"(max-width: 700px) 100vw, 700px\" \/><\/a><\/figure><\/li><li class=\"blocks-gallery-item\"><figure><a href=\"https:\/\/crc.org.ar\/w\/wp-content\/uploads\/2021\/10\/rzAniversario-3.jpg\"><img loading=\"lazy\" decoding=\"async\" width=\"700\" height=\"495\" src=\"https:\/\/crc.org.ar\/w\/wp-content\/uploads\/2021\/10\/rzAniversario-3.jpg\" alt=\"\" data-id=\"29756\" data-full-url=\"https:\/\/crc.org.ar\/w\/wp-content\/uploads\/2021\/10\/rzAniversario-3.jpg\" data-link=\"https:\/\/crc.org.ar\/w\/?attachment_id=29756\" class=\"wp-image-29756\" srcset=\"https:\/\/crc.org.ar\/w\/wp-content\/uploads\/2021\/10\/rzAniversario-3.jpg 700w, https:\/\/crc.org.ar\/w\/wp-content\/uploads\/2021\/10\/rzAniversario-3-300x212.jpg 300w\" sizes=\"(max-width: 700px) 100vw, 700px\" \/><\/a><\/figure><\/li><li class=\"blocks-gallery-item\"><figure><a href=\"https:\/\/crc.org.ar\/w\/wp-content\/uploads\/2021\/10\/rzAniversario-4.jpg\"><img loading=\"lazy\" decoding=\"async\" width=\"700\" height=\"494\" src=\"https:\/\/crc.org.ar\/w\/wp-content\/uploads\/2021\/10\/rzAniversario-4.jpg\" alt=\"\" data-id=\"29757\" data-full-url=\"https:\/\/crc.org.ar\/w\/wp-content\/uploads\/2021\/10\/rzAniversario-4.jpg\" data-link=\"https:\/\/crc.org.ar\/w\/?attachment_id=29757\" class=\"wp-image-29757\" srcset=\"https:\/\/crc.org.ar\/w\/wp-content\/uploads\/2021\/10\/rzAniversario-4.jpg 700w, https:\/\/crc.org.ar\/w\/wp-content\/uploads\/2021\/10\/rzAniversario-4-300x212.jpg 300w\" sizes=\"(max-width: 700px) 100vw, 700px\" \/><\/a><\/figure><\/li><li class=\"blocks-gallery-item\"><figure><a href=\"https:\/\/crc.org.ar\/w\/wp-content\/uploads\/2021\/10\/rzaniversario-5.jpg\"><img loading=\"lazy\" decoding=\"async\" width=\"700\" height=\"471\" src=\"https:\/\/crc.org.ar\/w\/wp-content\/uploads\/2021\/10\/rzaniversario-5.jpg\" alt=\"\" data-id=\"29758\" data-full-url=\"https:\/\/crc.org.ar\/w\/wp-content\/uploads\/2021\/10\/rzaniversario-5.jpg\" data-link=\"https:\/\/crc.org.ar\/w\/?attachment_id=29758\" class=\"wp-image-29758\" srcset=\"https:\/\/crc.org.ar\/w\/wp-content\/uploads\/2021\/10\/rzaniversario-5.jpg 700w, https:\/\/crc.org.ar\/w\/wp-content\/uploads\/2021\/10\/rzaniversario-5-300x202.jpg 300w, https:\/\/crc.org.ar\/w\/wp-content\/uploads\/2021\/10\/rzaniversario-5-110x75.jpg 110w\" sizes=\"(max-width: 700px) 100vw, 700px\" \/><\/a><\/figure><\/li><\/ul><\/figure>\n\n\n\n<p>CAPRI llev\u00f3 al torneo 31 atletas, ACCuAA 37, V\u00e9lez 6, CUNE se hizo presente con 20, Tenis Club 19, Natal\u00fa 33, Pompis 2, Regatas Resistencia 60 y el local present\u00f3 49 nadadores.&nbsp;&nbsp;<\/p>\n\n\n\n<p>En esta oportunidad no se hizo entrega de la premiaci\u00f3n por equipo, solamente compitieron de manera individual los promocionales y los federados de Infantiles, Menores, Cadetes, Juveniles y Mayores. &nbsp;<\/p>\n\n\n\n<p>El Club de Regatas obtuvo numerosos podios, entre los primeros puestos, segundos y terceros, destac\u00e1ndose con sus competidores de alto nivel como <strong>Ignacio Salazar, Martina Sa, <\/strong>entre otros, y con las j\u00f3venes promesas como <strong>Tania Ferreira, Ezequiel Lafuente, Valent\u00edn Rozeck, <\/strong>y m\u00e1s.<\/p>\n\n\n\n<p><strong>Vanguardia Tecnol\u00f3gica<\/strong><\/p>\n\n\n\n<p>Adem\u00e1s, se utiliz\u00f3 por segunda vez consecutiva el sistema de medici\u00f3n de tiempos autom\u00e1tico, tecnolog\u00eda que pone a la instituci\u00f3n regatense en la vanguardia de la disciplina en el NEA, siendo la \u00fanica entidad que posee dicho instrumento.<\/p>\n\n\n\n<p>Los aspectos t\u00e9cnicos hablan de una consola de sincronizaci\u00f3n del sistema 6 (Colorado time systems), arn\u00e9s de cable y pulsadores (10 andariveles), touchpad 1.90xp.50 m (Macsha), y teem Manager 7.0 (Hytek).<\/p>\n","protected":false},"excerpt":{"rendered":"<p>(Lunes 4 de octubre de 2021). El torneo \u201cAniversario\u201d nataci\u00f3n del Club de Regatas fue un rotundo \u00e9xito en su regreso tras un a\u00f1o de ausencia. M\u00e1s de 250 nadadores de 9 clubes fueron los que estuvieron participando en la competencia. El \u00faltimo s\u00e1bado en el natatorio del Club de Regatas Corrientes se llev\u00f3 a &hellip;<\/p>\n","protected":false},"author":1,"featured_media":29758,"comment_status":"closed","ping_status":"closed","sticky":false,"template":"","format":"standard","meta":{"footnotes":""},"categories":[156,70],"tags":[],"_links":{"self":[{"href":"https:\/\/crc.org.ar\/w\/wp-json\/wp\/v2\/posts\/29753"}],"collection":[{"href":"https:\/\/crc.org.ar\/w\/wp-json\/wp\/v2\/posts"}],"about":[{"href":"https:\/\/crc.org.ar\/w\/wp-json\/wp\/v2\/types\/post"}],"author":[{"embeddable":true,"href":"https:\/\/crc.org.ar\/w\/wp-json\/wp\/v2\/users\/1"}],"replies":[{"embeddable":true,"href":"https:\/\/crc.org.ar\/w\/wp-json\/wp\/v2\/comments?post=29753"}],"version-history":[{"count":1,"href":"https:\/\/crc.org.ar\/w\/wp-json\/wp\/v2\/posts\/29753\/revisions"}],"predecessor-version":[{"id":29759,"href":"https:\/\/crc.org.ar\/w\/wp-json\/wp\/v2\/posts\/29753\/revisions\/29759"}],"wp:featuredmedia":[{"embeddable":true,"href":"https:\/\/crc.org.ar\/w\/wp-json\/wp\/v2\/media\/29758"}],"wp:attachment":[{"href":"https:\/\/crc.org.ar\/w\/wp-json\/wp\/v2\/media?parent=29753"}],"wp:term":[{"taxonomy":"category","embeddable":true,"href":"https:\/\/crc.org.ar\/w\/wp-json\/wp\/v2\/categories?post=29753"},{"taxonomy":"post_tag","embeddable":true,"href":"https:\/\/crc.org.ar\/w\/wp-json\/wp\/v2\/tags?post=29753"}],"curies":[{"name":"wp","href":"https:\/\/api.w.org\/{rel}","templated":true}]}}