{"id":29803,"date":"2021-10-05T17:43:41","date_gmt":"2021-10-05T20:43:41","guid":{"rendered":"https:\/\/crc.org.ar\/w\/?p=29803"},"modified":"2021-10-05T17:43:44","modified_gmt":"2021-10-05T20:43:44","slug":"el-cesto-de-regatas-volvio-a-competir-en-el-plano-local","status":"publish","type":"post","link":"https:\/\/crc.org.ar\/w\/el-cesto-de-regatas-volvio-a-competir-en-el-plano-local\/","title":{"rendered":"El cesto de Regatas volvi\u00f3 a competir en el plano local"},"content":{"rendered":"\n<p>(lunes 5 de octubre de 2021). El Club de Regatas Corrientes fue parte del inicio del Torneo Oficial de Cestoball 2021. El certamen cuenta con la participaci\u00f3n de nueve clubes locales federados y un invitado del Chaco.<\/p>\n\n\n\n<!--more-->\n\n\n\n<p>Este s\u00e1bado, con las categor\u00edas sub12 y sub14, Regatas fue parte de la reanudaci\u00f3n de la competencia del cesto correntino. El torneo lleva el nombre \u201cH\u00e9ctor Maidana\u201d, en homenaje al prosecretario de la Federaci\u00f3n Correntina de Cestoball, quien falleci\u00f3 por Covid este a\u00f1o.<\/p>\n\n\n\n<p>Adem\u00e1s, la primera fecha y el acto de apertura se realizaron en el Club El Tala, del cual Maidana fue representante y delegado.<\/p>\n\n\n\n<figure class=\"wp-block-gallery columns-3 is-cropped wp-block-gallery-1 is-layout-flex wp-block-gallery-is-layout-flex\"><ul class=\"blocks-gallery-grid\"><li class=\"blocks-gallery-item\"><figure><img loading=\"lazy\" decoding=\"async\" width=\"700\" height=\"467\" src=\"https:\/\/crc.org.ar\/w\/wp-content\/uploads\/2021\/10\/rsCesto1.jpg\" alt=\"\" data-id=\"29804\" data-full-url=\"https:\/\/crc.org.ar\/w\/wp-content\/uploads\/2021\/10\/rsCesto1.jpg\" data-link=\"https:\/\/crc.org.ar\/w\/?attachment_id=29804\" class=\"wp-image-29804\" srcset=\"https:\/\/crc.org.ar\/w\/wp-content\/uploads\/2021\/10\/rsCesto1.jpg 700w, https:\/\/crc.org.ar\/w\/wp-content\/uploads\/2021\/10\/rsCesto1-300x200.jpg 300w\" sizes=\"(max-width: 700px) 100vw, 700px\" \/><\/figure><\/li><li class=\"blocks-gallery-item\"><figure><img loading=\"lazy\" decoding=\"async\" width=\"700\" height=\"467\" src=\"https:\/\/crc.org.ar\/w\/wp-content\/uploads\/2021\/10\/rsCesto2.jpg\" alt=\"\" data-id=\"29805\" data-full-url=\"https:\/\/crc.org.ar\/w\/wp-content\/uploads\/2021\/10\/rsCesto2.jpg\" data-link=\"https:\/\/crc.org.ar\/w\/?attachment_id=29805\" class=\"wp-image-29805\" srcset=\"https:\/\/crc.org.ar\/w\/wp-content\/uploads\/2021\/10\/rsCesto2.jpg 700w, https:\/\/crc.org.ar\/w\/wp-content\/uploads\/2021\/10\/rsCesto2-300x200.jpg 300w\" sizes=\"(max-width: 700px) 100vw, 700px\" \/><\/figure><\/li><li class=\"blocks-gallery-item\"><figure><img loading=\"lazy\" decoding=\"async\" width=\"700\" height=\"467\" src=\"https:\/\/crc.org.ar\/w\/wp-content\/uploads\/2021\/10\/rsCesto3.jpg\" alt=\"\" data-id=\"29806\" data-full-url=\"https:\/\/crc.org.ar\/w\/wp-content\/uploads\/2021\/10\/rsCesto3.jpg\" data-link=\"https:\/\/crc.org.ar\/w\/?attachment_id=29806\" class=\"wp-image-29806\" srcset=\"https:\/\/crc.org.ar\/w\/wp-content\/uploads\/2021\/10\/rsCesto3.jpg 700w, https:\/\/crc.org.ar\/w\/wp-content\/uploads\/2021\/10\/rsCesto3-300x200.jpg 300w\" sizes=\"(max-width: 700px) 100vw, 700px\" \/><\/figure><\/li><li class=\"blocks-gallery-item\"><figure><img loading=\"lazy\" decoding=\"async\" width=\"700\" height=\"467\" src=\"https:\/\/crc.org.ar\/w\/wp-content\/uploads\/2021\/10\/rsCesto4.jpg\" alt=\"\" data-id=\"29807\" data-full-url=\"https:\/\/crc.org.ar\/w\/wp-content\/uploads\/2021\/10\/rsCesto4.jpg\" data-link=\"https:\/\/crc.org.ar\/w\/?attachment_id=29807\" class=\"wp-image-29807\" srcset=\"https:\/\/crc.org.ar\/w\/wp-content\/uploads\/2021\/10\/rsCesto4.jpg 700w, https:\/\/crc.org.ar\/w\/wp-content\/uploads\/2021\/10\/rsCesto4-300x200.jpg 300w\" sizes=\"(max-width: 700px) 100vw, 700px\" \/><\/figure><\/li><\/ul><\/figure>\n\n\n\n<p>Las jugadoras \u201cfantasmas\u201d se ven\u00edan preparando con encuentros amistosos desde hace varias semanas, ya que el torneo es clasificatorio para las ligas nacionales 2022 de categor\u00edas mayores femenino y masculino.<\/p>\n\n\n\n<p>Tambi\u00e9n participan San Mart\u00edn, Juventus, Boca Unidos, El Tala, H\u00e9rcules, C\u00f3rdoba, Alvear, Arroyito y Cestoball Chaco.<\/p>\n\n\n\n<p>El torneo cuenta con categor\u00edas sub10, sub12, sub14, sub17, y Primera femenina y masculina. En el comienzo de la primera fecha, la categor\u00eda sub12 cay\u00f3 ante El Tala por 32 a 2, pero el sub14 \u201cA\u201d venci\u00f3 a Juventus por 66 a 12.<\/p>\n\n\n\n<p>Este jueves, en el play\u00f3n deportivo del Club de Regatas Corrientes, el sub14 \u201cB\u201d jugar\u00e1 frente a El Tala, mientras que la sub17 disputar\u00e1 el cl\u00e1sico ante San Mart\u00edn. Al finalizar, ser\u00e1 el debut de la Primera \u201cB\u201d del equipo remero, ante Boca Unidos.<\/p>\n","protected":false},"excerpt":{"rendered":"<p>(lunes 5 de octubre de 2021). El Club de Regatas Corrientes fue parte del inicio del Torneo Oficial de Cestoball 2021. El certamen cuenta con la participaci\u00f3n de nueve clubes locales federados y un invitado del Chaco. Este s\u00e1bado, con las categor\u00edas sub12 y sub14, Regatas fue parte de la reanudaci\u00f3n de la competencia del &hellip;<\/p>\n","protected":false},"author":1,"featured_media":29805,"comment_status":"closed","ping_status":"closed","sticky":false,"template":"","format":"standard","meta":{"footnotes":""},"categories":[82,156],"tags":[],"_links":{"self":[{"href":"https:\/\/crc.org.ar\/w\/wp-json\/wp\/v2\/posts\/29803"}],"collection":[{"href":"https:\/\/crc.org.ar\/w\/wp-json\/wp\/v2\/posts"}],"about":[{"href":"https:\/\/crc.org.ar\/w\/wp-json\/wp\/v2\/types\/post"}],"author":[{"embeddable":true,"href":"https:\/\/crc.org.ar\/w\/wp-json\/wp\/v2\/users\/1"}],"replies":[{"embeddable":true,"href":"https:\/\/crc.org.ar\/w\/wp-json\/wp\/v2\/comments?post=29803"}],"version-history":[{"count":1,"href":"https:\/\/crc.org.ar\/w\/wp-json\/wp\/v2\/posts\/29803\/revisions"}],"predecessor-version":[{"id":29808,"href":"https:\/\/crc.org.ar\/w\/wp-json\/wp\/v2\/posts\/29803\/revisions\/29808"}],"wp:featuredmedia":[{"embeddable":true,"href":"https:\/\/crc.org.ar\/w\/wp-json\/wp\/v2\/media\/29805"}],"wp:attachment":[{"href":"https:\/\/crc.org.ar\/w\/wp-json\/wp\/v2\/media?parent=29803"}],"wp:term":[{"taxonomy":"category","embeddable":true,"href":"https:\/\/crc.org.ar\/w\/wp-json\/wp\/v2\/categories?post=29803"},{"taxonomy":"post_tag","embeddable":true,"href":"https:\/\/crc.org.ar\/w\/wp-json\/wp\/v2\/tags?post=29803"}],"curies":[{"name":"wp","href":"https:\/\/api.w.org\/{rel}","templated":true}]}}