{"id":29904,"date":"2021-10-14T18:40:46","date_gmt":"2021-10-14T21:40:46","guid":{"rendered":"https:\/\/crc.org.ar\/w\/?p=29904"},"modified":"2022-06-11T20:01:55","modified_gmt":"2022-06-11T23:01:55","slug":"no-pienso-que-seamos-lo-de-las-dos-primeras-fechas-dijo-piccato","status":"publish","type":"post","link":"https:\/\/crc.org.ar\/w\/no-pienso-que-seamos-lo-de-las-dos-primeras-fechas-dijo-piccato\/","title":{"rendered":"\u201cNo pienso que seamos lo de las dos primeras fechas\u201d, dijo Piccato"},"content":{"rendered":"\n<p>(Jueves 14 de octubre de 2021). Regatas Corrientes se reencontr\u00f3 con el triunfo en su casa frente a Comunicaciones de Mercedes, y el coach <strong>Gabriel Piccato <\/strong>analiz\u00f3 el presente del equipo.<\/p>\n\n\n\n<!--more-->\n\n\n\n<p>Tras dos duras derrotas, y tras quedar sin chances de avanzar en el S\u00faper 20, el Club de Regatas Corrientes consigui\u00f3 una buena victoria frente a Comunicaciones por 89 a 64, que le sirve para retomar la confianza de cara al \u00faltimo juego de esta fase, pero sobre todo al inicio de la Liga Nacional.<\/p>\n\n\n\n<p>El que habl\u00f3 despu\u00e9s del partido fue el entrenador del \u201cremero\u201d, <strong>Gabriel Piccato, <\/strong>quien como siempre, se mostr\u00f3 reflexivo, y no escap\u00f3 a asumir las responsabilidades del momento y a realizar autocr\u00edticas.<\/p>\n\n\n\n<div class=\"wp-block-image\"><figure class=\"alignleft size-full is-resized\"><img loading=\"lazy\" decoding=\"async\" src=\"https:\/\/crc.org.ar\/w\/wp-content\/uploads\/2021\/10\/rsPiccato1.jpg\" alt=\"\" class=\"wp-image-29905\" width=\"350\" height=\"234\" srcset=\"https:\/\/crc.org.ar\/w\/wp-content\/uploads\/2021\/10\/rsPiccato1.jpg 700w, https:\/\/crc.org.ar\/w\/wp-content\/uploads\/2021\/10\/rsPiccato1-300x200.jpg 300w, https:\/\/crc.org.ar\/w\/wp-content\/uploads\/2021\/10\/rsPiccato1-110x75.jpg 110w\" sizes=\"(max-width: 350px) 100vw, 350px\" \/><\/figure><\/div>\n\n\n\n<p>\u201cPrimero tenemos que hacernos cargo de la realidad, es un torneo oficial y nos preparamos para competir y clasificar. El objetivo no lo conseguimos, pero si seguimos firmes en el camino propuesto, y eso es una parte muy importante en la construcci\u00f3n de un equipo\u201d, expres\u00f3 el coach, tomando las riendas del inicio irregular de la temporada.<\/p>\n\n\n\n<p>Recordemos que Regatas hab\u00eda llegado a esta segunda instancia con un r\u00e9cord de 1 victoria y 4 derrotas, pero con las posibilidades intactas de avanzar al Final 8. Sin embargo, en las dos primeras presentaciones cay\u00f3 frente a San Mart\u00edn y La Uni\u00f3n, lo que dilapid\u00f3 las chances de pasar de fase.<\/p>\n\n\n\n<p>En cuanto a lo que mostr\u00f3 el equipo en su regreso al Jos\u00e9 Jorge Contte, <strong>Piccato <\/strong>dijo que: &#8220;No pienso que seamos lo de las dos primeras fechas, pero tampoco somos lo del juego con Comunicaciones. Siempre hay que evaluar en todos los escenarios al adversario, pero estamos mucho m\u00e1s cerca de aquello que entrenamos todos los d\u00edas\u201d.<\/p>\n\n\n\n<p>\u201cAhora, el gran desaf\u00edo es mostrar la cara que mostramos con Comunicaciones, pero bajo m\u00e1xima presi\u00f3n\u201d, continu\u00f3 el santafesino que est\u00e1 arrancando su segunda etapa en el club del parque Mitre.<\/p>\n\n\n\n<div class=\"wp-block-image\"><figure class=\"alignright size-full is-resized\"><img loading=\"lazy\" decoding=\"async\" src=\"https:\/\/crc.org.ar\/w\/wp-content\/uploads\/2021\/10\/rsPiccato2.jpg\" alt=\"\" class=\"wp-image-29906\" width=\"350\" height=\"234\" srcset=\"https:\/\/crc.org.ar\/w\/wp-content\/uploads\/2021\/10\/rsPiccato2.jpg 700w, https:\/\/crc.org.ar\/w\/wp-content\/uploads\/2021\/10\/rsPiccato2-300x200.jpg 300w, https:\/\/crc.org.ar\/w\/wp-content\/uploads\/2021\/10\/rsPiccato2-110x75.jpg 110w\" sizes=\"(max-width: 350px) 100vw, 350px\" \/><\/figure><\/div>\n\n\n\n<p>Por otro lado, hizo menci\u00f3n a lo mental y lo an\u00edmico del equipo: \u201cHubo muchos jugadores que ven\u00edan muy por debajo del nivel y ya me parece m\u00e1s que interesante que se vea brillo en los ojos, sonrisas, ver disfrutar dentro del campo, y eso me parece un buen primer paso\u201d.<\/p>\n\n\n\n<p>\u201cTenemos que permitirnos, sobre todo los jugadores, disfrutar este peque\u00f1o pasito adelante, porque siempre es una construcci\u00f3n constante\u201d, prosigui\u00f3 el entrenador de 49 a\u00f1os.<\/p>\n\n\n\n<p>Por otro lado, Regatas cont\u00f3 con dos bajas importantes para esta segunda instancia. Por un lado <strong>Xavier Carreras<\/strong>, quien se resinti\u00f3 de su desgarr\u00f3 en el s\u00f3leo, y por el otro lado, la lesi\u00f3n de <strong>Nicol\u00e1s Aguirre<\/strong>, quien sufri\u00f3 una fractura en su mano durante el \u00faltimo duelo de la primera fase frente a Ol\u00edmpico de La Banda.<\/p>\n\n\n\n<p>A pesar de eso, <strong>Piccato <\/strong>no se escud\u00f3 en las lesiones, y expres\u00f3 que: \u201cLamento much\u00edsimo las lesiones, pero eso ya no est\u00e1 en nuestra \u00e1rea, est\u00e1n en buenas manos, en plena recuperaci\u00f3n, y tenemos que tratar de desarrollar el equipo tal cual est\u00e1 con esa realidad, para que cuando se reincorporen seamos un mejor equipo\u201d.<\/p>\n\n\n\n<p>El \u201cfantasma\u201d estar\u00e1 despidi\u00e9ndose del S\u00faper 20 el viernes desde las 21:30 cuando enfrente a Ober\u00e1 Tenis Club, duelo que ser\u00e1 importante para seguir ganando confianza en cuanto al inicio de la Liga Nacional.<\/p>\n","protected":false},"excerpt":{"rendered":"<p>(Jueves 14 de octubre de 2021). Regatas Corrientes se reencontr\u00f3 con el triunfo en su casa frente a Comunicaciones de Mercedes, y el coach Gabriel Piccato analiz\u00f3 el presente del equipo. Tras dos duras derrotas, y tras quedar sin chances de avanzar en el S\u00faper 20, el Club de Regatas Corrientes consigui\u00f3 una buena victoria &hellip;<\/p>\n","protected":false},"author":1,"featured_media":29907,"comment_status":"closed","ping_status":"closed","sticky":false,"template":"","format":"standard","meta":{"footnotes":""},"categories":[1,268],"tags":[],"_links":{"self":[{"href":"https:\/\/crc.org.ar\/w\/wp-json\/wp\/v2\/posts\/29904"}],"collection":[{"href":"https:\/\/crc.org.ar\/w\/wp-json\/wp\/v2\/posts"}],"about":[{"href":"https:\/\/crc.org.ar\/w\/wp-json\/wp\/v2\/types\/post"}],"author":[{"embeddable":true,"href":"https:\/\/crc.org.ar\/w\/wp-json\/wp\/v2\/users\/1"}],"replies":[{"embeddable":true,"href":"https:\/\/crc.org.ar\/w\/wp-json\/wp\/v2\/comments?post=29904"}],"version-history":[{"count":1,"href":"https:\/\/crc.org.ar\/w\/wp-json\/wp\/v2\/posts\/29904\/revisions"}],"predecessor-version":[{"id":29908,"href":"https:\/\/crc.org.ar\/w\/wp-json\/wp\/v2\/posts\/29904\/revisions\/29908"}],"wp:featuredmedia":[{"embeddable":true,"href":"https:\/\/crc.org.ar\/w\/wp-json\/wp\/v2\/media\/29907"}],"wp:attachment":[{"href":"https:\/\/crc.org.ar\/w\/wp-json\/wp\/v2\/media?parent=29904"}],"wp:term":[{"taxonomy":"category","embeddable":true,"href":"https:\/\/crc.org.ar\/w\/wp-json\/wp\/v2\/categories?post=29904"},{"taxonomy":"post_tag","embeddable":true,"href":"https:\/\/crc.org.ar\/w\/wp-json\/wp\/v2\/tags?post=29904"}],"curies":[{"name":"wp","href":"https:\/\/api.w.org\/{rel}","templated":true}]}}