{"id":29961,"date":"2021-10-25T12:34:12","date_gmt":"2021-10-25T15:34:12","guid":{"rendered":"https:\/\/crc.org.ar\/w\/?p=29961"},"modified":"2021-10-25T12:34:13","modified_gmt":"2021-10-25T15:34:13","slug":"buen-andar-de-regatas-en-la-copa-challenger-en-villa-ocampo","status":"publish","type":"post","link":"https:\/\/crc.org.ar\/w\/buen-andar-de-regatas-en-la-copa-challenger-en-villa-ocampo\/","title":{"rendered":"Buen andar de Regatas en la Copa Challenger en Villa Ocampo"},"content":{"rendered":"\n<p>(lunes 25 de octubre de 2021). Los equipos Sub 18 masculino y femenino de Regatas Corrientes tuvieron una gran actuaci\u00f3n en la Copa Challenger de V\u00f3leibol en Villa Ocampo (Santa Fe). Los chicos terminaron terceros en la Copa de Oro. En tanto, las chicas terminaron segundas en la Copa de Plata.<\/p>\n\n\n\n<!--more-->\n\n\n\n<p>El pasado fin de semana se disput\u00f3 una nueva edici\u00f3n de la Copa Challenger de Voleibol, organizado por el Club Bomberos V\u00f3ley de Villa Ocampo (Santa Fe), reservado para las categor\u00edas Sub 15 y Sub 18, en ambas ramas. Regatas dijo presente con dos equipos, en la categor\u00eda sub 18.<\/p>\n\n\n\n<p><strong>BRONCE PARA LOS CHICOS<\/strong><\/p>\n\n\n\n<p>El equipo sub 18 masculino, dirigido t\u00e9cnicamente por <strong>Maximiliano Ledesma<\/strong>, se meti\u00f3 en semifinales del torneo, quedando terceros, logrando as\u00ed una gran actuaci\u00f3n sobre todo porque era la primera competencia para ellos despu\u00e9s de tanto tiempo.<\/p>\n\n\n\n<p>En la fase de grupos terminaron segundos tras vencer por 2\/0 a Espa\u00f1ola de Jujuy, Social Monteros B, Juventud de Bella Vista, y Monteros, y ante Pampa Voley se impusieron por 2\/1. La \u00fanica derrota fue ante Bomberos de Villa Ocampo por 2\/0.<\/p>\n\n\n\n<figure class=\"wp-block-gallery columns-2 is-cropped wp-block-gallery-1 is-layout-flex wp-block-gallery-is-layout-flex\"><ul class=\"blocks-gallery-grid\"><li class=\"blocks-gallery-item\"><figure><a href=\"https:\/\/crc.org.ar\/w\/wp-content\/uploads\/2021\/10\/sub-18-femenino.jpeg\"><img loading=\"lazy\" decoding=\"async\" width=\"913\" height=\"683\" src=\"https:\/\/crc.org.ar\/w\/wp-content\/uploads\/2021\/10\/sub-18-femenino.jpeg\" alt=\"\" data-id=\"29962\" data-full-url=\"https:\/\/crc.org.ar\/w\/wp-content\/uploads\/2021\/10\/sub-18-femenino.jpeg\" data-link=\"https:\/\/crc.org.ar\/w\/?attachment_id=29962\" class=\"wp-image-29962\" srcset=\"https:\/\/crc.org.ar\/w\/wp-content\/uploads\/2021\/10\/sub-18-femenino.jpeg 913w, https:\/\/crc.org.ar\/w\/wp-content\/uploads\/2021\/10\/sub-18-femenino-300x224.jpeg 300w, https:\/\/crc.org.ar\/w\/wp-content\/uploads\/2021\/10\/sub-18-femenino-768x575.jpeg 768w\" sizes=\"(max-width: 913px) 100vw, 913px\" \/><\/a><\/figure><\/li><li class=\"blocks-gallery-item\"><figure><a href=\"https:\/\/crc.org.ar\/w\/wp-content\/uploads\/2021\/10\/sub-18-masculino.jpeg\"><img loading=\"lazy\" decoding=\"async\" width=\"1152\" height=\"864\" src=\"https:\/\/crc.org.ar\/w\/wp-content\/uploads\/2021\/10\/sub-18-masculino.jpeg\" alt=\"\" data-id=\"29963\" data-full-url=\"https:\/\/crc.org.ar\/w\/wp-content\/uploads\/2021\/10\/sub-18-masculino.jpeg\" data-link=\"https:\/\/crc.org.ar\/w\/?attachment_id=29963\" class=\"wp-image-29963\" srcset=\"https:\/\/crc.org.ar\/w\/wp-content\/uploads\/2021\/10\/sub-18-masculino.jpeg 1152w, https:\/\/crc.org.ar\/w\/wp-content\/uploads\/2021\/10\/sub-18-masculino-300x225.jpeg 300w, https:\/\/crc.org.ar\/w\/wp-content\/uploads\/2021\/10\/sub-18-masculino-768x576.jpeg 768w\" sizes=\"(max-width: 1152px) 100vw, 1152px\" \/><\/a><\/figure><\/li><\/ul><\/figure>\n\n\n\n<p>En cuartos de final derrotaron por 2\/1 a Virgen Ni\u00f1a de Villa Ocampo para acceder a semifinales donde perdieron con Sirio de Jujuy por 2\/0, equipo que luego se consagrar\u00eda campe\u00f3n de la Copa de Oro.<\/p>\n\n\n\n<p>Posiciones finales: 1\u00b0 Sirio de Jujuy, 2\u00b0 Social Monteros de Tucum\u00e1n, 3\u00b0 Regatas Corrientes, 4\u00b0 Bomberos de Villa Ocampo, 5\u00b0 Monteros Voley, 6\u00b0 Pampa Voley, 7\u00b0 Virgen Ni\u00f1a y 8\u00b0 Pellegrini de Tucum\u00e1n.<\/p>\n\n\n\n<p>La delegaci\u00f3n del \u201cRemero\u201d estuvo conformado por <strong>David Canillas, Emiliano Ramirez, Nicolas Ramirez, Fernando Arce, Augusto Dure, Alan Sujulusky, Juan Simonek, Tiziano Roffe, Lautaro Ca\u00f1ete, Juan Cruz Solis, Gabriel Yaya, Juan San Lorenzo <\/strong>y<strong> Isaac Romero<\/strong>.&nbsp;<\/p>\n\n\n\n<p><strong>LAS CHICAS SEGUNDAS EN LA COPA DE PLATA<\/strong><\/p>\n\n\n\n<p>El equipo sub 18 femenino bajo las ordenes de <strong>Pablo Verd\u00fan<\/strong>, en la fase de grupos ganaron dos partidos ante Argentino de Machagai y ante Juventud de Bella Vista por 2\/0, y cayeron ante Brujas de Posadas, Monteros Tucum\u00e1n, Sociedad espa\u00f1ola de Jujuy y Bomberos de Villa Ocampo por 2\/1.<\/p>\n\n\n\n<p>Con esos resultados se ubicaron quintas clasificando a la Copa de Plata donde le ganaron a San Martin, Virgen Ni\u00f1a de Villa Ocampo por 2\/0 y en la final no pudieron ante Timb\u00f3 de Jard\u00edn Am\u00e9rica por 2\/0.<\/p>\n\n\n\n<p>Posiciones finales: 1\u00b0 Timbo de Jard\u00edn Am\u00e9rica, 2\u00b0 Regatas Corrientes y 3\u00b0 Argentino de Machagai.<\/p>\n\n\n\n<p>El equipo subcampe\u00f3n estuvo integrado por <strong>Antonella Solari, Valentina Palmeyro, Azul Sol\u00eds Chequin, Clara Romero Chiappe, Delfina Fagundez, Liliana Rodriguez, Rosario Aquino, Brianna Quarin, Evelyn Schab, Galiana Valentina Acosta <\/strong>y<strong> Sofia Pruyas.<\/strong><\/p>\n","protected":false},"excerpt":{"rendered":"<p>(lunes 25 de octubre de 2021). Los equipos Sub 18 masculino y femenino de Regatas Corrientes tuvieron una gran actuaci\u00f3n en la Copa Challenger de V\u00f3leibol en Villa Ocampo (Santa Fe). Los chicos terminaron terceros en la Copa de Oro. En tanto, las chicas terminaron segundas en la Copa de Plata. El pasado fin de &hellip;<\/p>\n","protected":false},"author":1,"featured_media":29962,"comment_status":"closed","ping_status":"closed","sticky":false,"template":"","format":"standard","meta":{"footnotes":""},"categories":[156,83],"tags":[],"_links":{"self":[{"href":"https:\/\/crc.org.ar\/w\/wp-json\/wp\/v2\/posts\/29961"}],"collection":[{"href":"https:\/\/crc.org.ar\/w\/wp-json\/wp\/v2\/posts"}],"about":[{"href":"https:\/\/crc.org.ar\/w\/wp-json\/wp\/v2\/types\/post"}],"author":[{"embeddable":true,"href":"https:\/\/crc.org.ar\/w\/wp-json\/wp\/v2\/users\/1"}],"replies":[{"embeddable":true,"href":"https:\/\/crc.org.ar\/w\/wp-json\/wp\/v2\/comments?post=29961"}],"version-history":[{"count":1,"href":"https:\/\/crc.org.ar\/w\/wp-json\/wp\/v2\/posts\/29961\/revisions"}],"predecessor-version":[{"id":29964,"href":"https:\/\/crc.org.ar\/w\/wp-json\/wp\/v2\/posts\/29961\/revisions\/29964"}],"wp:featuredmedia":[{"embeddable":true,"href":"https:\/\/crc.org.ar\/w\/wp-json\/wp\/v2\/media\/29962"}],"wp:attachment":[{"href":"https:\/\/crc.org.ar\/w\/wp-json\/wp\/v2\/media?parent=29961"}],"wp:term":[{"taxonomy":"category","embeddable":true,"href":"https:\/\/crc.org.ar\/w\/wp-json\/wp\/v2\/categories?post=29961"},{"taxonomy":"post_tag","embeddable":true,"href":"https:\/\/crc.org.ar\/w\/wp-json\/wp\/v2\/tags?post=29961"}],"curies":[{"name":"wp","href":"https:\/\/api.w.org\/{rel}","templated":true}]}}