{"id":29976,"date":"2021-10-26T11:19:36","date_gmt":"2021-10-26T14:19:36","guid":{"rendered":"https:\/\/crc.org.ar\/w\/?p=29976"},"modified":"2021-10-26T11:19:38","modified_gmt":"2021-10-26T14:19:38","slug":"buen-rendimiento-de-los-remeros-en-zarate","status":"publish","type":"post","link":"https:\/\/crc.org.ar\/w\/buen-rendimiento-de-los-remeros-en-zarate\/","title":{"rendered":"Buen rendimiento de los remeros en Z\u00e1rate"},"content":{"rendered":"\n<p>(martes 26 de octubre de 2021). Una delegaci\u00f3n del Club de Regatas Corrientes trajo medallas de la provincia de Buenos Aires, donde participaron de la Regata 93\u00b0 aniversario del Club N\u00e1utico Z\u00e1rate.<\/p>\n\n\n\n<!--more-->\n\n\n\n<p>Dos remeros del Club de Regatas Corrientes, Juan Ignacio Leconte y Fausto Dom\u00ednguez, viajaron a la ciudad de Z\u00e1rate, donde el s\u00e1bado se realizaron pruebas promocionales oficiales para todas las categor\u00edas. El encuentro form\u00f3 parte de los festejos por los 93 a\u00f1os que cumple la instituci\u00f3n en noviembre, y asistieron m\u00e1s de 20 clubes n\u00e1uticos de la provincia de Buenos Aires, C\u00f3rdoba, y Corrientes.<\/p>\n\n\n\n<p>Leconte y Dom\u00ednguez estuvieron acompa\u00f1ados del instructor Tom\u00e1s Gonz\u00e1lez, y participaron de las pruebas 1x shell, 2x Shell y 1x clinker de la categor\u00eda sub16. Fausto logr\u00f3 el segundo puesto en dos pruebas (1x menor masculino y 1x clinker sub16 masculino), y Juan Ignacio en una (1x menor masculino).<\/p>\n\n\n\n<figure class=\"wp-block-gallery columns-3 is-cropped wp-block-gallery-1 is-layout-flex wp-block-gallery-is-layout-flex\"><ul class=\"blocks-gallery-grid\"><li class=\"blocks-gallery-item\"><figure><a href=\"https:\/\/crc.org.ar\/w\/wp-content\/uploads\/2021\/10\/Leconte-y-Dominguez.jpeg\"><img loading=\"lazy\" decoding=\"async\" width=\"1200\" height=\"1600\" src=\"https:\/\/crc.org.ar\/w\/wp-content\/uploads\/2021\/10\/Leconte-y-Dominguez.jpeg\" alt=\"\" data-id=\"29977\" data-full-url=\"https:\/\/crc.org.ar\/w\/wp-content\/uploads\/2021\/10\/Leconte-y-Dominguez.jpeg\" data-link=\"https:\/\/crc.org.ar\/w\/?attachment_id=29977\" class=\"wp-image-29977\" srcset=\"https:\/\/crc.org.ar\/w\/wp-content\/uploads\/2021\/10\/Leconte-y-Dominguez.jpeg 1200w, https:\/\/crc.org.ar\/w\/wp-content\/uploads\/2021\/10\/Leconte-y-Dominguez-225x300.jpeg 225w, https:\/\/crc.org.ar\/w\/wp-content\/uploads\/2021\/10\/Leconte-y-Dominguez-768x1024.jpeg 768w, https:\/\/crc.org.ar\/w\/wp-content\/uploads\/2021\/10\/Leconte-y-Dominguez-1152x1536.jpeg 1152w\" sizes=\"(max-width: 1200px) 100vw, 1200px\" \/><\/a><\/figure><\/li><li class=\"blocks-gallery-item\"><figure><a href=\"https:\/\/crc.org.ar\/w\/wp-content\/uploads\/2021\/10\/Leconte-y-Dominguez2.jpeg\"><img loading=\"lazy\" decoding=\"async\" width=\"1599\" height=\"899\" src=\"https:\/\/crc.org.ar\/w\/wp-content\/uploads\/2021\/10\/Leconte-y-Dominguez2.jpeg\" alt=\"\" data-id=\"29978\" data-full-url=\"https:\/\/crc.org.ar\/w\/wp-content\/uploads\/2021\/10\/Leconte-y-Dominguez2.jpeg\" data-link=\"https:\/\/crc.org.ar\/w\/?attachment_id=29978\" class=\"wp-image-29978\" srcset=\"https:\/\/crc.org.ar\/w\/wp-content\/uploads\/2021\/10\/Leconte-y-Dominguez2.jpeg 1599w, https:\/\/crc.org.ar\/w\/wp-content\/uploads\/2021\/10\/Leconte-y-Dominguez2-300x169.jpeg 300w, https:\/\/crc.org.ar\/w\/wp-content\/uploads\/2021\/10\/Leconte-y-Dominguez2-768x432.jpeg 768w, https:\/\/crc.org.ar\/w\/wp-content\/uploads\/2021\/10\/Leconte-y-Dominguez2-1536x864.jpeg 1536w\" sizes=\"(max-width: 1599px) 100vw, 1599px\" \/><\/a><\/figure><\/li><li class=\"blocks-gallery-item\"><figure><a href=\"https:\/\/crc.org.ar\/w\/wp-content\/uploads\/2021\/10\/Remo1.jpeg\"><img loading=\"lazy\" decoding=\"async\" width=\"1156\" height=\"867\" src=\"https:\/\/crc.org.ar\/w\/wp-content\/uploads\/2021\/10\/Remo1.jpeg\" alt=\"\" data-id=\"29979\" data-full-url=\"https:\/\/crc.org.ar\/w\/wp-content\/uploads\/2021\/10\/Remo1.jpeg\" data-link=\"https:\/\/crc.org.ar\/w\/?attachment_id=29979\" class=\"wp-image-29979\" srcset=\"https:\/\/crc.org.ar\/w\/wp-content\/uploads\/2021\/10\/Remo1.jpeg 1156w, https:\/\/crc.org.ar\/w\/wp-content\/uploads\/2021\/10\/Remo1-300x225.jpeg 300w, https:\/\/crc.org.ar\/w\/wp-content\/uploads\/2021\/10\/Remo1-768x576.jpeg 768w\" sizes=\"(max-width: 1156px) 100vw, 1156px\" \/><\/a><\/figure><\/li><li class=\"blocks-gallery-item\"><figure><a href=\"https:\/\/crc.org.ar\/w\/wp-content\/uploads\/2021\/10\/Remo2.jpeg\"><img loading=\"lazy\" decoding=\"async\" width=\"1156\" height=\"867\" src=\"https:\/\/crc.org.ar\/w\/wp-content\/uploads\/2021\/10\/Remo2.jpeg\" alt=\"\" data-id=\"29980\" data-full-url=\"https:\/\/crc.org.ar\/w\/wp-content\/uploads\/2021\/10\/Remo2.jpeg\" data-link=\"https:\/\/crc.org.ar\/w\/?attachment_id=29980\" class=\"wp-image-29980\" srcset=\"https:\/\/crc.org.ar\/w\/wp-content\/uploads\/2021\/10\/Remo2.jpeg 1156w, https:\/\/crc.org.ar\/w\/wp-content\/uploads\/2021\/10\/Remo2-300x225.jpeg 300w, https:\/\/crc.org.ar\/w\/wp-content\/uploads\/2021\/10\/Remo2-768x576.jpeg 768w\" sizes=\"(max-width: 1156px) 100vw, 1156px\" \/><\/a><\/figure><\/li><\/ul><\/figure>\n\n\n\n<p>Al regreso, Juan Ignacio asegur\u00f3 estar \u201ccontento de haber conocido a otros remeros que comparten la misma pasi\u00f3n por este deporte, con distintas realidades. Esta es la primera vez que participo en una competencia fuera de la provincia, y es bueno para medir el resultado del esfuerzo y tener un punto de comparaci\u00f3n con los dem\u00e1s atletas\u201d.<\/p>\n\n\n\n<p>Lejos de conformarse, el remero que lleva 3 a\u00f1os en la instituci\u00f3n del Parque Mitre aclar\u00f3 que no considera a este podio \u201ccomo un objetivo logrado, sino como un&nbsp; buen impulso emocional para seguir entrenando y poder tener m\u00e1s participaciones en otras regatas\u201d.<\/p>\n\n\n\n<p>La competencia es un cl\u00e1sico de la Comisi\u00f3n de Remo Internacional del Litoral, y se pusieron en juego las copas \u201c93\u00b0 aniversario\u201d, \u201cRen\u00e9 Margan\u201d, \u201cJorge Alonso\u201d, \u201cHoracio Duvivier\u201d y \u201cJorge Luis Giovagnoli\u201d, en alusi\u00f3n a pioneros de la disciplina en esa instituci\u00f3n.<\/p>\n\n\n\n<p>Regatas fue la \u00fanica instituci\u00f3n del Norte argentino que concurri\u00f3 al evento, en el que participaron el Club de Regatas Am\u00e9rica, Buenos Aires Rowing Club, Club San Fernando, Club de Regatas La Marina, Campana Boat Club, Club de Remo Teutonia, Club de Regatas San Nicol\u00e1s, Club de Regatas Hispano Argentino, entre otros.<\/p>\n","protected":false},"excerpt":{"rendered":"<p>(martes 26 de octubre de 2021). Una delegaci\u00f3n del Club de Regatas Corrientes trajo medallas de la provincia de Buenos Aires, donde participaron de la Regata 93\u00b0 aniversario del Club N\u00e1utico Z\u00e1rate. Dos remeros del Club de Regatas Corrientes, Juan Ignacio Leconte y Fausto Dom\u00ednguez, viajaron a la ciudad de Z\u00e1rate, donde el s\u00e1bado se &hellip;<\/p>\n","protected":false},"author":1,"featured_media":29979,"comment_status":"closed","ping_status":"closed","sticky":false,"template":"","format":"standard","meta":{"footnotes":""},"categories":[156,18],"tags":[],"_links":{"self":[{"href":"https:\/\/crc.org.ar\/w\/wp-json\/wp\/v2\/posts\/29976"}],"collection":[{"href":"https:\/\/crc.org.ar\/w\/wp-json\/wp\/v2\/posts"}],"about":[{"href":"https:\/\/crc.org.ar\/w\/wp-json\/wp\/v2\/types\/post"}],"author":[{"embeddable":true,"href":"https:\/\/crc.org.ar\/w\/wp-json\/wp\/v2\/users\/1"}],"replies":[{"embeddable":true,"href":"https:\/\/crc.org.ar\/w\/wp-json\/wp\/v2\/comments?post=29976"}],"version-history":[{"count":1,"href":"https:\/\/crc.org.ar\/w\/wp-json\/wp\/v2\/posts\/29976\/revisions"}],"predecessor-version":[{"id":29981,"href":"https:\/\/crc.org.ar\/w\/wp-json\/wp\/v2\/posts\/29976\/revisions\/29981"}],"wp:featuredmedia":[{"embeddable":true,"href":"https:\/\/crc.org.ar\/w\/wp-json\/wp\/v2\/media\/29979"}],"wp:attachment":[{"href":"https:\/\/crc.org.ar\/w\/wp-json\/wp\/v2\/media?parent=29976"}],"wp:term":[{"taxonomy":"category","embeddable":true,"href":"https:\/\/crc.org.ar\/w\/wp-json\/wp\/v2\/categories?post=29976"},{"taxonomy":"post_tag","embeddable":true,"href":"https:\/\/crc.org.ar\/w\/wp-json\/wp\/v2\/tags?post=29976"}],"curies":[{"name":"wp","href":"https:\/\/api.w.org\/{rel}","templated":true}]}}