{"id":29999,"date":"2021-10-29T12:32:27","date_gmt":"2021-10-29T15:32:27","guid":{"rendered":"https:\/\/crc.org.ar\/w\/?p=29999"},"modified":"2021-10-29T16:20:57","modified_gmt":"2021-10-29T19:20:57","slug":"finalizo-el-primer-curso-para-instructores-de-remo","status":"publish","type":"post","link":"https:\/\/crc.org.ar\/w\/finalizo-el-primer-curso-para-instructores-de-remo\/","title":{"rendered":"Finaliz\u00f3 el primer curso para instructores de remo"},"content":{"rendered":"\n<p>(Viernes 29 de octubre de 2021). Tras los haberse recorrido todos los m\u00f3dulos de la capacitaci\u00f3n para instructores de remo se realiz\u00f3 el acto de entrega de certificados y de cierre. Se trata de una iniciativa m\u00e1s que exitosa ya que logr\u00f3 la formaci\u00f3n de m\u00e1s de 30 personas en la disciplina.<\/p>\n\n\n\n<!--more-->\n\n\n\n<p>Durante el mes de octubre se realiz\u00f3 un curso para formar instructores de remo de nivel 1 lanzado por el Club de Regatas Corrientes. Aunque se esperaban entre 10 y 15 inscriptos, la convocatoria alcanz\u00f3 a alrededor de 40 personas, lo que marc\u00f3 un rotundo \u00e9xito.<\/p>\n\n\n\n<p>El jueves, en el Sal\u00f3n Chapo de la entidad regatense, se entregaron los certificados de finalizaci\u00f3n de la capacitaci\u00f3n a profesores de educaci\u00f3n f\u00edsica, estudiantes del profesorado, remeros en actividad, ex remeros que siguen ligados al deporte, y hasta instructores de otras disciplinas n\u00e1uticas como vela.<\/p>\n\n\n\n<p>En la ceremonia, particip\u00f3 el vicepresidente de Regatas Corrientes, <strong>Roberto Jacobo<\/strong>, la secretaria <strong>Mar\u00eda Eugenia Valesani<\/strong>, el director de Deportes del Club, <strong>Jorge Esp\u00f3sito<\/strong>, y el organizador del ciclo y coordinador de la disciplina, <strong>Harris Gonz\u00e1lez Escobar<\/strong>.<\/p>\n\n\n\n<figure class=\"wp-block-gallery columns-2 is-cropped wp-block-gallery-1 is-layout-flex wp-block-gallery-is-layout-flex\"><ul class=\"blocks-gallery-grid\"><li class=\"blocks-gallery-item\"><figure><a href=\"https:\/\/crc.org.ar\/w\/wp-content\/uploads\/2021\/10\/curso-remo-1.jpeg\"><img loading=\"lazy\" decoding=\"async\" width=\"1280\" height=\"854\" src=\"https:\/\/crc.org.ar\/w\/wp-content\/uploads\/2021\/10\/curso-remo-1.jpeg\" alt=\"\" data-id=\"30000\" data-full-url=\"https:\/\/crc.org.ar\/w\/wp-content\/uploads\/2021\/10\/curso-remo-1.jpeg\" data-link=\"https:\/\/crc.org.ar\/w\/?attachment_id=30000\" class=\"wp-image-30000\" srcset=\"https:\/\/crc.org.ar\/w\/wp-content\/uploads\/2021\/10\/curso-remo-1.jpeg 1280w, https:\/\/crc.org.ar\/w\/wp-content\/uploads\/2021\/10\/curso-remo-1-300x200.jpeg 300w, https:\/\/crc.org.ar\/w\/wp-content\/uploads\/2021\/10\/curso-remo-1-768x512.jpeg 768w\" sizes=\"(max-width: 1280px) 100vw, 1280px\" \/><\/a><\/figure><\/li><li class=\"blocks-gallery-item\"><figure><a href=\"https:\/\/crc.org.ar\/w\/wp-content\/uploads\/2021\/10\/Curso-remo-2.jpeg\"><img loading=\"lazy\" decoding=\"async\" width=\"1223\" height=\"673\" src=\"https:\/\/crc.org.ar\/w\/wp-content\/uploads\/2021\/10\/Curso-remo-2.jpeg\" alt=\"\" data-id=\"30001\" data-full-url=\"https:\/\/crc.org.ar\/w\/wp-content\/uploads\/2021\/10\/Curso-remo-2.jpeg\" data-link=\"https:\/\/crc.org.ar\/w\/?attachment_id=30001\" class=\"wp-image-30001\" srcset=\"https:\/\/crc.org.ar\/w\/wp-content\/uploads\/2021\/10\/Curso-remo-2.jpeg 1223w, https:\/\/crc.org.ar\/w\/wp-content\/uploads\/2021\/10\/Curso-remo-2-300x165.jpeg 300w, https:\/\/crc.org.ar\/w\/wp-content\/uploads\/2021\/10\/Curso-remo-2-768x423.jpeg 768w\" sizes=\"(max-width: 1223px) 100vw, 1223px\" \/><\/a><\/figure><\/li><li class=\"blocks-gallery-item\"><figure><a href=\"https:\/\/crc.org.ar\/w\/wp-content\/uploads\/2021\/10\/Curso-remo.jpeg\"><img loading=\"lazy\" decoding=\"async\" width=\"1280\" height=\"854\" src=\"https:\/\/crc.org.ar\/w\/wp-content\/uploads\/2021\/10\/Curso-remo.jpeg\" alt=\"\" data-id=\"30002\" data-full-url=\"https:\/\/crc.org.ar\/w\/wp-content\/uploads\/2021\/10\/Curso-remo.jpeg\" data-link=\"https:\/\/crc.org.ar\/w\/?attachment_id=30002\" class=\"wp-image-30002\" srcset=\"https:\/\/crc.org.ar\/w\/wp-content\/uploads\/2021\/10\/Curso-remo.jpeg 1280w, https:\/\/crc.org.ar\/w\/wp-content\/uploads\/2021\/10\/Curso-remo-300x200.jpeg 300w, https:\/\/crc.org.ar\/w\/wp-content\/uploads\/2021\/10\/Curso-remo-768x512.jpeg 768w\" sizes=\"(max-width: 1280px) 100vw, 1280px\" \/><\/a><\/figure><\/li><\/ul><\/figure>\n\n\n\n<p>El curso estuvo destinado a formar instructores de nivel 1, los cuales buscar\u00e1n cumplir con la tarea de la iniciaci\u00f3n en el deporte, y poder crear escuelas deportivas n\u00e1uticas con alcance a toda la provincia y la regi\u00f3n.<\/p>\n\n\n\n<p>El dictado de las clases se dio en seis m\u00f3dulos, donde se habl\u00f3 sobre la historia del Remo, haciendo hincapi\u00e9 en sus inicios en Argentina y hasta la historia en el propio club, tambi\u00e9n la seguridad arriba del bote, y muchas otras tem\u00e1ticas claves. Tambi\u00e9n hubo clases pr\u00e1cticas en el agua, donde la gran mayor\u00eda pudo superar las expectativas.<\/p>\n\n\n\n<p>El dictado estuvo a cargo de <strong>Harris Gonz\u00e1lez Escobar<\/strong>, pero que tuvo un equipo de lujo integrado por colegas y remeros de la instituci\u00f3n. <strong>Tom\u00e1s Gonz\u00e1lez, Natalia Ch\u00e1vez,<\/strong> <strong>Agostina Manzotti y Mat\u00edas Leconte <\/strong>fueron quienes acompa\u00f1aron al coordinador de la disciplina en el evento.<\/p>\n\n\n\n<p>La capacitaci\u00f3n super\u00f3 ampliamente las expectativas en cuanto a participaci\u00f3n y al dictado de los contenidos, por lo que la vara qued\u00f3 alta y genera un compromiso de la instituci\u00f3n para llevar adelante nuevas ediciones. Inclusive, abri\u00f3 las puertas para realizar lo mismo en otras disciplinas.&nbsp;<\/p>\n\n\n\n<p><strong>Los graduados de la capacitaci\u00f3n<\/strong><\/p>\n\n\n\n<p>Hubo un total de 43 inscriptos a la primera capacitaci\u00f3n, lo que signific\u00f3 un n\u00famero importante y superior a lo que se esperaba inclusive.<\/p>\n\n\n\n<p><strong>Fabricio Adri\u00e1n Dom\u00ednguez, Juan Ignacio Suarez, Juan Jos\u00e9 Molina Aguilar, Pedro Alejandro Brez, Ernesto Soto De Monte, Ricardo Dom\u00ednguez, Keila Agustina Bernachea, Juan Jos\u00e9 Cantero, Mat\u00edas Adriel Correa Cuevas, Mart\u00edn Federico Esquivo, Francisco Douffort, Leandro Miguel Vargas Brites, Guadalupe Romero, Milagros Ayl\u00e9n Bagliardi, Valeria Magali Bernachea y Lucas Sebasti\u00e1n Rold\u00e1n.<\/strong><\/p>\n\n\n\n<p>Tambi\u00e9n,<strong> Yuliana Erika Fournier, Melanie Daiana Ramirez, Celeste Evel\u00edn Dom\u00ednguez, Juana Mar\u00eda Canteros, Nicol\u00e1s Ezequiel Ayala, Celia Rodr\u00edguez, Dar\u00edo Nestor Rodr\u00edguez Ram\u00edrez, Luisa Rodr\u00edguez, Walter Albornoz, Jorge Juan Carlos Turraca, Gabriel&nbsp; Zacarias, Roc\u00edo del Cielo Da Costa, Leandro Exequiel Saravia, Alejandro Z\u00e1rate, Santiago Otaka y Manuel Ram\u00f3n Osorio.<\/strong><\/p>\n\n\n\n<p>Por \u00faltimo, <strong>Federico Romero, Diego Mariano Moreira, \u00c1ngel Ayala, Mat\u00edas Leconte, Agostina Manzotti Scolari, Adriano Jorge Hidalgo, Lorena Itat\u00ed Romero, Mario Benjam\u00edn Ibarra y Tania Bel\u00e9n Silvero.<\/strong><\/p>\n\n\n\n<figure class=\"wp-block-embed aligncenter is-type-video is-provider-youtube wp-block-embed-youtube wp-embed-aspect-16-9 wp-has-aspect-ratio\"><div class=\"wp-block-embed__wrapper\">\n<iframe loading=\"lazy\" title=\"REGATAS form\u00f3 sus primeros INSTRUCTORES DE REMO \ud83d\udea3\u200d\u2640\ufe0f\ud83d\udc7b\" width=\"500\" height=\"281\" src=\"https:\/\/www.youtube.com\/embed\/TJPlpRcMQvE?feature=oembed\" frameborder=\"0\" allow=\"accelerometer; autoplay; clipboard-write; encrypted-media; gyroscope; picture-in-picture; web-share\" referrerpolicy=\"strict-origin-when-cross-origin\" allowfullscreen><\/iframe>\n<\/div><\/figure>\n","protected":false},"excerpt":{"rendered":"<p>(Viernes 29 de octubre de 2021). Tras los haberse recorrido todos los m\u00f3dulos de la capacitaci\u00f3n para instructores de remo se realiz\u00f3 el acto de entrega de certificados y de cierre. Se trata de una iniciativa m\u00e1s que exitosa ya que logr\u00f3 la formaci\u00f3n de m\u00e1s de 30 personas en la disciplina. Durante el mes &hellip;<\/p>\n","protected":false},"author":1,"featured_media":30001,"comment_status":"closed","ping_status":"closed","sticky":false,"template":"","format":"standard","meta":{"footnotes":""},"categories":[156,18],"tags":[],"_links":{"self":[{"href":"https:\/\/crc.org.ar\/w\/wp-json\/wp\/v2\/posts\/29999"}],"collection":[{"href":"https:\/\/crc.org.ar\/w\/wp-json\/wp\/v2\/posts"}],"about":[{"href":"https:\/\/crc.org.ar\/w\/wp-json\/wp\/v2\/types\/post"}],"author":[{"embeddable":true,"href":"https:\/\/crc.org.ar\/w\/wp-json\/wp\/v2\/users\/1"}],"replies":[{"embeddable":true,"href":"https:\/\/crc.org.ar\/w\/wp-json\/wp\/v2\/comments?post=29999"}],"version-history":[{"count":2,"href":"https:\/\/crc.org.ar\/w\/wp-json\/wp\/v2\/posts\/29999\/revisions"}],"predecessor-version":[{"id":30004,"href":"https:\/\/crc.org.ar\/w\/wp-json\/wp\/v2\/posts\/29999\/revisions\/30004"}],"wp:featuredmedia":[{"embeddable":true,"href":"https:\/\/crc.org.ar\/w\/wp-json\/wp\/v2\/media\/30001"}],"wp:attachment":[{"href":"https:\/\/crc.org.ar\/w\/wp-json\/wp\/v2\/media?parent=29999"}],"wp:term":[{"taxonomy":"category","embeddable":true,"href":"https:\/\/crc.org.ar\/w\/wp-json\/wp\/v2\/categories?post=29999"},{"taxonomy":"post_tag","embeddable":true,"href":"https:\/\/crc.org.ar\/w\/wp-json\/wp\/v2\/tags?post=29999"}],"curies":[{"name":"wp","href":"https:\/\/api.w.org\/{rel}","templated":true}]}}