{"id":30109,"date":"2021-11-09T11:33:18","date_gmt":"2021-11-09T14:33:18","guid":{"rendered":"https:\/\/crc.org.ar\/w\/?p=30109"},"modified":"2021-11-09T11:33:20","modified_gmt":"2021-11-09T14:33:20","slug":"gran-desempeno-regatense-en-villa-constitucion","status":"publish","type":"post","link":"https:\/\/crc.org.ar\/w\/gran-desempeno-regatense-en-villa-constitucion\/","title":{"rendered":"Gran desempe\u00f1o regatense en Villa Constituci\u00f3n"},"content":{"rendered":"\n<p>(Martes 9 de noviembre de 2021). Remeros regatenses tuvieron un excelente fin de semana en Villa Constituci\u00f3n donde se colgaron tres medallas.<\/p>\n\n\n\n<!--more-->\n\n\n\n<p>El pasado fin de semana, desde el viernes 5 hasta el domingo 7, en el Club N\u00e1utico Villa Constituci\u00f3n de Santa Fe se llev\u00f3 a cabo el Campeonato Argentino de Remo, en donde estuvo participando el equipo Oficial de remo del Club de Regatas Corrientes.<\/p>\n\n\n\n<p>El plantel integrado por <strong>Agostina Manzotti, Natalia Ch\u00e1vez, Tom\u00e1s Romero y Mat\u00edas Leconte, <\/strong>se colg\u00f3 tres medallas en el evento que cierra el calendario del 2021 de competencias oficiales en cuanto al remo nacional.<\/p>\n\n\n\n<p>En un s\u00e1bado hist\u00f3rico en la categor\u00eda single intermedio femenino <strong>Agostina Manzotti <\/strong>fue la campeona argentina, qued\u00e1ndose con el primer lugar, mismo resultado que <strong>Mat\u00edas Leconte <\/strong>y <strong>Tom\u00e1s Romero <\/strong>en el doble intermedio.<\/p>\n\n\n\n<figure class=\"wp-block-gallery columns-2 is-cropped wp-block-gallery-1 is-layout-flex wp-block-gallery-is-layout-flex\"><ul class=\"blocks-gallery-grid\"><li class=\"blocks-gallery-item\"><figure><a href=\"https:\/\/crc.org.ar\/w\/wp-content\/uploads\/2021\/11\/equipo-CRC-3.jpeg\"><img loading=\"lazy\" decoding=\"async\" width=\"1160\" height=\"868\" src=\"https:\/\/crc.org.ar\/w\/wp-content\/uploads\/2021\/11\/equipo-CRC-3.jpeg\" alt=\"\" data-id=\"30110\" data-full-url=\"https:\/\/crc.org.ar\/w\/wp-content\/uploads\/2021\/11\/equipo-CRC-3.jpeg\" data-link=\"https:\/\/crc.org.ar\/w\/?attachment_id=30110\" class=\"wp-image-30110\" srcset=\"https:\/\/crc.org.ar\/w\/wp-content\/uploads\/2021\/11\/equipo-CRC-3.jpeg 1160w, https:\/\/crc.org.ar\/w\/wp-content\/uploads\/2021\/11\/equipo-CRC-3-300x224.jpeg 300w, https:\/\/crc.org.ar\/w\/wp-content\/uploads\/2021\/11\/equipo-CRC-3-768x575.jpeg 768w\" sizes=\"(max-width: 1160px) 100vw, 1160px\" \/><\/a><\/figure><\/li><li class=\"blocks-gallery-item\"><figure><a href=\"https:\/\/crc.org.ar\/w\/wp-content\/uploads\/2021\/11\/Manzotti.jpeg\"><img loading=\"lazy\" decoding=\"async\" width=\"1600\" height=\"900\" src=\"https:\/\/crc.org.ar\/w\/wp-content\/uploads\/2021\/11\/Manzotti.jpeg\" alt=\"\" data-id=\"30111\" data-full-url=\"https:\/\/crc.org.ar\/w\/wp-content\/uploads\/2021\/11\/Manzotti.jpeg\" data-link=\"https:\/\/crc.org.ar\/w\/?attachment_id=30111\" class=\"wp-image-30111\" srcset=\"https:\/\/crc.org.ar\/w\/wp-content\/uploads\/2021\/11\/Manzotti.jpeg 1600w, https:\/\/crc.org.ar\/w\/wp-content\/uploads\/2021\/11\/Manzotti-300x169.jpeg 300w, https:\/\/crc.org.ar\/w\/wp-content\/uploads\/2021\/11\/Manzotti-768x432.jpeg 768w, https:\/\/crc.org.ar\/w\/wp-content\/uploads\/2021\/11\/Manzotti-1536x864.jpeg 1536w\" sizes=\"(max-width: 1600px) 100vw, 1600px\" \/><\/a><\/figure><\/li><\/ul><\/figure>\n\n\n\n<p>El domingo continuaron los resultados positivos ya que <strong>Natalia Ch\u00e1vez <\/strong>se coron\u00f3 como subcampeona en el single peso ligero. Adem\u00e1s, en la Final B del single intermedio <strong>Tom\u00e1s Romero <\/strong>qued\u00f3 en el segundo lugar y <strong>Mat\u00edas Leconte <\/strong>se qued\u00f3 con la medalla de bronce.<\/p>\n\n\n\n<p>Estos resultados son el broche de oro para un a\u00f1o donde el remo correntino, y regatense volvi\u00f3 a estar presente en los campeonatos nacionales m\u00e1s importantes. Adem\u00e1s, marcan el objetivo cumplido que se hab\u00eda propuesto el equipo para el 2021.<\/p>\n\n\n\n<p>De este modo, la vara qued\u00f3 alta para la disciplina en el Club de Regatas Corrientes, y ya deber\u00e1n empezar a planear y proyectar los nuevos desaf\u00edos para el verano 2021\/22, la cual es una temporada fuerte para la actividad en cuanto al crecimiento de aspirantes, y para el calendario de competencias 2022.<\/p>\n","protected":false},"excerpt":{"rendered":"<p>(Martes 9 de noviembre de 2021). Remeros regatenses tuvieron un excelente fin de semana en Villa Constituci\u00f3n donde se colgaron tres medallas. El pasado fin de semana, desde el viernes 5 hasta el domingo 7, en el Club N\u00e1utico Villa Constituci\u00f3n de Santa Fe se llev\u00f3 a cabo el Campeonato Argentino de Remo, en donde &hellip;<\/p>\n","protected":false},"author":1,"featured_media":30110,"comment_status":"closed","ping_status":"closed","sticky":false,"template":"","format":"standard","meta":{"footnotes":""},"categories":[156,18],"tags":[],"_links":{"self":[{"href":"https:\/\/crc.org.ar\/w\/wp-json\/wp\/v2\/posts\/30109"}],"collection":[{"href":"https:\/\/crc.org.ar\/w\/wp-json\/wp\/v2\/posts"}],"about":[{"href":"https:\/\/crc.org.ar\/w\/wp-json\/wp\/v2\/types\/post"}],"author":[{"embeddable":true,"href":"https:\/\/crc.org.ar\/w\/wp-json\/wp\/v2\/users\/1"}],"replies":[{"embeddable":true,"href":"https:\/\/crc.org.ar\/w\/wp-json\/wp\/v2\/comments?post=30109"}],"version-history":[{"count":1,"href":"https:\/\/crc.org.ar\/w\/wp-json\/wp\/v2\/posts\/30109\/revisions"}],"predecessor-version":[{"id":30112,"href":"https:\/\/crc.org.ar\/w\/wp-json\/wp\/v2\/posts\/30109\/revisions\/30112"}],"wp:featuredmedia":[{"embeddable":true,"href":"https:\/\/crc.org.ar\/w\/wp-json\/wp\/v2\/media\/30110"}],"wp:attachment":[{"href":"https:\/\/crc.org.ar\/w\/wp-json\/wp\/v2\/media?parent=30109"}],"wp:term":[{"taxonomy":"category","embeddable":true,"href":"https:\/\/crc.org.ar\/w\/wp-json\/wp\/v2\/categories?post=30109"},{"taxonomy":"post_tag","embeddable":true,"href":"https:\/\/crc.org.ar\/w\/wp-json\/wp\/v2\/tags?post=30109"}],"curies":[{"name":"wp","href":"https:\/\/api.w.org\/{rel}","templated":true}]}}