{"id":30230,"date":"2021-11-17T11:43:13","date_gmt":"2021-11-17T14:43:13","guid":{"rendered":"https:\/\/crc.org.ar\/w\/?p=30230"},"modified":"2021-11-17T11:43:15","modified_gmt":"2021-11-17T14:43:15","slug":"este-finde-se-lleva-adelante-un-encuentro-de-escuelas-de-remo","status":"publish","type":"post","link":"https:\/\/crc.org.ar\/w\/este-finde-se-lleva-adelante-un-encuentro-de-escuelas-de-remo\/","title":{"rendered":"Este finde se lleva adelante un encuentro de escuelas de remo"},"content":{"rendered":"\n<p>(Mi\u00e9rcoles 17 de noviembre de 2021). El fin de semana se llevar\u00e1 a cabo en Corrientes un encuentro de integraci\u00f3n de escuelas de remo. Participar\u00e1n escuelas de tres provincias distintas.<\/p>\n\n\n\n<!--more-->\n\n\n\n<p>Tras un a\u00f1o muy positivo para el remo del Club de Regatas y de Corrientes en general, ahora la instituci\u00f3n busca generar entusiasmo para los m\u00e1s j\u00f3venes, aquellos que est\u00e1n aprendiendo a remar y que se inician en la escuela de la disciplina.<\/p>\n\n\n\n<p>Es por ello que la subcomisi\u00f3n y el coordinador de la actividad, <strong>Harris Gonz\u00e1lez Escobar, <\/strong>apoyados por la Comisi\u00f3n Directiva del club y la Direcci\u00f3n de Deportes, decidieron organizar y llevar a cabo un encuentro entre diferentes escuelas de remo.<\/p>\n\n\n\n<div class=\"wp-block-image\"><figure class=\"aligncenter size-full\"><img loading=\"lazy\" decoding=\"async\" width=\"800\" height=\"526\" src=\"https:\/\/crc.org.ar\/w\/wp-content\/uploads\/2021\/11\/rsREMO-1.jpg\" alt=\"\" class=\"wp-image-30231\" srcset=\"https:\/\/crc.org.ar\/w\/wp-content\/uploads\/2021\/11\/rsREMO-1.jpg 800w, https:\/\/crc.org.ar\/w\/wp-content\/uploads\/2021\/11\/rsREMO-1-300x197.jpg 300w, https:\/\/crc.org.ar\/w\/wp-content\/uploads\/2021\/11\/rsREMO-1-768x505.jpg 768w, https:\/\/crc.org.ar\/w\/wp-content\/uploads\/2021\/11\/rsREMO-1-310x205.jpg 310w\" sizes=\"(max-width: 800px) 100vw, 800px\" \/><\/figure><\/div>\n\n\n\n<p>El encuentro de integraci\u00f3n entre escuelas de remo se llevar\u00e1 a cabo este fin de semana, desde el s\u00e1bado 20 hasta el 22, aprovechando el feriado del lunes, y representar\u00e1 una de las primeras experiencias de este tipo para el club del parque Mitre.<\/p>\n\n\n\n<p>Esto surge de la iniciativa entre clubes amigos de poder compartir en el marco de un encuentro que busca generar nuevos lazos entre los m\u00e1s nuevos iniciados en la actividad con otros deportistas de otros clubes y con otras experiencias.<\/p>\n\n\n\n<p>Adem\u00e1s del club anfitri\u00f3n, estar\u00e1n participando del evento N\u00e1utico Gualeguaych\u00fa y N\u00e1utico Paran\u00e1, ambos de Entre R\u00edos. Adem\u00e1s, Escuela de Remo y Triatl\u00f3n Tup\u00e1 de Santa Fe, y por \u00faltimo N\u00e1utico R\u00edo Paran\u00e1 de Corrientes.<\/p>\n\n\n\n<p>Ser\u00e1 un fin de semana que terminar\u00e1 de coronar un gran a\u00f1o para el remo regatense, y que tambi\u00e9n marca uno de los objetivos para el verano 2021\/22, que es el del crecimiento del deporte en las bases apoyados en la escuela.<\/p>\n","protected":false},"excerpt":{"rendered":"<p>(Mi\u00e9rcoles 17 de noviembre de 2021). El fin de semana se llevar\u00e1 a cabo en Corrientes un encuentro de integraci\u00f3n de escuelas de remo. Participar\u00e1n escuelas de tres provincias distintas. Tras un a\u00f1o muy positivo para el remo del Club de Regatas y de Corrientes en general, ahora la instituci\u00f3n busca generar entusiasmo para los &hellip;<\/p>\n","protected":false},"author":1,"featured_media":30231,"comment_status":"closed","ping_status":"closed","sticky":false,"template":"","format":"standard","meta":{"footnotes":""},"categories":[156,18],"tags":[],"_links":{"self":[{"href":"https:\/\/crc.org.ar\/w\/wp-json\/wp\/v2\/posts\/30230"}],"collection":[{"href":"https:\/\/crc.org.ar\/w\/wp-json\/wp\/v2\/posts"}],"about":[{"href":"https:\/\/crc.org.ar\/w\/wp-json\/wp\/v2\/types\/post"}],"author":[{"embeddable":true,"href":"https:\/\/crc.org.ar\/w\/wp-json\/wp\/v2\/users\/1"}],"replies":[{"embeddable":true,"href":"https:\/\/crc.org.ar\/w\/wp-json\/wp\/v2\/comments?post=30230"}],"version-history":[{"count":1,"href":"https:\/\/crc.org.ar\/w\/wp-json\/wp\/v2\/posts\/30230\/revisions"}],"predecessor-version":[{"id":30232,"href":"https:\/\/crc.org.ar\/w\/wp-json\/wp\/v2\/posts\/30230\/revisions\/30232"}],"wp:featuredmedia":[{"embeddable":true,"href":"https:\/\/crc.org.ar\/w\/wp-json\/wp\/v2\/media\/30231"}],"wp:attachment":[{"href":"https:\/\/crc.org.ar\/w\/wp-json\/wp\/v2\/media?parent=30230"}],"wp:term":[{"taxonomy":"category","embeddable":true,"href":"https:\/\/crc.org.ar\/w\/wp-json\/wp\/v2\/categories?post=30230"},{"taxonomy":"post_tag","embeddable":true,"href":"https:\/\/crc.org.ar\/w\/wp-json\/wp\/v2\/tags?post=30230"}],"curies":[{"name":"wp","href":"https:\/\/api.w.org\/{rel}","templated":true}]}}