{"id":30245,"date":"2021-11-18T12:45:05","date_gmt":"2021-11-18T15:45:05","guid":{"rendered":"https:\/\/crc.org.ar\/w\/?p=30245"},"modified":"2021-11-18T12:45:06","modified_gmt":"2021-11-18T15:45:06","slug":"el-mini-remero-tuvo-un-entrenamiento-de-primer-nivel","status":"publish","type":"post","link":"https:\/\/crc.org.ar\/w\/el-mini-remero-tuvo-un-entrenamiento-de-primer-nivel\/","title":{"rendered":"El mini \u201cremero\u201d tuvo un entrenamiento de primer nivel"},"content":{"rendered":"\n<p>(Jueves 18 de diciembre de 2021). Los chicos de minib\u00e1squet de Regatas Corrientes fueron sorprendidos en su tarde de entrenamiento con la aparici\u00f3n de sus \u00eddolos de la Liga Nacional.<\/p>\n\n\n\n<!--more-->\n\n\n\n<p>La tarde de mi\u00e9rcoles estaba gris y lluviosa en Corrientes, pero en el Jos\u00e9 Jorge Contte sali\u00f3 el sol para los chicos de minib\u00e1squet del Club de Regatas, ya que recibieron una sorpresa al tener presentes a los jugadores del plantel de la Liga Nacional de B\u00e1squetbol en la pr\u00e1ctica.<\/p>\n\n\n\n<p>La jornada se ide\u00f3 en colaboraci\u00f3n de el coordinador del mini b\u00e1squet, <strong>Germ\u00e1n \u201cChiche\u201d Rold\u00e1n,<\/strong> con el cuerpo t\u00e9cnico de la Liga Nacional, encabezado por <strong>Gabriel Piccato <\/strong>y su asistente <strong>Maximiliano Seigorman.<\/strong><\/p>\n\n\n\n<p>La pr\u00e1ctica de los preminis arranc\u00f3 a las 15:30, quienes fueron los primeros en recibir la sorpresa, ya que aparecieron los bases <strong>Marco Giordano <\/strong>y <strong>Tob\u00edas Franchela<\/strong>, acompa\u00f1ados de <strong>Seigorman. <\/strong>&nbsp;<\/p>\n\n\n\n<p>En primera instancia se realizaron algunos trabajos que mezclaron los l\u00fadico con lo t\u00e9cnico, donde <strong>Giordano, Franchela <\/strong>y <strong>Seigorman <\/strong>dividieron el entrenamiento en tres grupos, donde los jugadores y el entrenador brindaron consejos y tips de t\u00e9cnica.<\/p>\n\n\n\n<figure class=\"wp-block-gallery columns-3 is-cropped wp-block-gallery-1 is-layout-flex wp-block-gallery-is-layout-flex\"><ul class=\"blocks-gallery-grid\"><li class=\"blocks-gallery-item\"><figure><a href=\"https:\/\/crc.org.ar\/w\/wp-content\/uploads\/2021\/11\/rs2-2.jpg\"><img loading=\"lazy\" decoding=\"async\" width=\"800\" height=\"534\" src=\"https:\/\/crc.org.ar\/w\/wp-content\/uploads\/2021\/11\/rs2-2.jpg\" alt=\"\" data-id=\"30246\" data-full-url=\"https:\/\/crc.org.ar\/w\/wp-content\/uploads\/2021\/11\/rs2-2.jpg\" data-link=\"https:\/\/crc.org.ar\/w\/?attachment_id=30246\" class=\"wp-image-30246\" srcset=\"https:\/\/crc.org.ar\/w\/wp-content\/uploads\/2021\/11\/rs2-2.jpg 800w, https:\/\/crc.org.ar\/w\/wp-content\/uploads\/2021\/11\/rs2-2-300x200.jpg 300w, https:\/\/crc.org.ar\/w\/wp-content\/uploads\/2021\/11\/rs2-2-768x513.jpg 768w\" sizes=\"(max-width: 800px) 100vw, 800px\" \/><\/a><\/figure><\/li><li class=\"blocks-gallery-item\"><figure><a href=\"https:\/\/crc.org.ar\/w\/wp-content\/uploads\/2021\/11\/rs4-1.jpg\"><img loading=\"lazy\" decoding=\"async\" width=\"800\" height=\"534\" src=\"https:\/\/crc.org.ar\/w\/wp-content\/uploads\/2021\/11\/rs4-1.jpg\" alt=\"\" data-id=\"30247\" data-full-url=\"https:\/\/crc.org.ar\/w\/wp-content\/uploads\/2021\/11\/rs4-1.jpg\" data-link=\"https:\/\/crc.org.ar\/w\/?attachment_id=30247\" class=\"wp-image-30247\" srcset=\"https:\/\/crc.org.ar\/w\/wp-content\/uploads\/2021\/11\/rs4-1.jpg 800w, https:\/\/crc.org.ar\/w\/wp-content\/uploads\/2021\/11\/rs4-1-300x200.jpg 300w, https:\/\/crc.org.ar\/w\/wp-content\/uploads\/2021\/11\/rs4-1-768x513.jpg 768w\" sizes=\"(max-width: 800px) 100vw, 800px\" \/><\/a><\/figure><\/li><li class=\"blocks-gallery-item\"><figure><a href=\"https:\/\/crc.org.ar\/w\/wp-content\/uploads\/2021\/11\/rs6-1.jpg\"><img loading=\"lazy\" decoding=\"async\" width=\"800\" height=\"543\" src=\"https:\/\/crc.org.ar\/w\/wp-content\/uploads\/2021\/11\/rs6-1.jpg\" alt=\"\" data-id=\"30248\" data-full-url=\"https:\/\/crc.org.ar\/w\/wp-content\/uploads\/2021\/11\/rs6-1.jpg\" data-link=\"https:\/\/crc.org.ar\/w\/?attachment_id=30248\" class=\"wp-image-30248\" srcset=\"https:\/\/crc.org.ar\/w\/wp-content\/uploads\/2021\/11\/rs6-1.jpg 800w, https:\/\/crc.org.ar\/w\/wp-content\/uploads\/2021\/11\/rs6-1-300x204.jpg 300w, https:\/\/crc.org.ar\/w\/wp-content\/uploads\/2021\/11\/rs6-1-768x521.jpg 768w, https:\/\/crc.org.ar\/w\/wp-content\/uploads\/2021\/11\/rs6-1-110x75.jpg 110w\" sizes=\"(max-width: 800px) 100vw, 800px\" \/><\/a><\/figure><\/li><li class=\"blocks-gallery-item\"><figure><a href=\"https:\/\/crc.org.ar\/w\/wp-content\/uploads\/2021\/11\/rs8-1.jpg\"><img loading=\"lazy\" decoding=\"async\" width=\"800\" height=\"534\" src=\"https:\/\/crc.org.ar\/w\/wp-content\/uploads\/2021\/11\/rs8-1.jpg\" alt=\"\" data-id=\"30249\" data-full-url=\"https:\/\/crc.org.ar\/w\/wp-content\/uploads\/2021\/11\/rs8-1.jpg\" data-link=\"https:\/\/crc.org.ar\/w\/?attachment_id=30249\" class=\"wp-image-30249\" srcset=\"https:\/\/crc.org.ar\/w\/wp-content\/uploads\/2021\/11\/rs8-1.jpg 800w, https:\/\/crc.org.ar\/w\/wp-content\/uploads\/2021\/11\/rs8-1-300x200.jpg 300w, https:\/\/crc.org.ar\/w\/wp-content\/uploads\/2021\/11\/rs8-1-768x513.jpg 768w\" sizes=\"(max-width: 800px) 100vw, 800px\" \/><\/a><\/figure><\/li><li class=\"blocks-gallery-item\"><figure><a href=\"https:\/\/crc.org.ar\/w\/wp-content\/uploads\/2021\/11\/rs9-1.jpg\"><img loading=\"lazy\" decoding=\"async\" width=\"800\" height=\"519\" src=\"https:\/\/crc.org.ar\/w\/wp-content\/uploads\/2021\/11\/rs9-1.jpg\" alt=\"\" data-id=\"30250\" data-full-url=\"https:\/\/crc.org.ar\/w\/wp-content\/uploads\/2021\/11\/rs9-1.jpg\" data-link=\"https:\/\/crc.org.ar\/w\/?attachment_id=30250\" class=\"wp-image-30250\" srcset=\"https:\/\/crc.org.ar\/w\/wp-content\/uploads\/2021\/11\/rs9-1.jpg 800w, https:\/\/crc.org.ar\/w\/wp-content\/uploads\/2021\/11\/rs9-1-300x195.jpg 300w, https:\/\/crc.org.ar\/w\/wp-content\/uploads\/2021\/11\/rs9-1-768x498.jpg 768w\" sizes=\"(max-width: 800px) 100vw, 800px\" \/><\/a><\/figure><\/li><li class=\"blocks-gallery-item\"><figure><a href=\"https:\/\/crc.org.ar\/w\/wp-content\/uploads\/2021\/11\/rs12.jpg\"><img loading=\"lazy\" decoding=\"async\" width=\"800\" height=\"470\" src=\"https:\/\/crc.org.ar\/w\/wp-content\/uploads\/2021\/11\/rs12.jpg\" alt=\"\" data-id=\"30251\" data-full-url=\"https:\/\/crc.org.ar\/w\/wp-content\/uploads\/2021\/11\/rs12.jpg\" data-link=\"https:\/\/crc.org.ar\/w\/?attachment_id=30251\" class=\"wp-image-30251\" srcset=\"https:\/\/crc.org.ar\/w\/wp-content\/uploads\/2021\/11\/rs12.jpg 800w, https:\/\/crc.org.ar\/w\/wp-content\/uploads\/2021\/11\/rs12-300x176.jpg 300w, https:\/\/crc.org.ar\/w\/wp-content\/uploads\/2021\/11\/rs12-768x451.jpg 768w\" sizes=\"(max-width: 800px) 100vw, 800px\" \/><\/a><\/figure><\/li><li class=\"blocks-gallery-item\"><figure><a href=\"https:\/\/crc.org.ar\/w\/wp-content\/uploads\/2021\/11\/rs13.jpg\"><img loading=\"lazy\" decoding=\"async\" width=\"800\" height=\"530\" src=\"https:\/\/crc.org.ar\/w\/wp-content\/uploads\/2021\/11\/rs13.jpg\" alt=\"\" data-id=\"30252\" data-full-url=\"https:\/\/crc.org.ar\/w\/wp-content\/uploads\/2021\/11\/rs13.jpg\" data-link=\"https:\/\/crc.org.ar\/w\/?attachment_id=30252\" class=\"wp-image-30252\" srcset=\"https:\/\/crc.org.ar\/w\/wp-content\/uploads\/2021\/11\/rs13.jpg 800w, https:\/\/crc.org.ar\/w\/wp-content\/uploads\/2021\/11\/rs13-300x199.jpg 300w, https:\/\/crc.org.ar\/w\/wp-content\/uploads\/2021\/11\/rs13-768x509.jpg 768w, https:\/\/crc.org.ar\/w\/wp-content\/uploads\/2021\/11\/rs13-310x205.jpg 310w\" sizes=\"(max-width: 800px) 100vw, 800px\" \/><\/a><\/figure><\/li><\/ul><\/figure>\n\n\n\n<p>Sobre el cierre de la pr\u00e1ctica los chicos tuvieron la oportunidad de dialogar y hacerle preguntas espec\u00edficas a sus \u00eddolos. Desde como es la vida de un jugador, que es lo que m\u00e1s les gusta de la vida del deportista, que comen, si recuerdan su etapa de mini, entre muchas otras cosas.<\/p>\n\n\n\n<p>Al t\u00e9rmino, llegaron los chicos y chicas del mini, quienes recibieron a <strong>Agust\u00edn C\u00e1ffaro <\/strong>y a <strong>Skyler Hogan. <\/strong>All\u00ed se dio algo muy particular, ya que una de las jugadoras presentes hizo las veces de traductora con el for\u00e1neo, demostrando su manejo del ingl\u00e9s, dejando at\u00f3nitos hasta a los mismos profesores.<\/p>\n\n\n\n<p>Ya para las 19:30, les toc\u00f3 la oportunidad a los m\u00e1s grandes del mini, los chicos de la categor\u00eda U13, quienes contaron con la presencia de dos \u00edconos del Club de Regatas: <strong>Paolo Quinteros, <\/strong>el \u00eddolo de la instituci\u00f3n, y <strong>Juan Pablo Arengo, <\/strong>el hombre de la casa que transito toda su vida en el club.<\/p>\n\n\n\n<p>De esta forma, se llev\u00f3 a cabo una linda iniciativa que brind\u00f3 una motivaci\u00f3n m\u00e1s para los m\u00e1s j\u00f3venes de la disciplina, donde el plantel profesional pudo ser parte del proceso formativo de los chicos. Adem\u00e1s, los jugadores que no estuvieron presentes, se ofrecieron para hacerlo en nuevas oportunidades, lo que demuestra el entusiasmo de ellos y lo positivo de la jornada.<\/p>\n","protected":false},"excerpt":{"rendered":"<p>(Jueves 18 de diciembre de 2021). Los chicos de minib\u00e1squet de Regatas Corrientes fueron sorprendidos en su tarde de entrenamiento con la aparici\u00f3n de sus \u00eddolos de la Liga Nacional. La tarde de mi\u00e9rcoles estaba gris y lluviosa en Corrientes, pero en el Jos\u00e9 Jorge Contte sali\u00f3 el sol para los chicos de minib\u00e1squet del &hellip;<\/p>\n","protected":false},"author":1,"featured_media":30251,"comment_status":"closed","ping_status":"closed","sticky":false,"template":"","format":"standard","meta":{"footnotes":""},"categories":[71,156],"tags":[],"_links":{"self":[{"href":"https:\/\/crc.org.ar\/w\/wp-json\/wp\/v2\/posts\/30245"}],"collection":[{"href":"https:\/\/crc.org.ar\/w\/wp-json\/wp\/v2\/posts"}],"about":[{"href":"https:\/\/crc.org.ar\/w\/wp-json\/wp\/v2\/types\/post"}],"author":[{"embeddable":true,"href":"https:\/\/crc.org.ar\/w\/wp-json\/wp\/v2\/users\/1"}],"replies":[{"embeddable":true,"href":"https:\/\/crc.org.ar\/w\/wp-json\/wp\/v2\/comments?post=30245"}],"version-history":[{"count":1,"href":"https:\/\/crc.org.ar\/w\/wp-json\/wp\/v2\/posts\/30245\/revisions"}],"predecessor-version":[{"id":30253,"href":"https:\/\/crc.org.ar\/w\/wp-json\/wp\/v2\/posts\/30245\/revisions\/30253"}],"wp:featuredmedia":[{"embeddable":true,"href":"https:\/\/crc.org.ar\/w\/wp-json\/wp\/v2\/media\/30251"}],"wp:attachment":[{"href":"https:\/\/crc.org.ar\/w\/wp-json\/wp\/v2\/media?parent=30245"}],"wp:term":[{"taxonomy":"category","embeddable":true,"href":"https:\/\/crc.org.ar\/w\/wp-json\/wp\/v2\/categories?post=30245"},{"taxonomy":"post_tag","embeddable":true,"href":"https:\/\/crc.org.ar\/w\/wp-json\/wp\/v2\/tags?post=30245"}],"curies":[{"name":"wp","href":"https:\/\/api.w.org\/{rel}","templated":true}]}}