{"id":30281,"date":"2021-11-24T12:28:45","date_gmt":"2021-11-24T15:28:45","guid":{"rendered":"https:\/\/crc.org.ar\/w\/?p=30281"},"modified":"2021-11-24T12:28:47","modified_gmt":"2021-11-24T15:28:47","slug":"regatas-cayo-en-el-primer-duelo","status":"publish","type":"post","link":"https:\/\/crc.org.ar\/w\/regatas-cayo-en-el-primer-duelo\/","title":{"rendered":"Regatas cay\u00f3 en el primer duelo"},"content":{"rendered":"\n<p>(Mi\u00e9rcoles 24 de noviembre de 2021). Regatas Corrientes cay\u00f3 con Col\u00f3n por 93 a 85 a en el primer duelo de la final de la Copa Municipalidad de Corrientes. El viernes ser\u00e1 el segundo juego de la serie.<\/p>\n\n\n\n<!--more-->\n\n\n\n<p>El martes por la noche en el estadio Mariano Andino Igarz\u00e1bal se llev\u00f3 adelante el primer punto de la final del Torneo de Primera Divisi\u00f3n de la ABCC en busca de la Copa Municipalidad de la Ciudad de Corrientes, donde el Club de Regatas Corrientes cay\u00f3 con Col\u00f3n por 93 a 85.<\/p>\n\n\n\n<p>El partido tuvo un tr\u00e1mite parejo en el primer cuarto, con cada equipo mostrando sus armas ofensivas, y con una gran intensidad por parte del \u201cremero\u201d, la cual supo ser contestada por Col\u00f3n, que con un gran cuarto inicial de <strong>Ayrton Sequeira<\/strong> se qued\u00f3 con el primer parcial 18 a 15.<\/p>\n\n\n\n<figure class=\"wp-block-gallery columns-3 is-cropped wp-block-gallery-1 is-layout-flex wp-block-gallery-is-layout-flex\"><ul class=\"blocks-gallery-grid\"><li class=\"blocks-gallery-item\"><figure><a href=\"https:\/\/crc.org.ar\/w\/wp-content\/uploads\/2021\/11\/Calvi.jpeg\"><img loading=\"lazy\" decoding=\"async\" width=\"1280\" height=\"853\" src=\"https:\/\/crc.org.ar\/w\/wp-content\/uploads\/2021\/11\/Calvi.jpeg\" alt=\"\" data-id=\"30282\" data-full-url=\"https:\/\/crc.org.ar\/w\/wp-content\/uploads\/2021\/11\/Calvi.jpeg\" data-link=\"https:\/\/crc.org.ar\/w\/?attachment_id=30282\" class=\"wp-image-30282\" srcset=\"https:\/\/crc.org.ar\/w\/wp-content\/uploads\/2021\/11\/Calvi.jpeg 1280w, https:\/\/crc.org.ar\/w\/wp-content\/uploads\/2021\/11\/Calvi-300x200.jpeg 300w, https:\/\/crc.org.ar\/w\/wp-content\/uploads\/2021\/11\/Calvi-768x512.jpeg 768w\" sizes=\"(max-width: 1280px) 100vw, 1280px\" \/><\/a><\/figure><\/li><li class=\"blocks-gallery-item\"><figure><a href=\"https:\/\/crc.org.ar\/w\/wp-content\/uploads\/2021\/11\/Franchela-1.jpeg\"><img loading=\"lazy\" decoding=\"async\" width=\"1280\" height=\"853\" src=\"https:\/\/crc.org.ar\/w\/wp-content\/uploads\/2021\/11\/Franchela-1.jpeg\" alt=\"\" data-id=\"30283\" data-full-url=\"https:\/\/crc.org.ar\/w\/wp-content\/uploads\/2021\/11\/Franchela-1.jpeg\" data-link=\"https:\/\/crc.org.ar\/w\/?attachment_id=30283\" class=\"wp-image-30283\" srcset=\"https:\/\/crc.org.ar\/w\/wp-content\/uploads\/2021\/11\/Franchela-1.jpeg 1280w, https:\/\/crc.org.ar\/w\/wp-content\/uploads\/2021\/11\/Franchela-1-300x200.jpeg 300w, https:\/\/crc.org.ar\/w\/wp-content\/uploads\/2021\/11\/Franchela-1-768x512.jpeg 768w\" sizes=\"(max-width: 1280px) 100vw, 1280px\" \/><\/a><\/figure><\/li><li class=\"blocks-gallery-item\"><figure><a href=\"https:\/\/crc.org.ar\/w\/wp-content\/uploads\/2021\/11\/Gauto-1.jpeg\"><img loading=\"lazy\" decoding=\"async\" width=\"1280\" height=\"853\" src=\"https:\/\/crc.org.ar\/w\/wp-content\/uploads\/2021\/11\/Gauto-1.jpeg\" alt=\"\" data-id=\"30284\" data-full-url=\"https:\/\/crc.org.ar\/w\/wp-content\/uploads\/2021\/11\/Gauto-1.jpeg\" data-link=\"https:\/\/crc.org.ar\/w\/?attachment_id=30284\" class=\"wp-image-30284\" srcset=\"https:\/\/crc.org.ar\/w\/wp-content\/uploads\/2021\/11\/Gauto-1.jpeg 1280w, https:\/\/crc.org.ar\/w\/wp-content\/uploads\/2021\/11\/Gauto-1-300x200.jpeg 300w, https:\/\/crc.org.ar\/w\/wp-content\/uploads\/2021\/11\/Gauto-1-768x512.jpeg 768w\" sizes=\"(max-width: 1280px) 100vw, 1280px\" \/><\/a><\/figure><\/li><li class=\"blocks-gallery-item\"><figure><a href=\"https:\/\/crc.org.ar\/w\/wp-content\/uploads\/2021\/11\/Marco-2-3.jpeg\"><img loading=\"lazy\" decoding=\"async\" width=\"1280\" height=\"853\" src=\"https:\/\/crc.org.ar\/w\/wp-content\/uploads\/2021\/11\/Marco-2-3.jpeg\" alt=\"\" data-id=\"30285\" data-full-url=\"https:\/\/crc.org.ar\/w\/wp-content\/uploads\/2021\/11\/Marco-2-3.jpeg\" data-link=\"https:\/\/crc.org.ar\/w\/?attachment_id=30285\" class=\"wp-image-30285\" srcset=\"https:\/\/crc.org.ar\/w\/wp-content\/uploads\/2021\/11\/Marco-2-3.jpeg 1280w, https:\/\/crc.org.ar\/w\/wp-content\/uploads\/2021\/11\/Marco-2-3-300x200.jpeg 300w, https:\/\/crc.org.ar\/w\/wp-content\/uploads\/2021\/11\/Marco-2-3-768x512.jpeg 768w\" sizes=\"(max-width: 1280px) 100vw, 1280px\" \/><\/a><\/figure><\/li><li class=\"blocks-gallery-item\"><figure><a href=\"https:\/\/crc.org.ar\/w\/wp-content\/uploads\/2021\/11\/scacchi-1.jpeg\"><img loading=\"lazy\" decoding=\"async\" width=\"1280\" height=\"853\" src=\"https:\/\/crc.org.ar\/w\/wp-content\/uploads\/2021\/11\/scacchi-1.jpeg\" alt=\"\" data-id=\"30286\" data-full-url=\"https:\/\/crc.org.ar\/w\/wp-content\/uploads\/2021\/11\/scacchi-1.jpeg\" data-link=\"https:\/\/crc.org.ar\/w\/?attachment_id=30286\" class=\"wp-image-30286\" srcset=\"https:\/\/crc.org.ar\/w\/wp-content\/uploads\/2021\/11\/scacchi-1.jpeg 1280w, https:\/\/crc.org.ar\/w\/wp-content\/uploads\/2021\/11\/scacchi-1-300x200.jpeg 300w, https:\/\/crc.org.ar\/w\/wp-content\/uploads\/2021\/11\/scacchi-1-768x512.jpeg 768w\" sizes=\"(max-width: 1280px) 100vw, 1280px\" \/><\/a><\/figure><\/li><\/ul><\/figure>\n\n\n\n<p>El periodo ser\u00eda una excepci\u00f3n al resto del duelo, ya que el score no marc\u00f3 lo que terminar\u00eda siendo el juego. Pero ya en el segundo cuarto, las cosas cambiaron, y fue el campe\u00f3n de la Copa Palacio quien manej\u00f3 el rumbo, escap\u00e1ndose hasta por 16 (36 a 20) en seis de juego. El \u201cfantasma\u201d tuvo que luchar dem\u00e1s para volver a ponerse en partido, y cerr\u00f3 el primer tiempo abajo por 42 a 35.<\/p>\n\n\n\n<p>Tras el descanso largo, comandados por <strong>Franchela <\/strong>y <strong>Gauto <\/strong>Regatas pudo volver a ponerse al acecho, e incluso se coloc\u00f3 por primera vez al frente en el marcador 44 a 45 en apenas dos minutos y medios de partido, colocando un parcial de 2 a 10 en su favor. All\u00ed el partido tom\u00f3 alto vuelo, con el \u201cvioleta\u201d volviendo a tomar el protagonismo en el tablero, pero con un juego mucho m\u00e1s parejo de gol a gol, cerrando el ante\u00faltimo periodo 66 a 64.<\/p>\n\n\n\n<p>El \u00faltimo cuarto tuvo a dos figuras descollantes, <strong>Agust\u00edn Tabernero <\/strong>y <strong>Juan Cruz Cequeira, <\/strong>quienes condujeron a Col\u00f3n en la ofensiva, mientras que en defensa lograron cerrarse bien y otorg\u00e1ndole los tiros externos a Regatas que no estuvo fino. En cinco y fracci\u00f3n de juego los de calle Catamarca llegaron a sacar 14 de luz, 84 a 70, y a partir de all\u00ed jugaron con esa ventaja, y la pudieron sostener, aguantando la embestida rival que se hizo firme con <strong>Franchela.<\/strong><\/p>\n\n\n\n<p>De esta forma, los dirigidos por <strong>Gerson Cequeira <\/strong>dieron el primer golpe en la final del Cuadrangular ganando 93 a 85, con un gran juego. El viernes, el \u201cremero\u201d tendr\u00e1 la oportunidad de devolver gentilezas en el segundo punto de la serie, que se jugar\u00e1 a las 22:45 en cancha del Club C\u00f3rdoba.<\/p>\n\n\n\n<p><strong>La s\u00edntesis:<\/strong><\/p>\n\n\n\n<p><strong>Col\u00f3n (93): <\/strong>Pablo Quagliozzi 0, Cristian P\u00e9rez 26, Juan Cruz Cequeira 18, Ayrton Sequeira 21 y Agust\u00edn Tabernero 26 (FI); Ivo Russo 2 y Carlos Cazorla 0.<\/p>\n\n\n\n<p><strong>DT: <\/strong>Gerson Sequeira.<\/p>\n\n\n\n<p><strong>Regatas (85): <\/strong>Tob\u00edas Franchela 26, Fabio Gauto 15, Juan Cruz Scacchi 13, Santiago Fiorio 14 y Rey Abad 6 (FI); Franco Zalazar 0, Ignacio Marc\u00f3 11, Jos\u00e9 Rolnik 0 y Valentino Yordan 0.<\/p>\n\n\n\n<p><strong>DT: <\/strong>Fernando Calvi.<\/p>\n\n\n\n<p><strong>Parciales: <\/strong>18\/15, 42\/35 (24\/20), 66\/64 (24\/29), 93\/85 (27\/21).<\/p>\n\n\n\n<p><strong>Jueces: <\/strong>Guido Estigarribia, Alejandro Costa y Cristian Margalot.<\/p>\n\n\n\n<p><strong>Estadio: <\/strong>Mariano Andino Igarz\u00e1bal.<\/p>\n","protected":false},"excerpt":{"rendered":"<p>(Mi\u00e9rcoles 24 de noviembre de 2021). Regatas Corrientes cay\u00f3 con Col\u00f3n por 93 a 85 a en el primer duelo de la final de la Copa Municipalidad de Corrientes. El viernes ser\u00e1 el segundo juego de la serie. El martes por la noche en el estadio Mariano Andino Igarz\u00e1bal se llev\u00f3 adelante el primer punto &hellip;<\/p>\n","protected":false},"author":1,"featured_media":30283,"comment_status":"closed","ping_status":"closed","sticky":false,"template":"","format":"standard","meta":{"footnotes":""},"categories":[80,156],"tags":[],"_links":{"self":[{"href":"https:\/\/crc.org.ar\/w\/wp-json\/wp\/v2\/posts\/30281"}],"collection":[{"href":"https:\/\/crc.org.ar\/w\/wp-json\/wp\/v2\/posts"}],"about":[{"href":"https:\/\/crc.org.ar\/w\/wp-json\/wp\/v2\/types\/post"}],"author":[{"embeddable":true,"href":"https:\/\/crc.org.ar\/w\/wp-json\/wp\/v2\/users\/1"}],"replies":[{"embeddable":true,"href":"https:\/\/crc.org.ar\/w\/wp-json\/wp\/v2\/comments?post=30281"}],"version-history":[{"count":1,"href":"https:\/\/crc.org.ar\/w\/wp-json\/wp\/v2\/posts\/30281\/revisions"}],"predecessor-version":[{"id":30287,"href":"https:\/\/crc.org.ar\/w\/wp-json\/wp\/v2\/posts\/30281\/revisions\/30287"}],"wp:featuredmedia":[{"embeddable":true,"href":"https:\/\/crc.org.ar\/w\/wp-json\/wp\/v2\/media\/30283"}],"wp:attachment":[{"href":"https:\/\/crc.org.ar\/w\/wp-json\/wp\/v2\/media?parent=30281"}],"wp:term":[{"taxonomy":"category","embeddable":true,"href":"https:\/\/crc.org.ar\/w\/wp-json\/wp\/v2\/categories?post=30281"},{"taxonomy":"post_tag","embeddable":true,"href":"https:\/\/crc.org.ar\/w\/wp-json\/wp\/v2\/tags?post=30281"}],"curies":[{"name":"wp","href":"https:\/\/api.w.org\/{rel}","templated":true}]}}