{"id":30300,"date":"2021-11-25T20:42:35","date_gmt":"2021-11-25T23:42:35","guid":{"rendered":"https:\/\/crc.org.ar\/w\/?p=30300"},"modified":"2021-11-25T20:42:36","modified_gmt":"2021-11-25T23:42:36","slug":"arranca-el-torneo-raul-antonio-simon","status":"publish","type":"post","link":"https:\/\/crc.org.ar\/w\/arranca-el-torneo-raul-antonio-simon\/","title":{"rendered":"Arranca el Torneo Ra\u00fal Antonio Sim\u00f3n"},"content":{"rendered":"\n<p>(jueves 26 de noviembre de 2021). Este viernes arrancar\u00e1 el torneo Ra\u00fal Antonio Sim\u00f3n. Reservado para la categor\u00eda U15 y con la presencia de clubes de la regi\u00f3n. Regatas Corrientes vs Selecci\u00f3n ser\u00e1 el duelo inaugural desde las 20 horas en el Jos\u00e9 Jorge Contte.<\/p>\n\n\n\n<!--more-->\n\n\n\n<p>Desde este viernes y hasta el domingo 28 se disputar\u00e1 el torneo U15 \u201cRa\u00fal Antonio Sim\u00f3n\u201d. El mismo ser\u00e1 con la participaci\u00f3n de Regatas Corrientes (anfitri\u00f3n), San Martin de Corrientes, Regatas Resistencia, Villa San Martin de Resistencia y la selecci\u00f3n correntina en representaci\u00f3n de la Federaci\u00f3n de Basquetbol de la Provincia de Corrientes.<\/p>\n\n\n\n<p>Por iniciativa de los entrenadores Alejandro Silveira y Germ\u00e1n \u201cChiche\u201d Rold\u00e1n, y con el apoyo de la Honorable Comisi\u00f3n Directiva, se decidi\u00f3 que el torneo lleve el nombre de Ra\u00fal Sim\u00f3n, dirigente de Regatas, que nos dej\u00f3 f\u00edsicamente el pasado 27 de septiembre. Sim\u00f3n adem\u00e1s de un dirigente apasionado que estuvo ligado a su labor por casi 20 a\u00f1os, era un fan\u00e1tico regatense y siempre brind\u00f3 su apoyo al basquet.<\/p>\n\n\n\n<div class=\"wp-block-image\"><figure class=\"aligncenter size-full\"><img loading=\"lazy\" decoding=\"async\" width=\"1280\" height=\"1278\" src=\"https:\/\/crc.org.ar\/w\/wp-content\/uploads\/2021\/11\/grafica.jpeg\" alt=\"\" class=\"wp-image-30301\" srcset=\"https:\/\/crc.org.ar\/w\/wp-content\/uploads\/2021\/11\/grafica.jpeg 1280w, https:\/\/crc.org.ar\/w\/wp-content\/uploads\/2021\/11\/grafica-300x300.jpeg 300w, https:\/\/crc.org.ar\/w\/wp-content\/uploads\/2021\/11\/grafica-150x150.jpeg 150w, https:\/\/crc.org.ar\/w\/wp-content\/uploads\/2021\/11\/grafica-768x767.jpeg 768w\" sizes=\"(max-width: 1280px) 100vw, 1280px\" \/><\/figure><\/div>\n\n\n\n<p>El formato ser\u00e1 todos contra todos y cada equipo disputar\u00e1 un total de cuatro juegos, donde el campe\u00f3n ser\u00e1 quien finalice primero.<\/p>\n\n\n\n<p>El encuentro inaugural ser\u00e1 entre Regatas Corrientes ante Selecci\u00f3n a las 20 horas del d\u00eda viernes. Luego a segundo turno se jugar\u00e1 San Martin vs Regatas Resistencia. Los encuentros se disputar\u00e1n en el Jos\u00e9 Jorge Contte a excepci\u00f3n de la jornada matutina del s\u00e1bado que se disputar\u00e1 en el estadio del Club Ping\u00fcinos.<\/p>\n\n\n\n<p>Las entradas tendr\u00e1n un valor de $50 (cincuenta pesos) para menores y $100 (cien pesos) para mayores. En tanto que, los menores de 12 a\u00f1os ingresar\u00e1n gratis.<\/p>\n\n\n\n<p>FIXTURE<\/p>\n\n\n\n<p>VIERNES 26<br>20:00 REGATAS CORRIENTES VS SELECCI\u00d3N<br>21:45 SAN MARTIN VS REGATAS RESISTENCIA<\/p>\n\n\n\n<p>S\u00c1BADO 27<br>09:30 SELECCI\u00d3N VS VILLA SAN MARTIN (Club Ping\u00fcinos)<br>11:15 REGATAS CORRIENTES VS REGATAS RESISTENCIA (Club Ping\u00fcinos)<\/p>\n\n\n\n<p>19:30 SAN MARTIN VS SELECCI\u00d3N<br>21:15 REGATAS CORRIENTES VS VILLA SAN MARTIN<\/p>\n\n\n\n<p>DOMINGO 28<br>09:30 SELECCI\u00d3N VS REGATAS RESISTENCIA<br>11:15 SAN MARTIN VS VILLA SAN MARTIN<\/p>\n\n\n\n<p>19:30 REGATAS RESISTENCIA VS VILLA SAN MARTIN<br>21:15 REGATAS CORRIENTES VS SAN MARTIN<\/p>\n","protected":false},"excerpt":{"rendered":"<p>(jueves 26 de noviembre de 2021). Este viernes arrancar\u00e1 el torneo Ra\u00fal Antonio Sim\u00f3n. Reservado para la categor\u00eda U15 y con la presencia de clubes de la regi\u00f3n. Regatas Corrientes vs Selecci\u00f3n ser\u00e1 el duelo inaugural desde las 20 horas en el Jos\u00e9 Jorge Contte. Desde este viernes y hasta el domingo 28 se disputar\u00e1 &hellip;<\/p>\n","protected":false},"author":1,"featured_media":30301,"comment_status":"closed","ping_status":"closed","sticky":false,"template":"","format":"standard","meta":{"footnotes":""},"categories":[66,156],"tags":[],"_links":{"self":[{"href":"https:\/\/crc.org.ar\/w\/wp-json\/wp\/v2\/posts\/30300"}],"collection":[{"href":"https:\/\/crc.org.ar\/w\/wp-json\/wp\/v2\/posts"}],"about":[{"href":"https:\/\/crc.org.ar\/w\/wp-json\/wp\/v2\/types\/post"}],"author":[{"embeddable":true,"href":"https:\/\/crc.org.ar\/w\/wp-json\/wp\/v2\/users\/1"}],"replies":[{"embeddable":true,"href":"https:\/\/crc.org.ar\/w\/wp-json\/wp\/v2\/comments?post=30300"}],"version-history":[{"count":1,"href":"https:\/\/crc.org.ar\/w\/wp-json\/wp\/v2\/posts\/30300\/revisions"}],"predecessor-version":[{"id":30302,"href":"https:\/\/crc.org.ar\/w\/wp-json\/wp\/v2\/posts\/30300\/revisions\/30302"}],"wp:featuredmedia":[{"embeddable":true,"href":"https:\/\/crc.org.ar\/w\/wp-json\/wp\/v2\/media\/30301"}],"wp:attachment":[{"href":"https:\/\/crc.org.ar\/w\/wp-json\/wp\/v2\/media?parent=30300"}],"wp:term":[{"taxonomy":"category","embeddable":true,"href":"https:\/\/crc.org.ar\/w\/wp-json\/wp\/v2\/categories?post=30300"},{"taxonomy":"post_tag","embeddable":true,"href":"https:\/\/crc.org.ar\/w\/wp-json\/wp\/v2\/tags?post=30300"}],"curies":[{"name":"wp","href":"https:\/\/api.w.org\/{rel}","templated":true}]}}