{"id":30308,"date":"2021-11-27T16:45:41","date_gmt":"2021-11-27T19:45:41","guid":{"rendered":"https:\/\/crc.org.ar\/w\/?p=30308"},"modified":"2021-11-27T17:45:50","modified_gmt":"2021-11-27T20:45:50","slug":"regatas-vencio-a-colon-e-igualo-la-serie","status":"publish","type":"post","link":"https:\/\/crc.org.ar\/w\/regatas-vencio-a-colon-e-igualo-la-serie\/","title":{"rendered":"Regatas venci\u00f3 a Col\u00f3n e igual\u00f3 la serie"},"content":{"rendered":"\n<p>(Sabado 27 de noviembre de 2021). Regatas Corrientes se impuso ante Col\u00f3n por 82-78 y empat\u00f3 la serie final. Tob\u00edas Franchela fue el goleador con 29 puntos. La definici\u00f3n ser\u00e1 el lunes 29 a las 21.30 horas en el Club C\u00f3rdoba.<\/p>\n\n\n\n<!--more-->\n\n\n\n<p>El viernes por la noche en el estadio Mariano Andino Igarz\u00e1bal se disput\u00f3 el segundo punto de la final de la primera divisi\u00f3n de la Asociaci\u00f3n de Basquetbol de la ciudad, en busca de la Copa Municipalidad de la Ciudad de Corrientes, donde el Club de Regatas Corrientes venci\u00f3 a Col\u00f3n por 82-78 e igual\u00f3 la serie 1-1.<\/p>\n\n\n\n<p>Regatas sali\u00f3 decidido a dar la cara tras el traspi\u00e9 en el primer punto (cay\u00f3 por 93-85). Con un Tob\u00edas Franchela encendido en el ataque (autor de tres triples consecutivos) comenz\u00f3 lastimando el \u201cRemero\u201d. Col\u00f3n recostado en el juego de Cristian P\u00e9rez emparej\u00f3 las acciones, pero los de Calvi ajustaron en defensa y pudieron quedarse con el primer chico por 24-13.<\/p>\n\n\n\n<p>La paridad prim\u00f3 en el segundo cuarto donde Regatas lastim\u00f3 en el juego interior primero con Abad luego con Gauto. Col\u00f3n encontr\u00f3 gol en Cequeira y Tabernero. El parcial fue favorable al \u201cvioleta\u201d (21-22), sin embargo, el \u201cfantasma\u201d sigui\u00f3 muy s\u00f3lido con su tiro exterior con aportes de Marc\u00f3 y Fiorio y desde all\u00ed pudo mantener la diferencia al cierre del segundo cuarto 45-35.<\/p>\n\n\n\n<figure class=\"wp-block-gallery columns-3 is-cropped wp-block-gallery-1 is-layout-flex wp-block-gallery-is-layout-flex\"><ul class=\"blocks-gallery-grid\"><li class=\"blocks-gallery-item\"><figure><a href=\"https:\/\/crc.org.ar\/w\/wp-content\/uploads\/2021\/11\/Abad-1.jpeg\"><img loading=\"lazy\" decoding=\"async\" width=\"1280\" height=\"853\" src=\"https:\/\/crc.org.ar\/w\/wp-content\/uploads\/2021\/11\/Abad-1.jpeg\" alt=\"\" data-id=\"30309\" data-full-url=\"https:\/\/crc.org.ar\/w\/wp-content\/uploads\/2021\/11\/Abad-1.jpeg\" data-link=\"https:\/\/crc.org.ar\/w\/?attachment_id=30309\" class=\"wp-image-30309\" srcset=\"https:\/\/crc.org.ar\/w\/wp-content\/uploads\/2021\/11\/Abad-1.jpeg 1280w, https:\/\/crc.org.ar\/w\/wp-content\/uploads\/2021\/11\/Abad-1-300x200.jpeg 300w, https:\/\/crc.org.ar\/w\/wp-content\/uploads\/2021\/11\/Abad-1-768x512.jpeg 768w\" sizes=\"(max-width: 1280px) 100vw, 1280px\" \/><\/a><\/figure><\/li><li class=\"blocks-gallery-item\"><figure><a href=\"https:\/\/crc.org.ar\/w\/wp-content\/uploads\/2021\/11\/Festejo.jpeg\"><img loading=\"lazy\" decoding=\"async\" width=\"1280\" height=\"853\" src=\"https:\/\/crc.org.ar\/w\/wp-content\/uploads\/2021\/11\/Festejo.jpeg\" alt=\"\" data-id=\"30310\" data-full-url=\"https:\/\/crc.org.ar\/w\/wp-content\/uploads\/2021\/11\/Festejo.jpeg\" data-link=\"https:\/\/crc.org.ar\/w\/?attachment_id=30310\" class=\"wp-image-30310\" srcset=\"https:\/\/crc.org.ar\/w\/wp-content\/uploads\/2021\/11\/Festejo.jpeg 1280w, https:\/\/crc.org.ar\/w\/wp-content\/uploads\/2021\/11\/Festejo-300x200.jpeg 300w, https:\/\/crc.org.ar\/w\/wp-content\/uploads\/2021\/11\/Festejo-768x512.jpeg 768w\" sizes=\"(max-width: 1280px) 100vw, 1280px\" \/><\/a><\/figure><\/li><li class=\"blocks-gallery-item\"><figure><a href=\"https:\/\/crc.org.ar\/w\/wp-content\/uploads\/2021\/11\/Franchela-2.jpeg\"><img loading=\"lazy\" decoding=\"async\" width=\"1280\" height=\"853\" src=\"https:\/\/crc.org.ar\/w\/wp-content\/uploads\/2021\/11\/Franchela-2.jpeg\" alt=\"\" data-id=\"30311\" data-full-url=\"https:\/\/crc.org.ar\/w\/wp-content\/uploads\/2021\/11\/Franchela-2.jpeg\" data-link=\"https:\/\/crc.org.ar\/w\/?attachment_id=30311\" class=\"wp-image-30311\" srcset=\"https:\/\/crc.org.ar\/w\/wp-content\/uploads\/2021\/11\/Franchela-2.jpeg 1280w, https:\/\/crc.org.ar\/w\/wp-content\/uploads\/2021\/11\/Franchela-2-300x200.jpeg 300w, https:\/\/crc.org.ar\/w\/wp-content\/uploads\/2021\/11\/Franchela-2-768x512.jpeg 768w\" sizes=\"(max-width: 1280px) 100vw, 1280px\" \/><\/a><\/figure><\/li><li class=\"blocks-gallery-item\"><figure><a href=\"https:\/\/crc.org.ar\/w\/wp-content\/uploads\/2021\/11\/Gauto-2-1.jpeg\"><img loading=\"lazy\" decoding=\"async\" width=\"1280\" height=\"853\" src=\"https:\/\/crc.org.ar\/w\/wp-content\/uploads\/2021\/11\/Gauto-2-1.jpeg\" alt=\"\" data-id=\"30312\" data-full-url=\"https:\/\/crc.org.ar\/w\/wp-content\/uploads\/2021\/11\/Gauto-2-1.jpeg\" data-link=\"https:\/\/crc.org.ar\/w\/?attachment_id=30312\" class=\"wp-image-30312\" srcset=\"https:\/\/crc.org.ar\/w\/wp-content\/uploads\/2021\/11\/Gauto-2-1.jpeg 1280w, https:\/\/crc.org.ar\/w\/wp-content\/uploads\/2021\/11\/Gauto-2-1-300x200.jpeg 300w, https:\/\/crc.org.ar\/w\/wp-content\/uploads\/2021\/11\/Gauto-2-1-768x512.jpeg 768w\" sizes=\"(max-width: 1280px) 100vw, 1280px\" \/><\/a><\/figure><\/li><li class=\"blocks-gallery-item\"><figure><a href=\"https:\/\/crc.org.ar\/w\/wp-content\/uploads\/2021\/11\/Valsangiacomo.jpeg\"><img loading=\"lazy\" decoding=\"async\" width=\"1280\" height=\"853\" src=\"https:\/\/crc.org.ar\/w\/wp-content\/uploads\/2021\/11\/Valsangiacomo.jpeg\" alt=\"\" data-id=\"30313\" data-full-url=\"https:\/\/crc.org.ar\/w\/wp-content\/uploads\/2021\/11\/Valsangiacomo.jpeg\" data-link=\"https:\/\/crc.org.ar\/w\/?attachment_id=30313\" class=\"wp-image-30313\" srcset=\"https:\/\/crc.org.ar\/w\/wp-content\/uploads\/2021\/11\/Valsangiacomo.jpeg 1280w, https:\/\/crc.org.ar\/w\/wp-content\/uploads\/2021\/11\/Valsangiacomo-300x200.jpeg 300w, https:\/\/crc.org.ar\/w\/wp-content\/uploads\/2021\/11\/Valsangiacomo-768x512.jpeg 768w\" sizes=\"(max-width: 1280px) 100vw, 1280px\" \/><\/a><\/figure><\/li><\/ul><\/figure>\n\n\n\n<p>En el tercer chico, ser\u00eda nuevamente Regatas el que comenzar\u00eda golpeando con Tob\u00edas Franchela como estandarte. Desde 6.75 ampli\u00f3 r\u00e1pidamente la ventaja 51-39. Con buenas defensas y corriendo para que Abad siga lastimando en la zona pintada el Remero creci\u00f3 y pese a que los de Sequeira intentaron con P\u00e9rez no fueron efectivos y as\u00ed los del Parque Mitre se ir\u00edan arriba por 17 (72-55).<\/p>\n\n\n\n<p>La definici\u00f3n fue digna de una final, Col\u00f3n ajust\u00f3 su defensa y aprovech\u00f3 errores del rival que capitalizados por Piasentini se acerc\u00f3 (72-59). Regatas tard\u00f3 cuatro minutos en poder convertir y la llave de gol volvi\u00f3 a ser Franchela desde 6.75 pero la respuesta del \u201cvioleta\u201d no tardo en llegar, desde la misma v\u00eda castig\u00f3 Quagliozzi para poner palo a palo el cierre. Con Tabernero y Cequeira, Col\u00f3n reaccion\u00f3 y llego a ponerse a cinco, sin embargo, el \u201cfantasma\u201d pudo controlarlo desde su defensa y as\u00ed se qued\u00f3 con el juego por 82-78 para igualar la serie final.<\/p>\n\n\n\n<p>La serie se definir\u00e1 en un tercer juego que se disputar\u00e1 el lunes 29 a las 21.30 horas en el mismo escenario.<\/p>\n\n\n\n<p>La s\u00edntesis:<\/p>\n\n\n\n<p>Regatas (82): Ignacio Marc\u00f3 3, Tob\u00edas Franchela 29, Fabio Gauto 17, Juan Cruz Scacchi 8, y Rey Abad 18 (FI); Franco Zalazar 4, Santiago Fiorio 3, Felipe Valsangiacomo 0.<\/p>\n\n\n\n<p>DT: Fernando Calvi.<\/p>\n\n\n\n<p>Col\u00f3n (78): Pablo Quagliozzi 10, Cristian P\u00e9rez 15, Juan Cruz Cequeira 27, Ayrton Sequeira 0 y Agust\u00edn Tabernero 22 (FI); Agustin Piasentini 4, Ivo Russo 0.<\/p>\n\n\n\n<p>DT: Gerson Sequeira.<\/p>\n\n\n\n<p>Parciales: 24-13; 45-35 (21\/22); 72-55 (27\/20) y 82-78 (10-23).<\/p>\n\n\n\n<p>Jueces: Joaqu\u00edn L\u00f3pez, Leandro Lencina y Carlos Moreyra.<\/p>\n\n\n\n<p>Estadio: Mariano Andino Igarz\u00e1bal.<\/p>\n","protected":false},"excerpt":{"rendered":"<p>(Sabado 27 de noviembre de 2021). Regatas Corrientes se impuso ante Col\u00f3n por 82-78 y empat\u00f3 la serie final. Tob\u00edas Franchela fue el goleador con 29 puntos. La definici\u00f3n ser\u00e1 el lunes 29 a las 21.30 horas en el Club C\u00f3rdoba. El viernes por la noche en el estadio Mariano Andino Igarz\u00e1bal se disput\u00f3 el &hellip;<\/p>\n","protected":false},"author":1,"featured_media":30312,"comment_status":"closed","ping_status":"closed","sticky":false,"template":"","format":"standard","meta":{"footnotes":""},"categories":[80,156],"tags":[],"_links":{"self":[{"href":"https:\/\/crc.org.ar\/w\/wp-json\/wp\/v2\/posts\/30308"}],"collection":[{"href":"https:\/\/crc.org.ar\/w\/wp-json\/wp\/v2\/posts"}],"about":[{"href":"https:\/\/crc.org.ar\/w\/wp-json\/wp\/v2\/types\/post"}],"author":[{"embeddable":true,"href":"https:\/\/crc.org.ar\/w\/wp-json\/wp\/v2\/users\/1"}],"replies":[{"embeddable":true,"href":"https:\/\/crc.org.ar\/w\/wp-json\/wp\/v2\/comments?post=30308"}],"version-history":[{"count":1,"href":"https:\/\/crc.org.ar\/w\/wp-json\/wp\/v2\/posts\/30308\/revisions"}],"predecessor-version":[{"id":30314,"href":"https:\/\/crc.org.ar\/w\/wp-json\/wp\/v2\/posts\/30308\/revisions\/30314"}],"wp:featuredmedia":[{"embeddable":true,"href":"https:\/\/crc.org.ar\/w\/wp-json\/wp\/v2\/media\/30312"}],"wp:attachment":[{"href":"https:\/\/crc.org.ar\/w\/wp-json\/wp\/v2\/media?parent=30308"}],"wp:term":[{"taxonomy":"category","embeddable":true,"href":"https:\/\/crc.org.ar\/w\/wp-json\/wp\/v2\/categories?post=30308"},{"taxonomy":"post_tag","embeddable":true,"href":"https:\/\/crc.org.ar\/w\/wp-json\/wp\/v2\/tags?post=30308"}],"curies":[{"name":"wp","href":"https:\/\/api.w.org\/{rel}","templated":true}]}}