{"id":30856,"date":"2022-01-14T14:21:01","date_gmt":"2022-01-14T17:21:01","guid":{"rendered":"https:\/\/crc.org.ar\/w\/?p=30856"},"modified":"2022-01-14T14:21:03","modified_gmt":"2022-01-14T17:21:03","slug":"todo-listo-para-el-inicio-del-campus-de-iniciacion-deportiva","status":"publish","type":"post","link":"https:\/\/crc.org.ar\/w\/todo-listo-para-el-inicio-del-campus-de-iniciacion-deportiva\/","title":{"rendered":"Todo listo para el inicio del Campus de Iniciaci\u00f3n Deportiva"},"content":{"rendered":"\n<p>(viernes 14 de enero de 2022). Con el cupo alcanzado, el Club de Regatas Corrientes se prepara para arrancar el primer Campus de Iniciaci\u00f3n Deportiva. La apertura ser\u00e1 el lunes a las 17 horas en el Jos\u00e9 Jorge Contte. &nbsp;<\/p>\n\n\n\n<!--more-->\n\n\n\n<p>Con gran \u00e9xito de convocatoria, el Club de Regatas Corrientes tiene todo listo para el comienzo del Campus de Iniciaci\u00f3n Deportiva. Una propuesta in\u00e9dita con el objetivo de estimular la iniciaci\u00f3n temprana en deportes.<\/p>\n\n\n\n<p>La apertura formal ser\u00e1 el lunes a las 17 horas en su estadio, donde la dirigencia le dar\u00e1 la bienvenida a los participantes. Para este primer periodo el cupo fue alcanzado y ser\u00e1n 150 los chicos de 5 a 12 a\u00f1os que podr\u00e1n hacer sus primeras experiencias en deportes como b\u00e1squet, remo, nataci\u00f3n, cestoball, v\u00f3ley y tumbling.<\/p>\n\n\n\n<figure class=\"wp-block-image size-full\"><img loading=\"lazy\" decoding=\"async\" width=\"800\" height=\"534\" src=\"https:\/\/crc.org.ar\/w\/wp-content\/uploads\/2022\/01\/rsDSC_0308.jpg\" alt=\"\" class=\"wp-image-30857\" srcset=\"https:\/\/crc.org.ar\/w\/wp-content\/uploads\/2022\/01\/rsDSC_0308.jpg 800w, https:\/\/crc.org.ar\/w\/wp-content\/uploads\/2022\/01\/rsDSC_0308-300x200.jpg 300w, https:\/\/crc.org.ar\/w\/wp-content\/uploads\/2022\/01\/rsDSC_0308-768x513.jpg 768w\" sizes=\"(max-width: 800px) 100vw, 800px\" \/><\/figure>\n\n\n\n<p>Recordemos que la premisa es dar una base s\u00f3lida y t\u00e9cnica del deporte infantil, as\u00ed como la b\u00fasqueda de j\u00f3venes talentos y la motivaci\u00f3n temprana a la elecci\u00f3n deportiva y se desarrolla bajo la organizaci\u00f3n de la direcci\u00f3n de Deportes de la instituci\u00f3n.<\/p>\n\n\n\n<p><strong>MODALIDAD<\/strong><\/p>\n\n\n\n<p>La duraci\u00f3n de este primer periodo ser\u00e1 hasta el 11 de febrero. El lunes la jornada post bienvenida se dar\u00e1 con la nivelaci\u00f3n en nataci\u00f3n.<\/p>\n\n\n\n<p>Las actividades se dar\u00e1n de lunes, mi\u00e9rcoles y viernes de 17 a 20 horas. Estar\u00e1 dictado por docentes especializados de los distintos deportes de la instituci\u00f3n, y el club proveer\u00e1 de elementos espec\u00edficos para su desarrollo.<\/p>\n","protected":false},"excerpt":{"rendered":"<p>(viernes 14 de enero de 2022). Con el cupo alcanzado, el Club de Regatas Corrientes se prepara para arrancar el primer Campus de Iniciaci\u00f3n Deportiva. La apertura ser\u00e1 el lunes a las 17 horas en el Jos\u00e9 Jorge Contte. &nbsp; Con gran \u00e9xito de convocatoria, el Club de Regatas Corrientes tiene todo listo para el &hellip;<\/p>\n","protected":false},"author":1,"featured_media":30857,"comment_status":"closed","ping_status":"closed","sticky":false,"template":"","format":"standard","meta":{"footnotes":""},"categories":[156,18],"tags":[],"_links":{"self":[{"href":"https:\/\/crc.org.ar\/w\/wp-json\/wp\/v2\/posts\/30856"}],"collection":[{"href":"https:\/\/crc.org.ar\/w\/wp-json\/wp\/v2\/posts"}],"about":[{"href":"https:\/\/crc.org.ar\/w\/wp-json\/wp\/v2\/types\/post"}],"author":[{"embeddable":true,"href":"https:\/\/crc.org.ar\/w\/wp-json\/wp\/v2\/users\/1"}],"replies":[{"embeddable":true,"href":"https:\/\/crc.org.ar\/w\/wp-json\/wp\/v2\/comments?post=30856"}],"version-history":[{"count":1,"href":"https:\/\/crc.org.ar\/w\/wp-json\/wp\/v2\/posts\/30856\/revisions"}],"predecessor-version":[{"id":30858,"href":"https:\/\/crc.org.ar\/w\/wp-json\/wp\/v2\/posts\/30856\/revisions\/30858"}],"wp:featuredmedia":[{"embeddable":true,"href":"https:\/\/crc.org.ar\/w\/wp-json\/wp\/v2\/media\/30857"}],"wp:attachment":[{"href":"https:\/\/crc.org.ar\/w\/wp-json\/wp\/v2\/media?parent=30856"}],"wp:term":[{"taxonomy":"category","embeddable":true,"href":"https:\/\/crc.org.ar\/w\/wp-json\/wp\/v2\/categories?post=30856"},{"taxonomy":"post_tag","embeddable":true,"href":"https:\/\/crc.org.ar\/w\/wp-json\/wp\/v2\/tags?post=30856"}],"curies":[{"name":"wp","href":"https:\/\/api.w.org\/{rel}","templated":true}]}}