{"id":31396,"date":"2022-03-05T13:02:51","date_gmt":"2022-03-05T16:02:51","guid":{"rendered":"https:\/\/crc.org.ar\/w\/?p=31396"},"modified":"2022-03-05T13:02:51","modified_gmt":"2022-03-05T16:02:51","slug":"gran-cierre-de-la-escuela-de-verano-de-remo","status":"publish","type":"post","link":"https:\/\/crc.org.ar\/w\/gran-cierre-de-la-escuela-de-verano-de-remo\/","title":{"rendered":"Gran cierre de la Escuela de Verano de Remo"},"content":{"rendered":"\n<p>(S\u00e1bado 5 de marzo de 2022). La Escuela de Remo del Club de Regatas Corrientes realiz\u00f3 una Regata Interna como cierre del verano 2021\/22. Con un total de 22 pruebas los regatenses pudieron participar y disfrutar de una gran jornada en nuestro rio Paran\u00e1.<\/p>\n\n\n\n<!--more-->\n\n\n\n<p>El pasado s\u00e1bado la disciplina Remo del Club de Regatas Corrientes organiz\u00f3 una Regata Interna que sirvi\u00f3 como cierre del periodo escuela de verano. Con el objetivo de vivir una jornada de confraternidad entre quienes compartieron los meses de verano y los chicos integrados a la actividad con anterioridad.<\/p>\n\n\n\n<p>La actividad estuvo organizada por el coordinador de la actividad, Harris Gonz\u00e1lez Escobar, con el apoyo de los profesores, la subcomisi\u00f3n, presidida por el Dr. Daniel G\u00f3mez de la Fuente. Adem\u00e1s, como siempre se cont\u00f3 con el apoyo log\u00edstico y de seguridad de la Prefectura Naval Argentina de Corrientes.<\/p>\n\n\n\n<p>Vale se\u00f1alar que la Regata sirvi\u00f3 para realizar un evaluativo de rendimiento, con expectativas de la formaci\u00f3n del equipo 2022\/23 en las categor\u00edas promocionales y oficiales.<\/p>\n\n\n\n<p>La primera regata inici\u00f3 a las 9 y se dividieron por categor\u00edas 10 a 12 a\u00f1os, 13 y 14 a\u00f1os, 15 y 16 a\u00f1os; y 17 y m\u00e1s. Las especialidades fueron par simple con timonel 300 mts; Doble par con timonel 300 mts; Parcito \u2013 500 mts y 4x cu\u00e1druple par escuela \u2013 700 mts.&nbsp;<\/p>\n\n\n\n<figure class=\"wp-block-gallery has-nested-images columns-default is-cropped wp-block-gallery-1 is-layout-flex wp-block-gallery-is-layout-flex\">\n<figure class=\"wp-block-image size-large\"><a href=\"https:\/\/crc.org.ar\/w\/wp-content\/uploads\/2022\/03\/Regata-3.jpeg\"><img loading=\"lazy\" decoding=\"async\" width=\"1280\" height=\"853\" data-id=\"31400\" src=\"https:\/\/crc.org.ar\/w\/wp-content\/uploads\/2022\/03\/Regata-3.jpeg\" alt=\"\" class=\"wp-image-31400\" srcset=\"https:\/\/crc.org.ar\/w\/wp-content\/uploads\/2022\/03\/Regata-3.jpeg 1280w, https:\/\/crc.org.ar\/w\/wp-content\/uploads\/2022\/03\/Regata-3-300x200.jpeg 300w, https:\/\/crc.org.ar\/w\/wp-content\/uploads\/2022\/03\/Regata-3-768x512.jpeg 768w\" sizes=\"(max-width: 1280px) 100vw, 1280px\" \/><\/a><\/figure>\n\n\n\n<figure class=\"wp-block-image size-large\"><a href=\"https:\/\/crc.org.ar\/w\/wp-content\/uploads\/2022\/03\/Regata1.jpeg\"><img loading=\"lazy\" decoding=\"async\" width=\"1280\" height=\"853\" data-id=\"31399\" src=\"https:\/\/crc.org.ar\/w\/wp-content\/uploads\/2022\/03\/Regata1.jpeg\" alt=\"\" class=\"wp-image-31399\" srcset=\"https:\/\/crc.org.ar\/w\/wp-content\/uploads\/2022\/03\/Regata1.jpeg 1280w, https:\/\/crc.org.ar\/w\/wp-content\/uploads\/2022\/03\/Regata1-300x200.jpeg 300w, https:\/\/crc.org.ar\/w\/wp-content\/uploads\/2022\/03\/Regata1-768x512.jpeg 768w\" sizes=\"(max-width: 1280px) 100vw, 1280px\" \/><\/a><\/figure>\n\n\n\n<figure class=\"wp-block-image size-large\"><a href=\"https:\/\/crc.org.ar\/w\/wp-content\/uploads\/2022\/03\/Regata2.jpeg\"><img loading=\"lazy\" decoding=\"async\" width=\"1280\" height=\"853\" data-id=\"31401\" src=\"https:\/\/crc.org.ar\/w\/wp-content\/uploads\/2022\/03\/Regata2.jpeg\" alt=\"\" class=\"wp-image-31401\" srcset=\"https:\/\/crc.org.ar\/w\/wp-content\/uploads\/2022\/03\/Regata2.jpeg 1280w, https:\/\/crc.org.ar\/w\/wp-content\/uploads\/2022\/03\/Regata2-300x200.jpeg 300w, https:\/\/crc.org.ar\/w\/wp-content\/uploads\/2022\/03\/Regata2-768x512.jpeg 768w\" sizes=\"(max-width: 1280px) 100vw, 1280px\" \/><\/a><\/figure>\n\n\n\n<figure class=\"wp-block-image size-large\"><a href=\"https:\/\/crc.org.ar\/w\/wp-content\/uploads\/2022\/03\/Regata4.jpeg\"><img loading=\"lazy\" decoding=\"async\" width=\"1280\" height=\"853\" data-id=\"31398\" src=\"https:\/\/crc.org.ar\/w\/wp-content\/uploads\/2022\/03\/Regata4.jpeg\" alt=\"\" class=\"wp-image-31398\" srcset=\"https:\/\/crc.org.ar\/w\/wp-content\/uploads\/2022\/03\/Regata4.jpeg 1280w, https:\/\/crc.org.ar\/w\/wp-content\/uploads\/2022\/03\/Regata4-300x200.jpeg 300w, https:\/\/crc.org.ar\/w\/wp-content\/uploads\/2022\/03\/Regata4-768x512.jpeg 768w\" sizes=\"(max-width: 1280px) 100vw, 1280px\" \/><\/a><\/figure>\n\n\n\n<figure class=\"wp-block-image size-large\"><a href=\"https:\/\/crc.org.ar\/w\/wp-content\/uploads\/2022\/03\/Regata5.jpeg\"><img loading=\"lazy\" decoding=\"async\" width=\"1280\" height=\"853\" data-id=\"31397\" src=\"https:\/\/crc.org.ar\/w\/wp-content\/uploads\/2022\/03\/Regata5.jpeg\" alt=\"\" class=\"wp-image-31397\" srcset=\"https:\/\/crc.org.ar\/w\/wp-content\/uploads\/2022\/03\/Regata5.jpeg 1280w, https:\/\/crc.org.ar\/w\/wp-content\/uploads\/2022\/03\/Regata5-300x200.jpeg 300w, https:\/\/crc.org.ar\/w\/wp-content\/uploads\/2022\/03\/Regata5-768x512.jpeg 768w\" sizes=\"(max-width: 1280px) 100vw, 1280px\" \/><\/a><\/figure>\n<\/figure>\n\n\n\n<p>El clima acompa\u00f1o, aunque el viento dificult\u00f3 un poco la jornada, pero los chicas y chicas pudieron disfrutar de un d\u00eda pleno a puro remo y as\u00ed lo entendieron. Nicol\u00e1s, uno de los remeros participantes a la hora de contar su experiencia se\u00f1al\u00f3 que <em>\u201cuna experiencia \u00fanica, el remo nos une, hay muchos chicos nuevos y ya han conformado un gran grupo\u201d.<\/em><\/p>\n\n\n\n<p>Siguiendo a Nicol\u00e1s, otra de las Remeras, \u00c1ngeles Ayala agreg\u00f3 <em>\u201cel remo une lazos entre las personas, cuando est\u00e1s en el bote entrenando pod\u00e9s conversar, conocernos y sin dudas es un cable a tierra\u201d<\/em>. Testimonios que vislumbran la gran jornada de integraci\u00f3n que vivi\u00f3 la disciplina.<\/p>\n\n\n\n<p>Por otra parte, la regata sirvi\u00f3 como entrenamiento ya que la planificaci\u00f3n de los equipos de Regatas tiene como objetivo y destino Villa Carlos Paz, donde desde el viernes 22 al domingo 24 de abril estar\u00e1n compitiendo.<\/p>\n\n\n\n<p>As\u00ed mismo, los remeros regatenses tambi\u00e9n tienen planeado participar del calendario nacional de la Asociaci\u00f3n Argentina de Remo y cuentan con la invitaci\u00f3n de la Federaci\u00f3n Paraguaya y Federaci\u00f3n Uruguaya de remo para participar en varios eventos.<\/p>\n","protected":false},"excerpt":{"rendered":"<p>(S\u00e1bado 5 de marzo de 2022). La Escuela de Remo del Club de Regatas Corrientes realiz\u00f3 una Regata Interna como cierre del verano 2021\/22. Con un total de 22 pruebas los regatenses pudieron participar y disfrutar de una gran jornada en nuestro rio Paran\u00e1. El pasado s\u00e1bado la disciplina Remo del Club de Regatas Corrientes &hellip;<\/p>\n","protected":false},"author":1,"featured_media":31402,"comment_status":"closed","ping_status":"closed","sticky":false,"template":"","format":"standard","meta":{"footnotes":""},"categories":[156,18],"tags":[],"_links":{"self":[{"href":"https:\/\/crc.org.ar\/w\/wp-json\/wp\/v2\/posts\/31396"}],"collection":[{"href":"https:\/\/crc.org.ar\/w\/wp-json\/wp\/v2\/posts"}],"about":[{"href":"https:\/\/crc.org.ar\/w\/wp-json\/wp\/v2\/types\/post"}],"author":[{"embeddable":true,"href":"https:\/\/crc.org.ar\/w\/wp-json\/wp\/v2\/users\/1"}],"replies":[{"embeddable":true,"href":"https:\/\/crc.org.ar\/w\/wp-json\/wp\/v2\/comments?post=31396"}],"version-history":[{"count":1,"href":"https:\/\/crc.org.ar\/w\/wp-json\/wp\/v2\/posts\/31396\/revisions"}],"predecessor-version":[{"id":31403,"href":"https:\/\/crc.org.ar\/w\/wp-json\/wp\/v2\/posts\/31396\/revisions\/31403"}],"wp:featuredmedia":[{"embeddable":true,"href":"https:\/\/crc.org.ar\/w\/wp-json\/wp\/v2\/media\/31402"}],"wp:attachment":[{"href":"https:\/\/crc.org.ar\/w\/wp-json\/wp\/v2\/media?parent=31396"}],"wp:term":[{"taxonomy":"category","embeddable":true,"href":"https:\/\/crc.org.ar\/w\/wp-json\/wp\/v2\/categories?post=31396"},{"taxonomy":"post_tag","embeddable":true,"href":"https:\/\/crc.org.ar\/w\/wp-json\/wp\/v2\/tags?post=31396"}],"curies":[{"name":"wp","href":"https:\/\/api.w.org\/{rel}","templated":true}]}}