{"id":32124,"date":"2022-04-20T20:20:32","date_gmt":"2022-04-20T23:20:32","guid":{"rendered":"https:\/\/crc.org.ar\/w\/?p=32124"},"modified":"2022-04-20T20:29:04","modified_gmt":"2022-04-20T23:29:04","slug":"remeros-rumbo-a-carlos-paz","status":"publish","type":"post","link":"https:\/\/crc.org.ar\/w\/remeros-rumbo-a-carlos-paz\/","title":{"rendered":"Remeros rumbo a Carlos Paz"},"content":{"rendered":"\n<p>(mi\u00e9rcoles 20 de abril de 2022). Este jueves una nutrida delegaci\u00f3n del Club de Regatas Corrientes emprender\u00e1 viaje rumbo a Villa Carlos Paz, C\u00f3rdoba, para participar de la Regata Oficial y de la primera fecha del Campeonato de Velocidad de Remo.<\/p>\n\n\n\n<!--more-->\n\n\n\n<p>Desde el viernes 22 y hasta el domingo 24 inclusive, la ciudad de Villa Carlos Paz, C\u00f3rdoba, recibir\u00e1 a remeros de todo el pa\u00eds en el marco de la continuidad del calendario oficial de la AARA (Asociaci\u00f3n Argentina de Remeros Aficionados). La misma est\u00e1 organizada por la Comisi\u00f3n de Remo Internacional del Litoral (CRIL).<\/p>\n\n\n\n<div class=\"wp-block-image\"><figure class=\"aligncenter size-full\"><img loading=\"lazy\" decoding=\"async\" width=\"800\" height=\"522\" src=\"https:\/\/crc.org.ar\/w\/wp-content\/uploads\/2022\/04\/Remerosrsz-.jpg\" alt=\"\" class=\"wp-image-32125\" srcset=\"https:\/\/crc.org.ar\/w\/wp-content\/uploads\/2022\/04\/Remerosrsz-.jpg 800w, https:\/\/crc.org.ar\/w\/wp-content\/uploads\/2022\/04\/Remerosrsz--300x196.jpg 300w, https:\/\/crc.org.ar\/w\/wp-content\/uploads\/2022\/04\/Remerosrsz--768x501.jpg 768w\" sizes=\"(max-width: 800px) 100vw, 800px\" \/><\/figure><\/div>\n\n\n\n<p>El Club de Regatas Corrientes participar\u00e1 con una delegaci\u00f3n de 41 remeros de entre 12 y 18 a\u00f1os que competir\u00e1n desde las categor\u00edas sub 12 hasta senior. Estar\u00e1n acompa\u00f1ados por el coordinador de la disciplina Harris Gonzalez Escobar junto a dos instructores.<\/p>\n\n\n\n<p>Con el apoyo de Honorable Comisi\u00f3n Directiva y con el trabajo de la Subcomisi\u00f3n de Remo junto a los padres, Regatas despu\u00e9s de 8 a\u00f1os de ausencia volver\u00e1 a decir presente con un importante contingente en un evento de estas caracter\u00edsticas.<\/p>\n\n\n\n<p>&nbsp;Todo iniciar\u00e1 el viernes 22 donde los remeros de Regatas Corrientes compartir\u00e1n junto a los de la Asociaci\u00f3n Cordobesa de Remo una jornada recreativa para conocer y salir a remar juntos. El s\u00e1bado 23 se realizar\u00e1 la regata oficial y promocional. El domingo 24 se realizar\u00e1 la primera fecha del Campeonato de Velocidad.<\/p>\n\n\n\n<p>El escenario ser\u00e1 el Lago San Roque. Estar\u00e1n en disputa las Copas &#8220;Villa Carlos Paz 2022&#8221;. &#8220;IX Regata de Velocidad CRIL* y &#8220;Regata Oficial CRIL N\u00b0 249&#8221;.<\/p>\n","protected":false},"excerpt":{"rendered":"<p>(mi\u00e9rcoles 20 de abril de 2022). Este jueves una nutrida delegaci\u00f3n del Club de Regatas Corrientes emprender\u00e1 viaje rumbo a Villa Carlos Paz, C\u00f3rdoba, para participar de la Regata Oficial y de la primera fecha del Campeonato de Velocidad de Remo. Desde el viernes 22 y hasta el domingo 24 inclusive, la ciudad de Villa &hellip;<\/p>\n","protected":false},"author":1,"featured_media":32125,"comment_status":"closed","ping_status":"closed","sticky":false,"template":"","format":"standard","meta":{"footnotes":""},"categories":[156,18],"tags":[],"_links":{"self":[{"href":"https:\/\/crc.org.ar\/w\/wp-json\/wp\/v2\/posts\/32124"}],"collection":[{"href":"https:\/\/crc.org.ar\/w\/wp-json\/wp\/v2\/posts"}],"about":[{"href":"https:\/\/crc.org.ar\/w\/wp-json\/wp\/v2\/types\/post"}],"author":[{"embeddable":true,"href":"https:\/\/crc.org.ar\/w\/wp-json\/wp\/v2\/users\/1"}],"replies":[{"embeddable":true,"href":"https:\/\/crc.org.ar\/w\/wp-json\/wp\/v2\/comments?post=32124"}],"version-history":[{"count":1,"href":"https:\/\/crc.org.ar\/w\/wp-json\/wp\/v2\/posts\/32124\/revisions"}],"predecessor-version":[{"id":32126,"href":"https:\/\/crc.org.ar\/w\/wp-json\/wp\/v2\/posts\/32124\/revisions\/32126"}],"wp:featuredmedia":[{"embeddable":true,"href":"https:\/\/crc.org.ar\/w\/wp-json\/wp\/v2\/media\/32125"}],"wp:attachment":[{"href":"https:\/\/crc.org.ar\/w\/wp-json\/wp\/v2\/media?parent=32124"}],"wp:term":[{"taxonomy":"category","embeddable":true,"href":"https:\/\/crc.org.ar\/w\/wp-json\/wp\/v2\/categories?post=32124"},{"taxonomy":"post_tag","embeddable":true,"href":"https:\/\/crc.org.ar\/w\/wp-json\/wp\/v2\/tags?post=32124"}],"curies":[{"name":"wp","href":"https:\/\/api.w.org\/{rel}","templated":true}]}}