{"id":32201,"date":"2022-04-27T11:24:47","date_gmt":"2022-04-27T14:24:47","guid":{"rendered":"https:\/\/crc.org.ar\/w\/?p=32201"},"modified":"2022-04-27T11:24:49","modified_gmt":"2022-04-27T14:24:49","slug":"participacion-record-regatense-en-carlos-paz","status":"publish","type":"post","link":"https:\/\/crc.org.ar\/w\/participacion-record-regatense-en-carlos-paz\/","title":{"rendered":"Participaci\u00f3n r\u00e9cord regatense en Carlos Paz"},"content":{"rendered":"\n<p>(Mi\u00e9rcoles 27 de abril de 2022). Regatas Corrientes se hizo presente en Villa Carlos Paz con una numerosa delegaci\u00f3n de m\u00e1s de 40 atletas. Por primera vez se corri\u00f3 una regata para personas con discapacidad intelectual.<\/p>\n\n\n\n<!--more-->\n\n\n\n<p>El pasado fin de semana en Villa Carlos Paz, C\u00f3rdoba, se llev\u00f3 a cabo la Regata Oficial CRIL N\u00b0249 y la primera fecha del Campeonato de Velocidad de Remo, cert\u00e1menes que forman parte del calendario oficial de la AARA (Asociaci\u00f3n Argentina de Remeros Aficionados) y que estuvo organizada y fiscalizada por la Comisi\u00f3n de Remo Internacional del Litoral.<\/p>\n\n\n\n<p>En dicho evento estuvo presente el plantel oficial y promocional del Club de Regatas Corrientes con un m\u00e1s que destacado n\u00famero de deportistas. Fueron 41 asistentes en total, acompa\u00f1ados de padres, entrenadores y el coordinador de la disciplina en la instituci\u00f3n, <strong>Harris Gonz\u00e1lez Escobar.<\/strong><\/p>\n\n\n\n<p>Si bien fue una participaci\u00f3n r\u00e9cord en cuanto al n\u00fameros de atletas del club correntino, las jornadas se vieron opacadas por las inclemencias clim\u00e1ticas que no dejaron que la actividad se desarrolle con total normalidad.<\/p>\n\n\n\n<figure class=\"wp-block-gallery has-nested-images columns-default is-cropped wp-block-gallery-1 is-layout-flex wp-block-gallery-is-layout-flex\">\n<figure class=\"wp-block-image size-large\"><a href=\"https:\/\/crc.org.ar\/w\/wp-content\/uploads\/2022\/04\/Equipo-Remo-2.jpeg\"><img loading=\"lazy\" decoding=\"async\" width=\"1600\" height=\"1200\" data-id=\"32205\" src=\"https:\/\/crc.org.ar\/w\/wp-content\/uploads\/2022\/04\/Equipo-Remo-2.jpeg\" alt=\"\" class=\"wp-image-32205\" srcset=\"https:\/\/crc.org.ar\/w\/wp-content\/uploads\/2022\/04\/Equipo-Remo-2.jpeg 1600w, https:\/\/crc.org.ar\/w\/wp-content\/uploads\/2022\/04\/Equipo-Remo-2-300x225.jpeg 300w, https:\/\/crc.org.ar\/w\/wp-content\/uploads\/2022\/04\/Equipo-Remo-2-768x576.jpeg 768w, https:\/\/crc.org.ar\/w\/wp-content\/uploads\/2022\/04\/Equipo-Remo-2-1536x1152.jpeg 1536w\" sizes=\"(max-width: 1600px) 100vw, 1600px\" \/><\/a><\/figure>\n\n\n\n<figure class=\"wp-block-image size-large\"><a href=\"https:\/\/crc.org.ar\/w\/wp-content\/uploads\/2022\/04\/Equipo-Remo.jpeg\"><img loading=\"lazy\" decoding=\"async\" width=\"1280\" height=\"575\" data-id=\"32202\" src=\"https:\/\/crc.org.ar\/w\/wp-content\/uploads\/2022\/04\/Equipo-Remo.jpeg\" alt=\"\" class=\"wp-image-32202\" srcset=\"https:\/\/crc.org.ar\/w\/wp-content\/uploads\/2022\/04\/Equipo-Remo.jpeg 1280w, https:\/\/crc.org.ar\/w\/wp-content\/uploads\/2022\/04\/Equipo-Remo-300x135.jpeg 300w, https:\/\/crc.org.ar\/w\/wp-content\/uploads\/2022\/04\/Equipo-Remo-768x345.jpeg 768w\" sizes=\"(max-width: 1280px) 100vw, 1280px\" \/><\/a><\/figure>\n\n\n\n<figure class=\"wp-block-image size-large\"><a href=\"https:\/\/crc.org.ar\/w\/wp-content\/uploads\/2022\/04\/Pineda-y-Sotelo.jpeg\"><img loading=\"lazy\" decoding=\"async\" width=\"1040\" height=\"780\" data-id=\"32203\" src=\"https:\/\/crc.org.ar\/w\/wp-content\/uploads\/2022\/04\/Pineda-y-Sotelo.jpeg\" alt=\"\" class=\"wp-image-32203\" srcset=\"https:\/\/crc.org.ar\/w\/wp-content\/uploads\/2022\/04\/Pineda-y-Sotelo.jpeg 1040w, https:\/\/crc.org.ar\/w\/wp-content\/uploads\/2022\/04\/Pineda-y-Sotelo-300x225.jpeg 300w, https:\/\/crc.org.ar\/w\/wp-content\/uploads\/2022\/04\/Pineda-y-Sotelo-768x576.jpeg 768w\" sizes=\"(max-width: 1040px) 100vw, 1040px\" \/><\/a><\/figure>\n\n\n\n<figure class=\"wp-block-image size-large\"><a href=\"https:\/\/crc.org.ar\/w\/wp-content\/uploads\/2022\/04\/Podio-ID.jpeg\"><img loading=\"lazy\" decoding=\"async\" width=\"1600\" height=\"719\" data-id=\"32204\" src=\"https:\/\/crc.org.ar\/w\/wp-content\/uploads\/2022\/04\/Podio-ID.jpeg\" alt=\"\" class=\"wp-image-32204\" srcset=\"https:\/\/crc.org.ar\/w\/wp-content\/uploads\/2022\/04\/Podio-ID.jpeg 1600w, https:\/\/crc.org.ar\/w\/wp-content\/uploads\/2022\/04\/Podio-ID-300x135.jpeg 300w, https:\/\/crc.org.ar\/w\/wp-content\/uploads\/2022\/04\/Podio-ID-768x345.jpeg 768w, https:\/\/crc.org.ar\/w\/wp-content\/uploads\/2022\/04\/Podio-ID-1536x690.jpeg 1536w\" sizes=\"(max-width: 1600px) 100vw, 1600px\" \/><\/a><\/figure>\n<\/figure>\n\n\n\n<p>El viernes el equipo realiz\u00f3 un lindo encuentro de escuelas con 30 j\u00f3venes de la Asociaci\u00f3n Cordobesa de Remo. All\u00ed los chicos remaron en botes de paseo y pudieron disfrutar del hermoso Lago San Roque. En el horario de la tarde se disputaron las eliminatorias clasificatorias para las regatas del s\u00e1bado. El remero regatense <strong>Tomas Romero<\/strong> clasific\u00f3 a la final A en el single Intermedio masculino.<\/p>\n\n\n\n<p>El s\u00e1bado debi\u00f3 iniciarse la Regata Oficial por la ma\u00f1ana, pero por las vicisitudes del tiempo, con vientos de 24 km\/h y r\u00e1fagas de 60 km\/h, se suspendieron para el horario de la tarde. Aunque por la tarde tampoco se pudo realizar las Regatas Promocionales por la misma cuesti\u00f3n.<\/p>\n\n\n\n<p>El domingo por su parte se realiz\u00f3 solo una parte del programa de las Regatas Oficiales y de Velocidad. All\u00ed fue que se llev\u00f3 a cabo por primera vez la Regata ID (Discapacitados Intelectuales), en donde participaron dos atletas de Regatas Corrientes: <strong>Gustavo Sotelo y Sebasti\u00e1n Pineda<\/strong>.<\/p>\n\n\n\n<p>Adem\u00e1s, para destacar en dicha Regata el atleta <strong>Sebasti\u00e1n Pineda<\/strong> obtuvo el primer lugar y <strong>Gustavo Sotelo<\/strong> el segundo sobre una distancia de 250m. Estos deportistas vienen trabajando hace meses con el plantel de remo y tuvieron la chance de participar por primera vez en un certamen oficial.<\/p>\n\n\n\n<p>Lamentablemente el resto de los atletas, y el resto del calendario de regatas no pudo completarse a causa del clima. Pero a\u00fan as\u00ed, este evento dej\u00f3 un gran precedente para el deporte en el Club de Regatas en cuanto al r\u00e9cord de deportistas y tambi\u00e9n a la inclusi\u00f3n de los atletas con discapacidad intelectual.<\/p>\n","protected":false},"excerpt":{"rendered":"<p>(Mi\u00e9rcoles 27 de abril de 2022). Regatas Corrientes se hizo presente en Villa Carlos Paz con una numerosa delegaci\u00f3n de m\u00e1s de 40 atletas. Por primera vez se corri\u00f3 una regata para personas con discapacidad intelectual. El pasado fin de semana en Villa Carlos Paz, C\u00f3rdoba, se llev\u00f3 a cabo la Regata Oficial CRIL N\u00b0249 &hellip;<\/p>\n","protected":false},"author":1,"featured_media":32204,"comment_status":"closed","ping_status":"closed","sticky":false,"template":"","format":"standard","meta":{"footnotes":""},"categories":[156,18],"tags":[],"_links":{"self":[{"href":"https:\/\/crc.org.ar\/w\/wp-json\/wp\/v2\/posts\/32201"}],"collection":[{"href":"https:\/\/crc.org.ar\/w\/wp-json\/wp\/v2\/posts"}],"about":[{"href":"https:\/\/crc.org.ar\/w\/wp-json\/wp\/v2\/types\/post"}],"author":[{"embeddable":true,"href":"https:\/\/crc.org.ar\/w\/wp-json\/wp\/v2\/users\/1"}],"replies":[{"embeddable":true,"href":"https:\/\/crc.org.ar\/w\/wp-json\/wp\/v2\/comments?post=32201"}],"version-history":[{"count":1,"href":"https:\/\/crc.org.ar\/w\/wp-json\/wp\/v2\/posts\/32201\/revisions"}],"predecessor-version":[{"id":32206,"href":"https:\/\/crc.org.ar\/w\/wp-json\/wp\/v2\/posts\/32201\/revisions\/32206"}],"wp:featuredmedia":[{"embeddable":true,"href":"https:\/\/crc.org.ar\/w\/wp-json\/wp\/v2\/media\/32204"}],"wp:attachment":[{"href":"https:\/\/crc.org.ar\/w\/wp-json\/wp\/v2\/media?parent=32201"}],"wp:term":[{"taxonomy":"category","embeddable":true,"href":"https:\/\/crc.org.ar\/w\/wp-json\/wp\/v2\/categories?post=32201"},{"taxonomy":"post_tag","embeddable":true,"href":"https:\/\/crc.org.ar\/w\/wp-json\/wp\/v2\/tags?post=32201"}],"curies":[{"name":"wp","href":"https:\/\/api.w.org\/{rel}","templated":true}]}}