{"id":32421,"date":"2022-05-13T10:44:59","date_gmt":"2022-05-13T13:44:59","guid":{"rendered":"https:\/\/crc.org.ar\/w\/?p=32421"},"modified":"2022-05-13T11:24:18","modified_gmt":"2022-05-13T14:24:18","slug":"remeros-rumbo-al-campeonato-nacional","status":"publish","type":"post","link":"https:\/\/crc.org.ar\/w\/remeros-rumbo-al-campeonato-nacional\/","title":{"rendered":"Remeros rumbo al Campeonato Nacional"},"content":{"rendered":"\n<p>(Jueves 12 de mayo de 2022). El plantel de remo del Club de Regatas estar\u00e1 participando en Bariloche de la Regata Internacional. Ser\u00e1 la primera vez que la instituci\u00f3n participe de dicho evento.<\/p>\n\n\n\n<!--more-->\n\n\n\n<p>El pr\u00f3ximo s\u00e1bado 14 y domingo 15 de mayo se llevar\u00e1 a cabo en la ciudad de Bariloche la 13\u00b0 Regatas Internacional \u201c57\u00b0 Aniversario\u201d del Club de Regatas Bariloche, en donde estar\u00e1 compitiendo por primera vez el equipo de remo de Regatas representado a Corrientes.<\/p>\n\n\n\n<figure class=\"wp-block-image alignwide size-full\"><img loading=\"lazy\" decoding=\"async\" width=\"1160\" height=\"868\" src=\"https:\/\/crc.org.ar\/w\/wp-content\/uploads\/2022\/05\/WhatsApp-Image-2022-05-13-at-10.59.50-AM.jpeg\" alt=\"\" class=\"wp-image-32431\" srcset=\"https:\/\/crc.org.ar\/w\/wp-content\/uploads\/2022\/05\/WhatsApp-Image-2022-05-13-at-10.59.50-AM.jpeg 1160w, https:\/\/crc.org.ar\/w\/wp-content\/uploads\/2022\/05\/WhatsApp-Image-2022-05-13-at-10.59.50-AM-300x224.jpeg 300w, https:\/\/crc.org.ar\/w\/wp-content\/uploads\/2022\/05\/WhatsApp-Image-2022-05-13-at-10.59.50-AM-768x575.jpeg 768w\" sizes=\"(max-width: 1160px) 100vw, 1160px\" \/><\/figure>\n\n\n\n<p>La cita contar\u00e1 con la presencia de los remeros Fantasmas <strong>Natalia Ch\u00e1vez<\/strong>, <strong>Agostina Manzotti, Tom\u00e1s Romero y Sebasti\u00e1n Pineda, <\/strong>quienes partieron rumbo a la Patagonia el jueves por la tarde en avi\u00f3n junto al entrenador y coordinador de la disciplina <strong>Harris Gonz\u00e1lez Escobar.<\/strong><\/p>\n\n\n\n<p>El epicentro del renombrado evento ser\u00e1 en la cancha del Brazo Campanario del lago Nahuel Huapi en la ciudad Rionegrina, ubicado frente a las instalaciones del Club de Regatas Bariloche, el anfitri\u00f3n.<\/p>\n\n\n\n<div class=\"wp-block-image\"><figure class=\"aligncenter size-full\"><img loading=\"lazy\" decoding=\"async\" width=\"1152\" height=\"864\" src=\"https:\/\/crc.org.ar\/w\/wp-content\/uploads\/2022\/05\/WhatsApp-Image-2022-05-13-at-10.35.22-AM.jpeg\" alt=\"\" class=\"wp-image-32433\" srcset=\"https:\/\/crc.org.ar\/w\/wp-content\/uploads\/2022\/05\/WhatsApp-Image-2022-05-13-at-10.35.22-AM.jpeg 1152w, https:\/\/crc.org.ar\/w\/wp-content\/uploads\/2022\/05\/WhatsApp-Image-2022-05-13-at-10.35.22-AM-300x225.jpeg 300w, https:\/\/crc.org.ar\/w\/wp-content\/uploads\/2022\/05\/WhatsApp-Image-2022-05-13-at-10.35.22-AM-768x576.jpeg 768w\" sizes=\"(max-width: 1152px) 100vw, 1152px\" \/><\/figure><\/div>\n\n\n\n<p>Adem\u00e1s de los clubes argentinos participantes, estar\u00e1n compitiendo tambi\u00e9n equipos chilenos, d\u00e1ndole car\u00e1cter internacional a la cita. Ser\u00e1 la primera vez que Regatas Corrientes participar\u00e1 de este campeonato, lo ayuda a seguir creando lazos con otras instituciones y seguir fomentando este deporte en la provincia.<\/p>\n\n\n\n<p>La novedad ser\u00e1 que por segunda vez se desarrollar\u00e1 la regata especial de categor\u00eda ID (Discapacitados Intelectuales), donde estar\u00e1 compitiendo nuevamente el remero regatense <strong>Sebasti\u00e1n Pineda<\/strong>.&nbsp;&nbsp; &nbsp;<\/p>\n","protected":false},"excerpt":{"rendered":"<p>(Jueves 12 de mayo de 2022). El plantel de remo del Club de Regatas estar\u00e1 participando en Bariloche de la Regata Internacional. Ser\u00e1 la primera vez que la instituci\u00f3n participe de dicho evento. El pr\u00f3ximo s\u00e1bado 14 y domingo 15 de mayo se llevar\u00e1 a cabo en la ciudad de Bariloche la 13\u00b0 Regatas Internacional &hellip;<\/p>\n","protected":false},"author":6,"featured_media":32436,"comment_status":"closed","ping_status":"closed","sticky":false,"template":"","format":"standard","meta":{"footnotes":""},"categories":[156,18],"tags":[],"_links":{"self":[{"href":"https:\/\/crc.org.ar\/w\/wp-json\/wp\/v2\/posts\/32421"}],"collection":[{"href":"https:\/\/crc.org.ar\/w\/wp-json\/wp\/v2\/posts"}],"about":[{"href":"https:\/\/crc.org.ar\/w\/wp-json\/wp\/v2\/types\/post"}],"author":[{"embeddable":true,"href":"https:\/\/crc.org.ar\/w\/wp-json\/wp\/v2\/users\/6"}],"replies":[{"embeddable":true,"href":"https:\/\/crc.org.ar\/w\/wp-json\/wp\/v2\/comments?post=32421"}],"version-history":[{"count":2,"href":"https:\/\/crc.org.ar\/w\/wp-json\/wp\/v2\/posts\/32421\/revisions"}],"predecessor-version":[{"id":32435,"href":"https:\/\/crc.org.ar\/w\/wp-json\/wp\/v2\/posts\/32421\/revisions\/32435"}],"wp:featuredmedia":[{"embeddable":true,"href":"https:\/\/crc.org.ar\/w\/wp-json\/wp\/v2\/media\/32436"}],"wp:attachment":[{"href":"https:\/\/crc.org.ar\/w\/wp-json\/wp\/v2\/media?parent=32421"}],"wp:term":[{"taxonomy":"category","embeddable":true,"href":"https:\/\/crc.org.ar\/w\/wp-json\/wp\/v2\/categories?post=32421"},{"taxonomy":"post_tag","embeddable":true,"href":"https:\/\/crc.org.ar\/w\/wp-json\/wp\/v2\/tags?post=32421"}],"curies":[{"name":"wp","href":"https:\/\/api.w.org\/{rel}","templated":true}]}}