{"id":32614,"date":"2022-06-02T11:26:05","date_gmt":"2022-06-02T14:26:05","guid":{"rendered":"https:\/\/crc.org.ar\/w\/?p=32614"},"modified":"2022-06-02T11:26:07","modified_gmt":"2022-06-02T14:26:07","slug":"se-abre-la-invitacion-para-un-ciclo-de-charlas-tecnicas-sobre-entrenamiento-y-rendimiento","status":"publish","type":"post","link":"https:\/\/crc.org.ar\/w\/se-abre-la-invitacion-para-un-ciclo-de-charlas-tecnicas-sobre-entrenamiento-y-rendimiento\/","title":{"rendered":"Se abre la invitaci\u00f3n para un ciclo de charlas t\u00e9cnicas sobre entrenamiento y rendimiento"},"content":{"rendered":"\n<p>(Jueves 2 de junio de 2022). La disciplina de remo invita a sumarse al ciclo de charlas t\u00e9cnicas \u201cDesarrollando el conocimiento y mejorando los resultados\u201d, que contar\u00e1 con temas de nutrici\u00f3n, psicolog\u00eda, iniciaci\u00f3n deportiva y m\u00e1s. El cupo ser\u00e1 limitado.<\/p>\n\n\n\n<!--more-->\n\n\n\n<p>Desde el lunes 13 al mi\u00e9rcoles 15 el Club de Regatas Corrientes brindar\u00e1 un ciclo de charlas t\u00e9cnicas orientadas al entrenamiento deportivo. El evento est\u00e1 organizado por la subcomisi\u00f3n y el equipo t\u00e9cnico de remo de la instituci\u00f3n.<\/p>\n\n\n\n<figure class=\"wp-block-image alignwide size-large\"><img loading=\"lazy\" decoding=\"async\" width=\"2048\" height=\"1356\" src=\"https:\/\/crc.org.ar\/w\/wp-content\/uploads\/2022\/06\/DSC_4377-rs-2048x1356.jpg\" alt=\"\" class=\"wp-image-32615\" srcset=\"https:\/\/crc.org.ar\/w\/wp-content\/uploads\/2022\/06\/DSC_4377-rs-2048x1356.jpg 2048w, https:\/\/crc.org.ar\/w\/wp-content\/uploads\/2022\/06\/DSC_4377-rs-300x199.jpg 300w, https:\/\/crc.org.ar\/w\/wp-content\/uploads\/2022\/06\/DSC_4377-rs-768x509.jpg 768w, https:\/\/crc.org.ar\/w\/wp-content\/uploads\/2022\/06\/DSC_4377-rs-1536x1017.jpg 1536w\" sizes=\"(max-width: 2048px) 100vw, 2048px\" \/><\/figure>\n\n\n\n<p>\u201cDesarrollando el conocimiento, mejorando los resultados. El trabajo multidisciplinario como objetivo y clave del rendimiento\u201d ser\u00e1 el nombre del ciclo, el cual incluir\u00e1 diferentes tem\u00e1ticas relacionadas al entrenamiento y el rendimiento.<\/p>\n\n\n\n<p>Desde nutrici\u00f3n, hasta preparaci\u00f3n f\u00edsica, pasando por psicolog\u00eda deportiva y m\u00e1s. Habr\u00e1 diversos expertos que disertar\u00e1n en los cinco m\u00f3dulos a trabajar durante los tres d\u00edas del ciclo.<\/p>\n\n\n\n<p>La actividad comenzar\u00e1 a las 19 horas, tanto lunes, martes como mi\u00e9rcoles, y ser\u00e1 en el Sal\u00f3n de Fiestas del Club de Regatas.<\/p>\n\n\n\n<p>El 13 de junio la primera charla ser\u00e1 de la ingeniera <strong>Natalia Ch\u00e1vez, <\/strong>tocando la tem\u00e1tica de la iniciaci\u00f3n deportiva y su trabajo en la escuela de remo del club. Luego, el profesor <strong>Harris Gonz\u00e1lez Escobar,<\/strong> disertar\u00e1 sobre los procesos metodol\u00f3gicos del entrenamiento, la captaci\u00f3n de talentos y el inicio del alto rendimiento.<\/p>\n\n\n\n<p>El 14 de junio la psic\u00f3loga <strong>Y\u00e9sica Sgroppo <\/strong>dar\u00e1 una introducci\u00f3n a la psicolog\u00eda deportiva, tocando temas como la fortaleza mental, las bases psicol\u00f3gicas para el rendimiento y el acompa\u00f1amiento familiar. Luego, el profesor <strong>Nicol\u00e1s Ayala <\/strong>hablar\u00e1 de la importancia de la preparaci\u00f3n f\u00edsica en general, trabajo para evitar lesiones y m\u00e1s.<\/p>\n\n\n\n<p>Por \u00faltimo, la jornada final tendr\u00e1 al licenciado en nutrici\u00f3n <strong>Nicol\u00e1s Pedrido, <\/strong>quien tocar\u00e1 los aspectos b\u00e1sicos de la alimentaci\u00f3n, nutrientes de riesgo y la hidrataci\u00f3n en el deporte.<\/p>\n\n\n\n<p>Las charlas tendr\u00e1n cupo limitado de hasta 100 personas, y para inscribirse hay que comunicarse por whatsapp al <strong>379-4580942<\/strong>. El costo de la inscripci\u00f3n ser\u00e1 de $900 para socios del club, y $1500 para no socios. <strong>\u00a0<\/strong><\/p>\n","protected":false},"excerpt":{"rendered":"<p>(Jueves 2 de junio de 2022). La disciplina de remo invita a sumarse al ciclo de charlas t\u00e9cnicas \u201cDesarrollando el conocimiento y mejorando los resultados\u201d, que contar\u00e1 con temas de nutrici\u00f3n, psicolog\u00eda, iniciaci\u00f3n deportiva y m\u00e1s. El cupo ser\u00e1 limitado. Desde el lunes 13 al mi\u00e9rcoles 15 el Club de Regatas Corrientes brindar\u00e1 un ciclo &hellip;<\/p>\n","protected":false},"author":6,"featured_media":32616,"comment_status":"closed","ping_status":"closed","sticky":false,"template":"","format":"standard","meta":{"footnotes":""},"categories":[156,18],"tags":[],"_links":{"self":[{"href":"https:\/\/crc.org.ar\/w\/wp-json\/wp\/v2\/posts\/32614"}],"collection":[{"href":"https:\/\/crc.org.ar\/w\/wp-json\/wp\/v2\/posts"}],"about":[{"href":"https:\/\/crc.org.ar\/w\/wp-json\/wp\/v2\/types\/post"}],"author":[{"embeddable":true,"href":"https:\/\/crc.org.ar\/w\/wp-json\/wp\/v2\/users\/6"}],"replies":[{"embeddable":true,"href":"https:\/\/crc.org.ar\/w\/wp-json\/wp\/v2\/comments?post=32614"}],"version-history":[{"count":1,"href":"https:\/\/crc.org.ar\/w\/wp-json\/wp\/v2\/posts\/32614\/revisions"}],"predecessor-version":[{"id":32617,"href":"https:\/\/crc.org.ar\/w\/wp-json\/wp\/v2\/posts\/32614\/revisions\/32617"}],"wp:featuredmedia":[{"embeddable":true,"href":"https:\/\/crc.org.ar\/w\/wp-json\/wp\/v2\/media\/32616"}],"wp:attachment":[{"href":"https:\/\/crc.org.ar\/w\/wp-json\/wp\/v2\/media?parent=32614"}],"wp:term":[{"taxonomy":"category","embeddable":true,"href":"https:\/\/crc.org.ar\/w\/wp-json\/wp\/v2\/categories?post=32614"},{"taxonomy":"post_tag","embeddable":true,"href":"https:\/\/crc.org.ar\/w\/wp-json\/wp\/v2\/tags?post=32614"}],"curies":[{"name":"wp","href":"https:\/\/api.w.org\/{rel}","templated":true}]}}