{"id":32698,"date":"2022-06-08T12:08:02","date_gmt":"2022-06-08T15:08:02","guid":{"rendered":"https:\/\/crc.org.ar\/w\/?p=32698"},"modified":"2022-06-08T12:09:42","modified_gmt":"2022-06-08T15:09:42","slug":"mas-de-50-nuevos-graduados-de-taekwondo","status":"publish","type":"post","link":"https:\/\/crc.org.ar\/w\/mas-de-50-nuevos-graduados-de-taekwondo\/","title":{"rendered":"M\u00e1s de 50 nuevos graduados de taekwondo"},"content":{"rendered":"\n<p>(Mi\u00e9rcoles 8 de junio de 2022). La ACAST llev\u00f3 adelante un nuevo examen de graduaci\u00f3n para m\u00e1s de 50 deportistas del Club de Regatas. Por otro lado, el fin de semana habr\u00e1 un importante torneo.<\/p>\n\n\n\n<!--more-->\n\n\n\n<p>El pasado viernes en el dojo del Club de Regatas Corrientes en el tercer piso del edificio deportivo se llev\u00f3 a cabo una nueva jornada de ex\u00e1menes de graduaci\u00f3n de taekwondo. El evento tuvo la participaci\u00f3n de m\u00e1s de 50 artistas marciales.<\/p>\n\n\n\n<figure class=\"wp-block-image alignfull size-large\"><img loading=\"lazy\" decoding=\"async\" width=\"2048\" height=\"1373\" src=\"https:\/\/crc.org.ar\/w\/wp-content\/uploads\/2022\/06\/4-2048x1373.jpg\" alt=\"\" class=\"wp-image-32699\" srcset=\"https:\/\/crc.org.ar\/w\/wp-content\/uploads\/2022\/06\/4-2048x1373.jpg 2048w, https:\/\/crc.org.ar\/w\/wp-content\/uploads\/2022\/06\/4-300x201.jpg 300w, https:\/\/crc.org.ar\/w\/wp-content\/uploads\/2022\/06\/4-768x515.jpg 768w, https:\/\/crc.org.ar\/w\/wp-content\/uploads\/2022\/06\/4-1536x1030.jpg 1536w\" sizes=\"(max-width: 2048px) 100vw, 2048px\" \/><\/figure>\n\n\n\n<p>La Filial Club de Regatas Corrientes de la ACAST (Asociaci\u00f3n Civil Academia Superior de Taekwondo) tuvo la presencia del Maestro <strong>Jorge Demarchi<\/strong> y la instructora <strong>Laura Perazzelli<\/strong>, como m\u00e1xima responsable de dicha filiar, gradu\u00f3 a 59 alumnos en la jornada.<\/p>\n\n\n\n<p>El evento dio inicio a las 18 horas y cont\u00f3 tambi\u00e9n con el acompa\u00f1amiento de los familiares de los j\u00f3venes deportistas. El evento arranc\u00f3 con una clase especial de <strong>Demarchi, <\/strong>para luego avanzar con el examen, que tuvo hasta la tradicional rotura de madera.<\/p>\n\n\n\n<p>Hubo desde ex\u00e1menes para avanzar a blanco punta amarilla, hasta una rev\u00e1lida de I Dan. Luego de la ceremonia, el Maestro y la instructora hicieron entrega de los correspondientes certificados y de los nuevos cinturones.<\/p>\n\n\n\n<h2 class=\"alignfull has-text-align-center wp-block-heading\"><strong>Todos los graduados<\/strong><\/h2>\n\n\n\n<p><strong>Blanco Puntas Amarillo: <\/strong>\u00c1ngel Fernandez, As\u00eds Sebastian Navarro, Paula Encina, Tom\u00e1s Arbo, Juan Francisco Soler, Valentina Salm\u00f3n, Naiara Almua, Juan Pablo Ben\u00edtez, Mateo Ojeda, Juan Ignacio Corona, Facundo Nahuel Ram\u00edrez, Thiago Gonz\u00e1lez Fern\u00e1ndez y Enrico Palma.<\/p>\n\n\n\n<p><strong>Amarillo: <\/strong>Juan Sim\u00f3n Vorraso, Mateo Ferr\u00edn Balbuena, Benjam\u00edn Fern\u00e1ndez Buzaglo, Santiago Macias, Ramiro Ferreira, Ram\u00f3n Acosta, Juli\u00e1n Aguirre, Paz Balbuena Dacunda, Antonella Wohlfarht.<\/p>\n\n\n\n<p><strong>Amarillo Puntas Verde: <\/strong>Ema Scherf, Joaqu\u00edn Scherf, Dylan Gonz\u00e1lez Medrano, Leonardo Romero, Ciro Gonz\u00e1lez Medrano, Ciro Gonz\u00e1lez M\u00e9ndez, Adriano Lecuna, Santiago \u00c1lvarez Carrieri, Matteo Zapata, Sam Montenegro, Tom\u00e1s Pardo, Ignacio Franco, Alan Galarza, Sebasti\u00e1n Arnaldo Benega, Martina Chaparro Camp\u00edas, Lautaro Niveiro y Victoria Sorvello.<\/p>\n\n\n\n<p><strong>Verde: <\/strong>Salvador Custidiano, Yamil Romero, Mar\u00eda In\u00e9s Flores, Leandro Arisis Cantero, Lara Zeniquel.<\/p>\n\n\n\n<p><strong>Verdes punta Azul: <\/strong>Lucas Emanuel Romero, Benjam\u00edn Romero.<\/p>\n\n\n\n<p><strong>Azul: <\/strong>Benjam\u00edn Mancuello, Luna Marie Lavoletta Casco, Aar\u00f3n Molina, Milo Fornier y Valent\u00edn Soria.<\/p>\n\n\n\n<p><strong>Azul punta Rojo: <\/strong>Mauricio Yufimchuk, Lucas Ort\u00edz, Bruno Tob\u00edas Luna, Mat\u00edas Milano Rugnon.<\/p>\n\n\n\n<p><strong>Rojo: <\/strong>Valentino Mayol Toledo y Juan Sebasti\u00e1n Streuli.<\/p>\n\n\n\n<p><strong>Rojo puta Negra: <\/strong>Giuliana Vignlo Sarasua.<\/p>\n\n\n\n<p><strong>Revalida I Dan: <\/strong>Guillermo Stegelmann.<\/p>\n\n\n\n<figure class=\"wp-block-gallery alignfull has-nested-images columns-default is-cropped wp-block-gallery-1 is-layout-flex wp-block-gallery-is-layout-flex\">\n<figure class=\"wp-block-image size-large\"><img loading=\"lazy\" decoding=\"async\" width=\"2045\" height=\"1444\" data-id=\"32703\" src=\"https:\/\/crc.org.ar\/w\/wp-content\/uploads\/2022\/06\/1-1.jpg\" alt=\"\" class=\"wp-image-32703\" srcset=\"https:\/\/crc.org.ar\/w\/wp-content\/uploads\/2022\/06\/1-1.jpg 2045w, https:\/\/crc.org.ar\/w\/wp-content\/uploads\/2022\/06\/1-1-300x212.jpg 300w, https:\/\/crc.org.ar\/w\/wp-content\/uploads\/2022\/06\/1-1-768x542.jpg 768w, https:\/\/crc.org.ar\/w\/wp-content\/uploads\/2022\/06\/1-1-1536x1085.jpg 1536w\" sizes=\"(max-width: 2045px) 100vw, 2045px\" \/><\/figure>\n\n\n\n<figure class=\"wp-block-image size-large\"><img loading=\"lazy\" decoding=\"async\" width=\"1868\" height=\"1294\" data-id=\"32701\" src=\"https:\/\/crc.org.ar\/w\/wp-content\/uploads\/2022\/06\/2-1.jpg\" alt=\"\" class=\"wp-image-32701\" srcset=\"https:\/\/crc.org.ar\/w\/wp-content\/uploads\/2022\/06\/2-1.jpg 1868w, https:\/\/crc.org.ar\/w\/wp-content\/uploads\/2022\/06\/2-1-300x208.jpg 300w, https:\/\/crc.org.ar\/w\/wp-content\/uploads\/2022\/06\/2-1-768x532.jpg 768w, https:\/\/crc.org.ar\/w\/wp-content\/uploads\/2022\/06\/2-1-1536x1064.jpg 1536w\" sizes=\"(max-width: 1868px) 100vw, 1868px\" \/><\/figure>\n\n\n\n<figure class=\"wp-block-image size-large\"><img loading=\"lazy\" decoding=\"async\" width=\"1873\" height=\"1280\" data-id=\"32700\" src=\"https:\/\/crc.org.ar\/w\/wp-content\/uploads\/2022\/06\/3-2.jpg\" alt=\"\" class=\"wp-image-32700\" srcset=\"https:\/\/crc.org.ar\/w\/wp-content\/uploads\/2022\/06\/3-2.jpg 1873w, https:\/\/crc.org.ar\/w\/wp-content\/uploads\/2022\/06\/3-2-300x205.jpg 300w, https:\/\/crc.org.ar\/w\/wp-content\/uploads\/2022\/06\/3-2-768x525.jpg 768w, https:\/\/crc.org.ar\/w\/wp-content\/uploads\/2022\/06\/3-2-1536x1050.jpg 1536w, https:\/\/crc.org.ar\/w\/wp-content\/uploads\/2022\/06\/3-2-220x150.jpg 220w\" sizes=\"(max-width: 1873px) 100vw, 1873px\" \/><\/figure>\n\n\n\n<figure class=\"wp-block-image size-large\"><img loading=\"lazy\" decoding=\"async\" width=\"2048\" height=\"1367\" data-id=\"32702\" src=\"https:\/\/crc.org.ar\/w\/wp-content\/uploads\/2022\/06\/5-2048x1367.jpg\" alt=\"\" class=\"wp-image-32702\" srcset=\"https:\/\/crc.org.ar\/w\/wp-content\/uploads\/2022\/06\/5-2048x1367.jpg 2048w, https:\/\/crc.org.ar\/w\/wp-content\/uploads\/2022\/06\/5-300x200.jpg 300w, https:\/\/crc.org.ar\/w\/wp-content\/uploads\/2022\/06\/5-768x512.jpg 768w, https:\/\/crc.org.ar\/w\/wp-content\/uploads\/2022\/06\/5-1536x1025.jpg 1536w\" sizes=\"(max-width: 2048px) 100vw, 2048px\" \/><\/figure>\n\n\n\n<figure class=\"wp-block-image size-large\"><img loading=\"lazy\" decoding=\"async\" width=\"2048\" height=\"1367\" data-id=\"32704\" src=\"https:\/\/crc.org.ar\/w\/wp-content\/uploads\/2022\/06\/6-2048x1367.jpg\" alt=\"\" class=\"wp-image-32704\" srcset=\"https:\/\/crc.org.ar\/w\/wp-content\/uploads\/2022\/06\/6-2048x1367.jpg 2048w, https:\/\/crc.org.ar\/w\/wp-content\/uploads\/2022\/06\/6-300x200.jpg 300w, https:\/\/crc.org.ar\/w\/wp-content\/uploads\/2022\/06\/6-768x512.jpg 768w, https:\/\/crc.org.ar\/w\/wp-content\/uploads\/2022\/06\/6-1536x1025.jpg 1536w\" sizes=\"(max-width: 2048px) 100vw, 2048px\" \/><\/figure>\n<\/figure>\n\n\n\n<h2 class=\"alignfull has-text-align-center wp-block-heading\"><strong><mark style=\"background-color:#ffffff\" class=\"has-inline-color has-black-color\">Torneo Regional<\/mark><\/strong><\/h2>\n\n\n\n<p>El fin de semana, s\u00e1bado y domingo, se llevar\u00e1 adelante el Torneo Regional en el estadio del Club San Mart\u00edn. El certamen de taekwondo ITF es organizado y fiscalizado por la ACAST.<\/p>\n\n\n\n<p>El evento dar\u00e1 inicio el s\u00e1bado desde las 14 horas con lucha y tul para danes de todas las categor\u00edas, tanto individual, como en equipos. Por su parte, el domingo desde las 8 de la ma\u00f1ana competir\u00e1n todos los cinturones de colores.<\/p>\n","protected":false},"excerpt":{"rendered":"<p>(Mi\u00e9rcoles 8 de junio de 2022). La ACAST llev\u00f3 adelante un nuevo examen de graduaci\u00f3n para m\u00e1s de 50 deportistas del Club de Regatas. Por otro lado, el fin de semana habr\u00e1 un importante torneo. El pasado viernes en el dojo del Club de Regatas Corrientes en el tercer piso del edificio deportivo se llev\u00f3 &hellip;<\/p>\n","protected":false},"author":6,"featured_media":32705,"comment_status":"closed","ping_status":"closed","sticky":false,"template":"","format":"standard","meta":{"footnotes":""},"categories":[72,156,74],"tags":[262,222,248,263,247],"_links":{"self":[{"href":"https:\/\/crc.org.ar\/w\/wp-json\/wp\/v2\/posts\/32698"}],"collection":[{"href":"https:\/\/crc.org.ar\/w\/wp-json\/wp\/v2\/posts"}],"about":[{"href":"https:\/\/crc.org.ar\/w\/wp-json\/wp\/v2\/types\/post"}],"author":[{"embeddable":true,"href":"https:\/\/crc.org.ar\/w\/wp-json\/wp\/v2\/users\/6"}],"replies":[{"embeddable":true,"href":"https:\/\/crc.org.ar\/w\/wp-json\/wp\/v2\/comments?post=32698"}],"version-history":[{"count":2,"href":"https:\/\/crc.org.ar\/w\/wp-json\/wp\/v2\/posts\/32698\/revisions"}],"predecessor-version":[{"id":32708,"href":"https:\/\/crc.org.ar\/w\/wp-json\/wp\/v2\/posts\/32698\/revisions\/32708"}],"wp:featuredmedia":[{"embeddable":true,"href":"https:\/\/crc.org.ar\/w\/wp-json\/wp\/v2\/media\/32705"}],"wp:attachment":[{"href":"https:\/\/crc.org.ar\/w\/wp-json\/wp\/v2\/media?parent=32698"}],"wp:term":[{"taxonomy":"category","embeddable":true,"href":"https:\/\/crc.org.ar\/w\/wp-json\/wp\/v2\/categories?post=32698"},{"taxonomy":"post_tag","embeddable":true,"href":"https:\/\/crc.org.ar\/w\/wp-json\/wp\/v2\/tags?post=32698"}],"curies":[{"name":"wp","href":"https:\/\/api.w.org\/{rel}","templated":true}]}}