{"id":32872,"date":"2022-06-25T11:20:11","date_gmt":"2022-06-25T14:20:11","guid":{"rendered":"https:\/\/crc.org.ar\/w\/?p=32872"},"modified":"2022-06-29T18:29:18","modified_gmt":"2022-06-29T21:29:18","slug":"regatas-cayo-y-chocara-con-pinguinos-en-la-semifinal","status":"publish","type":"post","link":"https:\/\/crc.org.ar\/w\/regatas-cayo-y-chocara-con-pinguinos-en-la-semifinal\/","title":{"rendered":"Regatas cay\u00f3 y chocar\u00e1 con Ping\u00fcinos en la semifinal"},"content":{"rendered":"\n<p>(S\u00e1bado 25 de junio de 2022). Regatas Corrientes cay\u00f3 frente a Col\u00f3n 81-79 y qued\u00f3 con el 2\u00b0 puesto en la Copa Palacio. El rival de semifinales ser\u00e1 Ping\u00fcinos.<\/p>\n\n\n\n<!--more-->\n\n\n\n<figure class=\"wp-block-image alignfull size-full\"><img loading=\"lazy\" decoding=\"async\" width=\"1280\" height=\"854\" src=\"https:\/\/crc.org.ar\/w\/wp-content\/uploads\/2022\/06\/Gauto-2-2.jpeg\" alt=\"\" class=\"wp-image-32873\" srcset=\"https:\/\/crc.org.ar\/w\/wp-content\/uploads\/2022\/06\/Gauto-2-2.jpeg 1280w, https:\/\/crc.org.ar\/w\/wp-content\/uploads\/2022\/06\/Gauto-2-2-300x200.jpeg 300w, https:\/\/crc.org.ar\/w\/wp-content\/uploads\/2022\/06\/Gauto-2-2-768x512.jpeg 768w\" sizes=\"(max-width: 1280px) 100vw, 1280px\" \/><figcaption>Fabio Gauto<\/figcaption><\/figure>\n\n\n\n<p>El jueves por la noche en el adelantado de la \u00faltima fecha (13\u00b0) de la Copa Palacio el Club de Regatas Corrientes cay\u00f3 como visitante frente al Club Deportivo Col\u00f3n. Este resultado releg\u00f3 al Remero al segundo lugar de la tabla de posiciones, adem\u00e1s de cortarle un largo invicto.<\/p>\n\n\n\n<p>La victoria para el Violeta fue por 81-79 en un partido sumamente cerrado, que tuvo muchos cambios de dominador en el tablero y que se termin\u00f3 definiendo en los \u00faltimos segundos con un doble de <strong>Emilio Vallejos <\/strong>para darle la victoria a su equipo. Los 27 puntos de <strong>Fabio Gauto <\/strong>no le alcanzaron al equipo del parque Mitre.<\/p>\n\n\n\n<p>Desde el inicio del partido se pod\u00eda prever que ninguno de los dos equipos dejar\u00eda las cosas f\u00e1ciles al otro, con defensas duras y en ataque mostrando cada una de sus variantes, siendo que el primer cuarto qued\u00f3 para el local 26-22. Regatas mostr\u00f3 una faceta m\u00e1s s\u00f3lida en defensa en el segundo periodo, aprovechando el recambio de Col\u00f3n en cancha y pudo pasar al frente para llevarse el primer tiempo 38-41.<\/p>\n\n\n<div class=\"wp-block-image\">\n<figure class=\"alignleft size-full is-resized\"><img decoding=\"async\" src=\"https:\/\/crc.org.ar\/w\/wp-content\/uploads\/2022\/06\/Marco-4-edited.jpeg\" alt=\"\" class=\"wp-image-32875\" width=\"504\" srcset=\"https:\/\/crc.org.ar\/w\/wp-content\/uploads\/2022\/06\/Marco-4-edited.jpeg 853w, https:\/\/crc.org.ar\/w\/wp-content\/uploads\/2022\/06\/Marco-4-edited-300x200.jpeg 300w, https:\/\/crc.org.ar\/w\/wp-content\/uploads\/2022\/06\/Marco-4-edited-768x512.jpeg 768w\" sizes=\"(max-width: 853px) 100vw, 853px\" \/><figcaption>Ignacio Marc\u00f3<\/figcaption><\/figure><\/div>\n\n\n<p>En el tercer periodo las cosas se emparejaron por momentos, con un <strong>Cequeira <\/strong>desequilibrante en el costado ofensivo para el Violeta. Pero el Remero encontr\u00f3 m\u00e1s variantes en ofensiva y con un <strong>Gauto <\/strong>en llamas despeg\u00f3 un poco m\u00e1s la distancia al cabo del tercer cap\u00edtulo, 55-61.<\/p>\n\n\n\n<p>Ya en el \u00faltimo parcial <strong>Cequeira <\/strong>que era la bandera ofensiva del local se fue apagando, y parec\u00eda que los Fantasmas podr\u00edan cerrar el encuentro, pero all\u00ed el que hizo pesar su experiencia fue <strong>Emilia Vallejos, <\/strong>castigando de tres puntos en dos ocasiones seguidas en los \u00faltimos minutos, y luego sentenciando la historia con un doble a falta de dos segundos. Regatas tuvo la \u00faltima jugada luego de un tiempo muerto, y los jueces no cobraron una m\u00e1s que clara falta sobre Franchela, lo que dej\u00f3 el juego 81-79 para el local.<\/p>\n\n\n\n<p>De este modo, Regatas qued\u00f3 2\u00b0 en la tabla de posiciones de la Copa Palacio, y ahora se medir\u00e1 en semifinales con Ping\u00fcinos, quien hizo la tarea y le gan\u00f3 a Juventus Granate para robarle el 3\u00b0 puesto. Con la victoria, Col\u00f3n le cort\u00f3 una racha de 14 partidos invictos al Remero en torneos locales (12 en esta Copa Palacio) desde el segundo y tercer punto de la final 2021. El Violeta se medir\u00e1 con Juventus Granate en las semifinales.<\/p>\n\n\n\n<figure class=\"wp-block-gallery alignfull has-nested-images columns-default is-cropped wp-block-gallery-1 is-layout-flex wp-block-gallery-is-layout-flex\">\n<figure class=\"wp-block-image size-large\"><a href=\"https:\/\/crc.org.ar\/w\/wp-content\/uploads\/2022\/06\/Abad-1.jpeg\"><img loading=\"lazy\" decoding=\"async\" width=\"1280\" height=\"854\" data-id=\"32877\" src=\"https:\/\/crc.org.ar\/w\/wp-content\/uploads\/2022\/06\/Abad-1.jpeg\" alt=\"\" class=\"wp-image-32877\" srcset=\"https:\/\/crc.org.ar\/w\/wp-content\/uploads\/2022\/06\/Abad-1.jpeg 1280w, https:\/\/crc.org.ar\/w\/wp-content\/uploads\/2022\/06\/Abad-1-300x200.jpeg 300w, https:\/\/crc.org.ar\/w\/wp-content\/uploads\/2022\/06\/Abad-1-768x512.jpeg 768w\" sizes=\"(max-width: 1280px) 100vw, 1280px\" \/><\/a><figcaption>Rey Abad<\/figcaption><\/figure>\n\n\n\n<figure class=\"wp-block-image size-large\"><a href=\"https:\/\/crc.org.ar\/w\/wp-content\/uploads\/2022\/06\/Franchela-2.jpeg\"><img loading=\"lazy\" decoding=\"async\" width=\"1280\" height=\"854\" data-id=\"32879\" src=\"https:\/\/crc.org.ar\/w\/wp-content\/uploads\/2022\/06\/Franchela-2.jpeg\" alt=\"\" class=\"wp-image-32879\" srcset=\"https:\/\/crc.org.ar\/w\/wp-content\/uploads\/2022\/06\/Franchela-2.jpeg 1280w, https:\/\/crc.org.ar\/w\/wp-content\/uploads\/2022\/06\/Franchela-2-300x200.jpeg 300w, https:\/\/crc.org.ar\/w\/wp-content\/uploads\/2022\/06\/Franchela-2-768x512.jpeg 768w\" sizes=\"(max-width: 1280px) 100vw, 1280px\" \/><\/a><figcaption>Tob\u00edas Franchela<\/figcaption><\/figure>\n\n\n\n<figure class=\"wp-block-image size-large\"><a href=\"https:\/\/crc.org.ar\/w\/wp-content\/uploads\/2022\/06\/Franchela-1.jpeg\"><img loading=\"lazy\" decoding=\"async\" width=\"1280\" height=\"854\" data-id=\"32876\" src=\"https:\/\/crc.org.ar\/w\/wp-content\/uploads\/2022\/06\/Franchela-1.jpeg\" alt=\"\" class=\"wp-image-32876\" srcset=\"https:\/\/crc.org.ar\/w\/wp-content\/uploads\/2022\/06\/Franchela-1.jpeg 1280w, https:\/\/crc.org.ar\/w\/wp-content\/uploads\/2022\/06\/Franchela-1-300x200.jpeg 300w, https:\/\/crc.org.ar\/w\/wp-content\/uploads\/2022\/06\/Franchela-1-768x512.jpeg 768w\" sizes=\"(max-width: 1280px) 100vw, 1280px\" \/><\/a><figcaption>Tob\u00edas Franchela<\/figcaption><\/figure>\n\n\n\n<figure class=\"wp-block-image size-large\"><a href=\"https:\/\/crc.org.ar\/w\/wp-content\/uploads\/2022\/06\/Gauto-3-edited.jpeg\"><img loading=\"lazy\" decoding=\"async\" width=\"853\" height=\"568\" data-id=\"32881\" src=\"https:\/\/crc.org.ar\/w\/wp-content\/uploads\/2022\/06\/Gauto-3-edited.jpeg\" alt=\"\" class=\"wp-image-32881\" srcset=\"https:\/\/crc.org.ar\/w\/wp-content\/uploads\/2022\/06\/Gauto-3-edited.jpeg 853w, https:\/\/crc.org.ar\/w\/wp-content\/uploads\/2022\/06\/Gauto-3-edited-300x200.jpeg 300w, https:\/\/crc.org.ar\/w\/wp-content\/uploads\/2022\/06\/Gauto-3-edited-768x511.jpeg 768w\" sizes=\"(max-width: 853px) 100vw, 853px\" \/><\/a><figcaption>Fabio Gauto<\/figcaption><\/figure>\n\n\n\n<figure class=\"wp-block-image size-large\"><a href=\"https:\/\/crc.org.ar\/w\/wp-content\/uploads\/2022\/06\/Scacchi.jpeg\"><img loading=\"lazy\" decoding=\"async\" width=\"1280\" height=\"854\" data-id=\"32880\" src=\"https:\/\/crc.org.ar\/w\/wp-content\/uploads\/2022\/06\/Scacchi.jpeg\" alt=\"\" class=\"wp-image-32880\" srcset=\"https:\/\/crc.org.ar\/w\/wp-content\/uploads\/2022\/06\/Scacchi.jpeg 1280w, https:\/\/crc.org.ar\/w\/wp-content\/uploads\/2022\/06\/Scacchi-300x200.jpeg 300w, https:\/\/crc.org.ar\/w\/wp-content\/uploads\/2022\/06\/Scacchi-768x512.jpeg 768w\" sizes=\"(max-width: 1280px) 100vw, 1280px\" \/><\/a><figcaption>Juan Cruz Scacchi<\/figcaption><\/figure>\n<\/figure>\n\n\n\n<h2 class=\"has-text-align-center wp-block-heading\"><strong>La s\u00edntesis:<\/strong><\/h2>\n\n\n\n<p><strong>Col\u00f3n (81): <\/strong>Pablo Quagliozzi 6, Juan Cruz Cequeira 29, Agust\u00edn Robles 5, Ayrton Sequeira 7 y Emilio Vallejos 20 (FI); Juan Gauna Reyes 9, Lautaro B\u00e1ez 5, Pablo Brocal 0 y Gonzalo Ram\u00edrez 0.<\/p>\n\n\n\n<p><strong>DT: <\/strong>Iv\u00e1n Ayala.<\/p>\n\n\n\n<p><strong>Regatas (79): <\/strong>Tob\u00edas Franchela 16, Fabio Gauto 27, Juan Cruz Scacchi 18, Santiago Fiorio 0 y Rey Abad 7 (FI); Ignacio Marc\u00f3 11, Enrique Medina 0 y Felipe Valsangiacomo 0.<\/p>\n\n\n\n<p><strong>DT: <\/strong>Fernando Calvi.<\/p>\n\n\n\n<p><strong>Parciales: <\/strong>26\/22, 38\/41 (12\/19), 55\/61 (17\/20), 81\/79 (26\/18).<\/p>\n\n\n\n<p><strong>Jueces: <\/strong>Leandro Lencina y Cristian Margalot.<\/p>\n\n\n\n<p><strong>Estadio: <\/strong>Club Deportivo Col\u00f3n.<\/p>\n","protected":false},"excerpt":{"rendered":"<p>(S\u00e1bado 25 de junio de 2022). Regatas Corrientes cay\u00f3 frente a Col\u00f3n 81-79 y qued\u00f3 con el 2\u00b0 puesto en la Copa Palacio. El rival de semifinales ser\u00e1 Ping\u00fcinos. Fabio Gauto El jueves por la noche en el adelantado de la \u00faltima fecha (13\u00b0) de la Copa Palacio el Club de Regatas Corrientes cay\u00f3 como &hellip;<\/p>\n","protected":false},"author":6,"featured_media":32882,"comment_status":"closed","ping_status":"closed","sticky":false,"template":"","format":"standard","meta":{"footnotes":""},"categories":[80,66,156],"tags":[],"_links":{"self":[{"href":"https:\/\/crc.org.ar\/w\/wp-json\/wp\/v2\/posts\/32872"}],"collection":[{"href":"https:\/\/crc.org.ar\/w\/wp-json\/wp\/v2\/posts"}],"about":[{"href":"https:\/\/crc.org.ar\/w\/wp-json\/wp\/v2\/types\/post"}],"author":[{"embeddable":true,"href":"https:\/\/crc.org.ar\/w\/wp-json\/wp\/v2\/users\/6"}],"replies":[{"embeddable":true,"href":"https:\/\/crc.org.ar\/w\/wp-json\/wp\/v2\/comments?post=32872"}],"version-history":[{"count":2,"href":"https:\/\/crc.org.ar\/w\/wp-json\/wp\/v2\/posts\/32872\/revisions"}],"predecessor-version":[{"id":32917,"href":"https:\/\/crc.org.ar\/w\/wp-json\/wp\/v2\/posts\/32872\/revisions\/32917"}],"wp:featuredmedia":[{"embeddable":true,"href":"https:\/\/crc.org.ar\/w\/wp-json\/wp\/v2\/media\/32882"}],"wp:attachment":[{"href":"https:\/\/crc.org.ar\/w\/wp-json\/wp\/v2\/media?parent=32872"}],"wp:term":[{"taxonomy":"category","embeddable":true,"href":"https:\/\/crc.org.ar\/w\/wp-json\/wp\/v2\/categories?post=32872"},{"taxonomy":"post_tag","embeddable":true,"href":"https:\/\/crc.org.ar\/w\/wp-json\/wp\/v2\/tags?post=32872"}],"curies":[{"name":"wp","href":"https:\/\/api.w.org\/{rel}","templated":true}]}}