{"id":32948,"date":"2022-07-02T12:00:07","date_gmt":"2022-07-02T15:00:07","guid":{"rendered":"https:\/\/crc.org.ar\/w\/?p=32948"},"modified":"2022-07-02T12:00:09","modified_gmt":"2022-07-02T15:00:09","slug":"regatas-nuevamente-definira-un-torneo-cara-a-cara-con-colon","status":"publish","type":"post","link":"https:\/\/crc.org.ar\/w\/regatas-nuevamente-definira-un-torneo-cara-a-cara-con-colon\/","title":{"rendered":"Regatas nuevamente definir\u00e1 un torneo cara a cara con Col\u00f3n"},"content":{"rendered":"\n<p>(S\u00e1bado 2 de julio de 2022). Regatas Corrientes venci\u00f3 a Ping\u00fcinos y se meti\u00f3 en la final de la Copa Palacio. Col\u00f3n hizo lo propio con Juventus Granate y se ver\u00e1n nuevamente las caras en una definici\u00f3n.<\/p>\n\n\n\n<!--more-->\n\n\n\n<figure class=\"wp-block-image alignfull size-large\"><img loading=\"lazy\" decoding=\"async\" width=\"1499\" height=\"999\" src=\"https:\/\/crc.org.ar\/w\/wp-content\/uploads\/2022\/07\/Franchela-rs-edited.jpg\" alt=\"\" class=\"wp-image-32950\" srcset=\"https:\/\/crc.org.ar\/w\/wp-content\/uploads\/2022\/07\/Franchela-rs-edited.jpg 1499w, https:\/\/crc.org.ar\/w\/wp-content\/uploads\/2022\/07\/Franchela-rs-edited-300x200.jpg 300w, https:\/\/crc.org.ar\/w\/wp-content\/uploads\/2022\/07\/Franchela-rs-edited-768x512.jpg 768w\" sizes=\"(max-width: 1499px) 100vw, 1499px\" \/><figcaption>Franchela frente a Monz\u00f3n<\/figcaption><\/figure>\n\n\n\n<p>Tras jugarse las semifinales de la Copa Palacio de Primera Divisi\u00f3n de la ABCC qued\u00f3 todo resuelto de cara a la gran final, donde el 1\u00b0 y 2\u00b0 de la fase regular definir\u00e1n mano a mano el t\u00edtulo. Regatas Corrientes venci\u00f3 88-77 a Ping\u00fcinos en el Jos\u00e9 Jorge Contte y se medir\u00e1 con Col\u00f3n en la serie final.<\/p>\n\n\n\n<p>El Remero ven\u00eda de caer en la \u00faltima jornada frente a Col\u00f3n, que le arrebat\u00f3 el primer puesto de la fase regular y le cort\u00f3 un largo invicto. Sin embargo, el equipo no se vio afectado y sac\u00f3 delante de forma clara un complicado partido. La victoria se encamin\u00f3 de la mano de <strong>Franchela <\/strong>y <strong>Gauto <\/strong>quienes convirtieron 21 y 20 puntos respectivamente.<\/p>\n\n\n<div class=\"wp-block-image\">\n<figure class=\"alignright size-large is-resized\"><img loading=\"lazy\" decoding=\"async\" src=\"https:\/\/crc.org.ar\/w\/wp-content\/uploads\/2022\/07\/Yordan-rs-edited.jpg\" alt=\"\" class=\"wp-image-32952\" width=\"466\" height=\"310\" srcset=\"https:\/\/crc.org.ar\/w\/wp-content\/uploads\/2022\/07\/Yordan-rs-edited.jpg 1499w, https:\/\/crc.org.ar\/w\/wp-content\/uploads\/2022\/07\/Yordan-rs-edited-300x200.jpg 300w, https:\/\/crc.org.ar\/w\/wp-content\/uploads\/2022\/07\/Yordan-rs-edited-768x512.jpg 768w\" sizes=\"(max-width: 466px) 100vw, 466px\" \/><figcaption>Yordan frente a Robles<\/figcaption><\/figure><\/div>\n\n\n<p>En el primer cuarto el Fantasma r\u00e1pidamente pudo tomar distancia haciendo uso de una de sus armas, el tiro perimetral, clavando 5 bombas desde distintas manos y as\u00ed llev\u00e1ndose el primer cap\u00edtulo 25-12. En la escena siguiente los de calle Santa Fe consiguieron mejorar en zona ofensiva, aunque le cost\u00f3 cerrarse en defensa, y la desventaja sigui\u00f3 aumentando, quedando el primer tiempo 49\/30 para el local.<\/p>\n\n\n\n<p>En el tercer periodo la banda negra mejor\u00f3 m\u00e1s a\u00fan de la mano de <strong>Monz\u00f3n<\/strong> y se puso m\u00e1s a tono en el encuentro, aunque entre <strong>Franchela <\/strong>y <strong>Gauto <\/strong>llevaron a Regatas a mantener siempre la buena diferencia conseguida, y quedarse con el cuarto 73-53. Ya en el \u00faltimo cap\u00edtulo Ping\u00fcinos agot\u00f3 todos los caminos para acercarse y reci\u00e9n lo logr\u00f3 hacerlo en los minutos finales, frente a un s\u00f3lido equipo regatense que nunca permiti\u00f3 reacci\u00f3n. As\u00ed, en los minutos finales la visita dibujo un poco el resultado que concluy\u00f3 88-77.<\/p>\n\n\n\n<p>De este modo Regatas Corrientes se mete en una definici\u00f3n por un torneo local, en este caso la Copa Palacio. El rival ser\u00e1 Col\u00f3n que venci\u00f3 a Juventus Granate 79-67, equipo con quien viene de caer el Remero en la 13\u00b0 fecha.<\/p>\n\n\n\n<figure class=\"wp-block-gallery alignfull has-nested-images columns-default is-cropped wp-block-gallery-1 is-layout-flex wp-block-gallery-is-layout-flex\">\n<figure class=\"wp-block-image size-large\"><a href=\"https:\/\/crc.org.ar\/w\/wp-content\/uploads\/2022\/07\/Fiorio-Rs.jpg\"><img loading=\"lazy\" decoding=\"async\" width=\"2048\" height=\"1367\" data-id=\"32955\" src=\"https:\/\/crc.org.ar\/w\/wp-content\/uploads\/2022\/07\/Fiorio-Rs-2048x1367.jpg\" alt=\"\" class=\"wp-image-32955\" srcset=\"https:\/\/crc.org.ar\/w\/wp-content\/uploads\/2022\/07\/Fiorio-Rs-2048x1367.jpg 2048w, https:\/\/crc.org.ar\/w\/wp-content\/uploads\/2022\/07\/Fiorio-Rs-300x200.jpg 300w, https:\/\/crc.org.ar\/w\/wp-content\/uploads\/2022\/07\/Fiorio-Rs-768x512.jpg 768w, https:\/\/crc.org.ar\/w\/wp-content\/uploads\/2022\/07\/Fiorio-Rs-1536x1025.jpg 1536w\" sizes=\"(max-width: 2048px) 100vw, 2048px\" \/><\/a><\/figure>\n\n\n\n<figure class=\"wp-block-image size-large\"><a href=\"https:\/\/crc.org.ar\/w\/wp-content\/uploads\/2022\/07\/Gauto-Rs.jpg\"><img loading=\"lazy\" decoding=\"async\" width=\"1842\" height=\"1229\" data-id=\"32953\" src=\"https:\/\/crc.org.ar\/w\/wp-content\/uploads\/2022\/07\/Gauto-Rs.jpg\" alt=\"\" class=\"wp-image-32953\" srcset=\"https:\/\/crc.org.ar\/w\/wp-content\/uploads\/2022\/07\/Gauto-Rs.jpg 1842w, https:\/\/crc.org.ar\/w\/wp-content\/uploads\/2022\/07\/Gauto-Rs-300x200.jpg 300w, https:\/\/crc.org.ar\/w\/wp-content\/uploads\/2022\/07\/Gauto-Rs-768x512.jpg 768w, https:\/\/crc.org.ar\/w\/wp-content\/uploads\/2022\/07\/Gauto-Rs-1536x1025.jpg 1536w\" sizes=\"(max-width: 1842px) 100vw, 1842px\" \/><\/a><\/figure>\n\n\n\n<figure class=\"wp-block-image size-large\"><a href=\"https:\/\/crc.org.ar\/w\/wp-content\/uploads\/2022\/07\/Valsangiacomo-rs.jpg\"><img loading=\"lazy\" decoding=\"async\" width=\"2048\" height=\"1367\" data-id=\"32954\" src=\"https:\/\/crc.org.ar\/w\/wp-content\/uploads\/2022\/07\/Valsangiacomo-rs-2048x1367.jpg\" alt=\"\" class=\"wp-image-32954\" srcset=\"https:\/\/crc.org.ar\/w\/wp-content\/uploads\/2022\/07\/Valsangiacomo-rs-2048x1367.jpg 2048w, https:\/\/crc.org.ar\/w\/wp-content\/uploads\/2022\/07\/Valsangiacomo-rs-300x200.jpg 300w, https:\/\/crc.org.ar\/w\/wp-content\/uploads\/2022\/07\/Valsangiacomo-rs-768x512.jpg 768w, https:\/\/crc.org.ar\/w\/wp-content\/uploads\/2022\/07\/Valsangiacomo-rs-1536x1025.jpg 1536w\" sizes=\"(max-width: 2048px) 100vw, 2048px\" \/><\/a><\/figure>\n<\/figure>\n\n\n\n<h2 class=\"has-text-align-center wp-block-heading\"><strong>La S\u00edntesis:<\/strong><\/h2>\n\n\n\n<p><strong>Regatas (88)<\/strong>: Tob\u00edas Franchela 21, Juan Cruz Scachi 17, Santiago Fiorio 3, Fabio Gauto 20 y Rey Abad 8 (FI); Felipe Valsangiacomo 9, Valentino Yordan 0, Ignacio Marc\u00f3 6, Franco Zalazar 2, Enrique Medina 2, Juan Cruz Ferreyra 0 y Ezequiel Henain 0.<\/p>\n\n\n\n<p><strong>DT:<\/strong> Fernando Calvi.<\/p>\n\n\n\n<p><strong>Ping\u00fcinos (77)<\/strong>: Lucas Monz\u00f3n 15, Juan Ignacio Arengo 16, Leandro Belmonte 15, Iv\u00e1n Gretter 5 y Augusto L\u00f3pez 5 (FI); Facundo Gonz\u00e1lez 14, Pablo Robles 2, Lucas Alcaraz 3, Pablo Jara Froy 0, Juan Ignacio Yuste 0, Santiago B\u00e1ez 2.<\/p>\n\n\n\n<p><strong>Entrenador:<\/strong> Juan Pablo Mascar\u00f3.<\/p>\n\n\n\n<p><strong>Parciales:<\/strong> 25\/12, 49\/30 (24\/18), 73\/53 (24\/23), 88\/77 (15\/24).<\/p>\n\n\n\n<p><strong>Jueces: <\/strong>Alejandro Costa, Leandro Lencina y Wilson Pedrozo.<\/p>\n\n\n\n<p><strong>Estadio: <\/strong>Jos\u00e9 Jorge Contte.<\/p>\n","protected":false},"excerpt":{"rendered":"<p>(S\u00e1bado 2 de julio de 2022). Regatas Corrientes venci\u00f3 a Ping\u00fcinos y se meti\u00f3 en la final de la Copa Palacio. Col\u00f3n hizo lo propio con Juventus Granate y se ver\u00e1n nuevamente las caras en una definici\u00f3n. Franchela frente a Monz\u00f3n Tras jugarse las semifinales de la Copa Palacio de Primera Divisi\u00f3n de la ABCC &hellip;<\/p>\n","protected":false},"author":6,"featured_media":32956,"comment_status":"closed","ping_status":"closed","sticky":false,"template":"","format":"standard","meta":{"footnotes":""},"categories":[80,66,156],"tags":[],"_links":{"self":[{"href":"https:\/\/crc.org.ar\/w\/wp-json\/wp\/v2\/posts\/32948"}],"collection":[{"href":"https:\/\/crc.org.ar\/w\/wp-json\/wp\/v2\/posts"}],"about":[{"href":"https:\/\/crc.org.ar\/w\/wp-json\/wp\/v2\/types\/post"}],"author":[{"embeddable":true,"href":"https:\/\/crc.org.ar\/w\/wp-json\/wp\/v2\/users\/6"}],"replies":[{"embeddable":true,"href":"https:\/\/crc.org.ar\/w\/wp-json\/wp\/v2\/comments?post=32948"}],"version-history":[{"count":1,"href":"https:\/\/crc.org.ar\/w\/wp-json\/wp\/v2\/posts\/32948\/revisions"}],"predecessor-version":[{"id":32957,"href":"https:\/\/crc.org.ar\/w\/wp-json\/wp\/v2\/posts\/32948\/revisions\/32957"}],"wp:featuredmedia":[{"embeddable":true,"href":"https:\/\/crc.org.ar\/w\/wp-json\/wp\/v2\/media\/32956"}],"wp:attachment":[{"href":"https:\/\/crc.org.ar\/w\/wp-json\/wp\/v2\/media?parent=32948"}],"wp:term":[{"taxonomy":"category","embeddable":true,"href":"https:\/\/crc.org.ar\/w\/wp-json\/wp\/v2\/categories?post=32948"},{"taxonomy":"post_tag","embeddable":true,"href":"https:\/\/crc.org.ar\/w\/wp-json\/wp\/v2\/tags?post=32948"}],"curies":[{"name":"wp","href":"https:\/\/api.w.org\/{rel}","templated":true}]}}