{"id":33019,"date":"2022-07-07T12:58:11","date_gmt":"2022-07-07T15:58:11","guid":{"rendered":"https:\/\/crc.org.ar\/w\/?p=33019"},"modified":"2022-07-07T12:59:24","modified_gmt":"2022-07-07T15:59:24","slug":"la-final-de-la-copa-palacio-pone-primera","status":"publish","type":"post","link":"https:\/\/crc.org.ar\/w\/la-final-de-la-copa-palacio-pone-primera\/","title":{"rendered":"La final de la Copa Palacio pone primera"},"content":{"rendered":"\n<p>(Jueves 7 de julio de 2022). Regatas Corrientes visitar\u00e1 a Col\u00f3n el viernes por la noche en el primer juego de la serie final de la Copa Palacio.<\/p>\n\n\n\n<!--more-->\n\n\n\n<p>La tradicional Copa Palacio de Primera Divisi\u00f3n de la ABCC est\u00e1 llegando a su conclusi\u00f3n, y arranca lo m\u00e1s emocionante. El viernes desde las 21:30 en el estadio del Club Deportivo Col\u00f3n se jugar\u00e1 el primer punto de la serie final entre el local y el Club de Regatas Corrientes.<\/p>\n\n\n\n<figure class=\"wp-block-image size-full\"><img loading=\"lazy\" decoding=\"async\" width=\"1280\" height=\"854\" src=\"https:\/\/crc.org.ar\/w\/wp-content\/uploads\/2022\/07\/Franchela.jpeg\" alt=\"\" class=\"wp-image-33020\" srcset=\"https:\/\/crc.org.ar\/w\/wp-content\/uploads\/2022\/07\/Franchela.jpeg 1280w, https:\/\/crc.org.ar\/w\/wp-content\/uploads\/2022\/07\/Franchela-300x200.jpeg 300w, https:\/\/crc.org.ar\/w\/wp-content\/uploads\/2022\/07\/Franchela-768x512.jpeg 768w\" sizes=\"(max-width: 1280px) 100vw, 1280px\" \/><figcaption>Tob\u00edas Franchela, base del equipo remero<\/figcaption><\/figure>\n\n\n\n<p>La serie se jugar\u00e1 al mejor de tres partidos, arrancando el viernes y continuando el pr\u00f3ximo mi\u00e9rcoles en el Jos\u00e9 Jorge Contte. En caso de ser necesario, el tercer y \u00faltimo choque ser\u00e1 el pr\u00f3ximo viernes en el estadio de Col\u00f3n.<\/p>\n\n\n\n<p>Regatas Corrientes finaliz\u00f3 en la segunda ubicaci\u00f3n en la primera fase, con un r\u00e9cord de 12 victorias y 1 derrota. Justamente la \u00fanica derrota del elenco del parque Mitre fue en la \u00faltima fecha frente a Col\u00f3n. En las semifinales se cruz\u00f3 con Ping\u00fcinos, venci\u00e9ndolo a 88-77.<\/p>\n\n\n\n<p>Por su parte, Col\u00f3n que finaliz\u00f3 primero e invicto, con 13 victorias, se midi\u00f3 con Juventus Granate en la semifinal, donde gan\u00f3 su partido 79-67 para meterse en una nueva definici\u00f3n. El Violeta, que contin\u00faa invicto, acumula 14 partidos sin derrotas.<\/p>\n\n\n\n<p>Este cruce ser\u00e1 la reedici\u00f3n de la serie decisiva del Cuadrangular Final 2021, en el cual Regatas Corrientes se consagr\u00f3 campe\u00f3n de la Copa Municipalidad de la Ciudad de Corrientes dando vuelta la serie 2-1.<\/p>\n\n\n\n<p>En el antecedente cercano en la 13\u00b0 jornada de la fase regular la victoria fue para los de calle Catamarca 81-79, por lo que podr\u00eda ser una r\u00e1pida revancha para los Fantasmas.<\/p>\n\n\n\n<p><strong>Calendario de la final<\/strong><\/p>\n\n\n\n<p>Viernes 8 de julio \u2013 Estadio de Col\u00f3n<br>21:30 \u2013 Col\u00f3n vs Regatas<\/p>\n\n\n\n<p>Mi\u00e9rcoles 13 de julio \u2013 Estadio Jos\u00e9 Jorge Contte<br>21:30 \u2013 Regatas vs Col\u00f3n<\/p>\n\n\n\n<p>Viernes 15 de julio \u2013 Estadio de Col\u00f3n (En caso de ser necesario)<br>21:30 &#8211; Col\u00f3n vs Regatas<\/p>\n","protected":false},"excerpt":{"rendered":"<p>(Jueves 7 de julio de 2022). Regatas Corrientes visitar\u00e1 a Col\u00f3n el viernes por la noche en el primer juego de la serie final de la Copa Palacio. La tradicional Copa Palacio de Primera Divisi\u00f3n de la ABCC est\u00e1 llegando a su conclusi\u00f3n, y arranca lo m\u00e1s emocionante. El viernes desde las 21:30 en el &hellip;<\/p>\n","protected":false},"author":6,"featured_media":33020,"comment_status":"closed","ping_status":"closed","sticky":false,"template":"","format":"standard","meta":{"footnotes":""},"categories":[80,66,156],"tags":[],"_links":{"self":[{"href":"https:\/\/crc.org.ar\/w\/wp-json\/wp\/v2\/posts\/33019"}],"collection":[{"href":"https:\/\/crc.org.ar\/w\/wp-json\/wp\/v2\/posts"}],"about":[{"href":"https:\/\/crc.org.ar\/w\/wp-json\/wp\/v2\/types\/post"}],"author":[{"embeddable":true,"href":"https:\/\/crc.org.ar\/w\/wp-json\/wp\/v2\/users\/6"}],"replies":[{"embeddable":true,"href":"https:\/\/crc.org.ar\/w\/wp-json\/wp\/v2\/comments?post=33019"}],"version-history":[{"count":1,"href":"https:\/\/crc.org.ar\/w\/wp-json\/wp\/v2\/posts\/33019\/revisions"}],"predecessor-version":[{"id":33021,"href":"https:\/\/crc.org.ar\/w\/wp-json\/wp\/v2\/posts\/33019\/revisions\/33021"}],"wp:featuredmedia":[{"embeddable":true,"href":"https:\/\/crc.org.ar\/w\/wp-json\/wp\/v2\/media\/33020"}],"wp:attachment":[{"href":"https:\/\/crc.org.ar\/w\/wp-json\/wp\/v2\/media?parent=33019"}],"wp:term":[{"taxonomy":"category","embeddable":true,"href":"https:\/\/crc.org.ar\/w\/wp-json\/wp\/v2\/categories?post=33019"},{"taxonomy":"post_tag","embeddable":true,"href":"https:\/\/crc.org.ar\/w\/wp-json\/wp\/v2\/tags?post=33019"}],"curies":[{"name":"wp","href":"https:\/\/api.w.org\/{rel}","templated":true}]}}