{"id":33029,"date":"2022-07-11T11:02:44","date_gmt":"2022-07-11T14:02:44","guid":{"rendered":"https:\/\/crc.org.ar\/w\/?p=33029"},"modified":"2022-07-11T11:02:46","modified_gmt":"2022-07-11T14:02:46","slug":"regatas-cayo-en-el-primer-juego-de-la-final","status":"publish","type":"post","link":"https:\/\/crc.org.ar\/w\/regatas-cayo-en-el-primer-juego-de-la-final\/","title":{"rendered":"Regatas cay\u00f3 en el primer juego de la final"},"content":{"rendered":"\n<p>(S\u00e1bado 9 de julio de 2022). Regatas Corrientes cay\u00f3 70-68 en un ajustado juego y qued\u00f3 match-point en contra en la final de la Copa Palacio. El mi\u00e9rcoles la serie contin\u00faa en el Contte.<\/p>\n\n\n\n<!--more-->\n\n\n\n<figure class=\"wp-block-image alignfull size-large\"><img loading=\"lazy\" decoding=\"async\" width=\"2048\" height=\"2048\" src=\"https:\/\/crc.org.ar\/w\/wp-content\/uploads\/2022\/07\/Franchelars-2048x2048.jpg\" alt=\"\" class=\"wp-image-33030\" srcset=\"https:\/\/crc.org.ar\/w\/wp-content\/uploads\/2022\/07\/Franchelars-2048x2048.jpg 2048w, https:\/\/crc.org.ar\/w\/wp-content\/uploads\/2022\/07\/Franchelars-300x300.jpg 300w, https:\/\/crc.org.ar\/w\/wp-content\/uploads\/2022\/07\/Franchelars-150x150.jpg 150w, https:\/\/crc.org.ar\/w\/wp-content\/uploads\/2022\/07\/Franchelars-768x768.jpg 768w, https:\/\/crc.org.ar\/w\/wp-content\/uploads\/2022\/07\/Franchelars-1536x1536.jpg 1536w\" sizes=\"(max-width: 2048px) 100vw, 2048px\" \/><\/figure>\n\n\n\n<p>El viernes por la noche en cancha del Club Deportivo Col\u00f3n se llev\u00f3 adelante el primer partido de la serie final de la Copa Palacio de Primera Divisi\u00f3n de la ABCC. El juego qued\u00f3 en manos del local que venci\u00f3 al Club de Regatas Corrientes en un ajustado 70-68. &nbsp;<\/p>\n\n\n\n<p>Como si fuese un cap\u00edtulo repetido de alg\u00fan libro, la historia fue escribi\u00e9ndose casi de la misma manera que en el partido de la fecha 13\u00b0 en el cual Col\u00f3n venci\u00f3 al Remero 81-79. Nuevamente Regatas Corrientes domin\u00f3 gran parte de las acciones, pero no pudo cerrar el encuentro.<\/p>\n\n\n<div class=\"wp-block-image\">\n<figure class=\"alignleft size-full is-resized\"><img loading=\"lazy\" decoding=\"async\" src=\"https:\/\/crc.org.ar\/w\/wp-content\/uploads\/2022\/07\/Abadrs.jpg\" alt=\"\" class=\"wp-image-33031\" width=\"411\" height=\"411\" srcset=\"https:\/\/crc.org.ar\/w\/wp-content\/uploads\/2022\/07\/Abadrs.jpg 1991w, https:\/\/crc.org.ar\/w\/wp-content\/uploads\/2022\/07\/Abadrs-300x300.jpg 300w, https:\/\/crc.org.ar\/w\/wp-content\/uploads\/2022\/07\/Abadrs-150x150.jpg 150w, https:\/\/crc.org.ar\/w\/wp-content\/uploads\/2022\/07\/Abadrs-768x768.jpg 768w, https:\/\/crc.org.ar\/w\/wp-content\/uploads\/2022\/07\/Abadrs-1536x1536.jpg 1536w\" sizes=\"(max-width: 411px) 100vw, 411px\" \/><figcaption>Rey Abad<\/figcaption><\/figure><\/div>\n\n\n<p>Col\u00f3n arranc\u00f3 mejor con buenas defensas y pudo sacar una leve diferencia al comienzo (6-0), pero r\u00e1pidamente el Fantasma emparej\u00f3 y luego pas\u00f3 al frente. Domin\u00f3 el resto del primer tiempo el equipo de <strong>Fernando Calvi, <\/strong>e incluso lleg\u00f3 a escaparse por 12 puntos en el segundo periodo (25-37), pero se sec\u00f3 en los \u00faltimos minutos y finalmente el primer tiempo qued\u00f3 30-37.<\/p>\n\n\n\n<p>En el tercer cuarto, el Violeta termin\u00f3 por emparejar la historia y cerca del cierre empat\u00f3 las acciones en 48 por lado. Con un \u00faltimo cuarto muy cerrado, con f\u00e9rreas defensas y algunas ofensivas desprolijas, Col\u00f3n fue encaminando su triunfo paso a paso. A Regatas le cost\u00f3 mucho frente a <strong>Cequeira <\/strong>que, con el juego en tablas en 68 anot\u00f3 el doble final para dejar la historia 70-68. Con dos segundos por jugar, Regatas tuvo la \u00faltima pelota, pero no fue aprovechada.<\/p>\n\n\n\n<p>De este modo, los de calle Catamarca se adelantaron en la serie final en busca del t\u00edtulo por 1-0. El mi\u00e9rcoles desde las 21:30 en el estadio Jos\u00e9 Jorge Contte continuar\u00e1 la final, donde Regatas buscar\u00e1 estirar la historia al tercer y definitivo encuentro.<\/p>\n\n\n\n<figure class=\"wp-block-gallery alignfull has-nested-images columns-default is-cropped wp-block-gallery-1 is-layout-flex wp-block-gallery-is-layout-flex\">\n<figure class=\"wp-block-image size-full\"><a href=\"https:\/\/crc.org.ar\/w\/wp-content\/uploads\/2022\/07\/Franchela-2rs.jpg\"><img loading=\"lazy\" decoding=\"async\" width=\"1795\" height=\"1795\" data-id=\"33035\" src=\"https:\/\/crc.org.ar\/w\/wp-content\/uploads\/2022\/07\/Franchela-2rs.jpg\" alt=\"\" class=\"wp-image-33035\" srcset=\"https:\/\/crc.org.ar\/w\/wp-content\/uploads\/2022\/07\/Franchela-2rs.jpg 1795w, https:\/\/crc.org.ar\/w\/wp-content\/uploads\/2022\/07\/Franchela-2rs-300x300.jpg 300w, https:\/\/crc.org.ar\/w\/wp-content\/uploads\/2022\/07\/Franchela-2rs-150x150.jpg 150w, https:\/\/crc.org.ar\/w\/wp-content\/uploads\/2022\/07\/Franchela-2rs-768x768.jpg 768w, https:\/\/crc.org.ar\/w\/wp-content\/uploads\/2022\/07\/Franchela-2rs-1536x1536.jpg 1536w\" sizes=\"(max-width: 1795px) 100vw, 1795px\" \/><\/a><figcaption>Tob\u00edas Franchela<\/figcaption><\/figure>\n\n\n\n<figure class=\"wp-block-image size-large\"><a href=\"https:\/\/crc.org.ar\/w\/wp-content\/uploads\/2022\/07\/Gautors.jpg\"><img loading=\"lazy\" decoding=\"async\" width=\"1651\" height=\"1650\" data-id=\"33032\" src=\"https:\/\/crc.org.ar\/w\/wp-content\/uploads\/2022\/07\/Gautors.jpg\" alt=\"\" class=\"wp-image-33032\" srcset=\"https:\/\/crc.org.ar\/w\/wp-content\/uploads\/2022\/07\/Gautors.jpg 1651w, https:\/\/crc.org.ar\/w\/wp-content\/uploads\/2022\/07\/Gautors-300x300.jpg 300w, https:\/\/crc.org.ar\/w\/wp-content\/uploads\/2022\/07\/Gautors-150x150.jpg 150w, https:\/\/crc.org.ar\/w\/wp-content\/uploads\/2022\/07\/Gautors-768x768.jpg 768w, https:\/\/crc.org.ar\/w\/wp-content\/uploads\/2022\/07\/Gautors-1536x1536.jpg 1536w\" sizes=\"(max-width: 1651px) 100vw, 1651px\" \/><\/a><figcaption>Fabio Gauto<\/figcaption><\/figure>\n\n\n\n<figure class=\"wp-block-image size-large\"><a href=\"https:\/\/crc.org.ar\/w\/wp-content\/uploads\/2022\/07\/Scacchi-rs.jpg\"><img loading=\"lazy\" decoding=\"async\" width=\"1909\" height=\"1909\" data-id=\"33033\" src=\"https:\/\/crc.org.ar\/w\/wp-content\/uploads\/2022\/07\/Scacchi-rs.jpg\" alt=\"\" class=\"wp-image-33033\" srcset=\"https:\/\/crc.org.ar\/w\/wp-content\/uploads\/2022\/07\/Scacchi-rs.jpg 1909w, https:\/\/crc.org.ar\/w\/wp-content\/uploads\/2022\/07\/Scacchi-rs-300x300.jpg 300w, https:\/\/crc.org.ar\/w\/wp-content\/uploads\/2022\/07\/Scacchi-rs-150x150.jpg 150w, https:\/\/crc.org.ar\/w\/wp-content\/uploads\/2022\/07\/Scacchi-rs-768x768.jpg 768w, https:\/\/crc.org.ar\/w\/wp-content\/uploads\/2022\/07\/Scacchi-rs-1536x1536.jpg 1536w\" sizes=\"(max-width: 1909px) 100vw, 1909px\" \/><\/a><figcaption>Juan Cruz Scacchi<\/figcaption><\/figure>\n<\/figure>\n\n\n\n<h2 class=\"alignwide has-text-align-center wp-block-heading\"><strong>La s\u00edntesis:<\/strong><\/h2>\n\n\n\n<p class=\"has-text-align-left\"><strong>Colon (70):<\/strong> Pablo Quagliozzi 5, Agust\u00edn Robles 2, Juan Cruz Cequeira 17 Ayrton Sequeira 4 y Rolando Vallejos 13 (FI); Lautaro B\u00e1ez 17, Gonzalo Ramirez 6, Pablo Brocal 4 y Juan Gauna Reyes 2.<\/p>\n\n\n\n<p><strong>DT:<\/strong> Iv\u00e1n Ayala.<\/p>\n\n\n\n<p><strong>Regatas (68)<\/strong>: Tob\u00edas Franchela 21, Fabio Gauto 14 (X), Juan Cruz Scacchi 12, Rey Abad 10 y Franco Zalazar 6 (FI); Juan Cruz Ferreyra 0, Ignacio Marc\u00f3 5, Felipe Valsangiacomo 0.<\/p>\n\n\n\n<p><strong>DT:<\/strong> Fernando Calvi.<\/p>\n\n\n\n<p><strong>Parciales:<\/strong> 13\/16, 30\/37 (17\/21), 52\/52 (22\/15), 70\/68 (18\/16).<\/p>\n\n\n\n<p><strong>Jueces:<\/strong> Guido Estigarribia, Cristian Margalot y Joaqu\u00edn Lopez.<\/p>\n\n\n\n<p><strong>Estadio: <\/strong>Club Deportivo Col\u00f3n. &nbsp;<\/p>\n","protected":false},"excerpt":{"rendered":"<p>(S\u00e1bado 9 de julio de 2022). Regatas Corrientes cay\u00f3 70-68 en un ajustado juego y qued\u00f3 match-point en contra en la final de la Copa Palacio. El mi\u00e9rcoles la serie contin\u00faa en el Contte. El viernes por la noche en cancha del Club Deportivo Col\u00f3n se llev\u00f3 adelante el primer partido de la serie final &hellip;<\/p>\n","protected":false},"author":6,"featured_media":33036,"comment_status":"closed","ping_status":"closed","sticky":false,"template":"","format":"standard","meta":{"footnotes":""},"categories":[80,66,156],"tags":[],"_links":{"self":[{"href":"https:\/\/crc.org.ar\/w\/wp-json\/wp\/v2\/posts\/33029"}],"collection":[{"href":"https:\/\/crc.org.ar\/w\/wp-json\/wp\/v2\/posts"}],"about":[{"href":"https:\/\/crc.org.ar\/w\/wp-json\/wp\/v2\/types\/post"}],"author":[{"embeddable":true,"href":"https:\/\/crc.org.ar\/w\/wp-json\/wp\/v2\/users\/6"}],"replies":[{"embeddable":true,"href":"https:\/\/crc.org.ar\/w\/wp-json\/wp\/v2\/comments?post=33029"}],"version-history":[{"count":1,"href":"https:\/\/crc.org.ar\/w\/wp-json\/wp\/v2\/posts\/33029\/revisions"}],"predecessor-version":[{"id":33037,"href":"https:\/\/crc.org.ar\/w\/wp-json\/wp\/v2\/posts\/33029\/revisions\/33037"}],"wp:featuredmedia":[{"embeddable":true,"href":"https:\/\/crc.org.ar\/w\/wp-json\/wp\/v2\/media\/33036"}],"wp:attachment":[{"href":"https:\/\/crc.org.ar\/w\/wp-json\/wp\/v2\/media?parent=33029"}],"wp:term":[{"taxonomy":"category","embeddable":true,"href":"https:\/\/crc.org.ar\/w\/wp-json\/wp\/v2\/categories?post=33029"},{"taxonomy":"post_tag","embeddable":true,"href":"https:\/\/crc.org.ar\/w\/wp-json\/wp\/v2\/tags?post=33029"}],"curies":[{"name":"wp","href":"https:\/\/api.w.org\/{rel}","templated":true}]}}