{"id":33046,"date":"2022-07-12T10:34:27","date_gmt":"2022-07-12T13:34:27","guid":{"rendered":"https:\/\/crc.org.ar\/w\/?p=33046"},"modified":"2022-07-12T10:34:28","modified_gmt":"2022-07-12T13:34:28","slug":"manzotti-se-trajo-tres-podios-de-villa-constitucion","status":"publish","type":"post","link":"https:\/\/crc.org.ar\/w\/manzotti-se-trajo-tres-podios-de-villa-constitucion\/","title":{"rendered":"Manzotti se trajo tres podios de Villa Constituci\u00f3n"},"content":{"rendered":"\n<p>(Martes 12 de julio de 2022). La remera regatense particip\u00f3 de la Regata Oficial N\u00b0250 y de la X Regata de Velocidad en Villa Constituci\u00f3n, donde se colg\u00f3 una medalla de oro y dos de plata. Adem\u00e1s, parte del equipo de remo llev\u00f3 adelante una exhibici\u00f3n en Virasoro.<\/p>\n\n\n\n<!--more-->\n\n\n<div class=\"wp-block-image\">\n<figure class=\"aligncenter size-full is-resized\"><img loading=\"lazy\" decoding=\"async\" src=\"https:\/\/crc.org.ar\/w\/wp-content\/uploads\/2022\/07\/WhatsApp-Image-2022-07-10-at-7.23.41-PM.jpeg\" alt=\"\" class=\"wp-image-33047\" width=\"573\" height=\"496\" srcset=\"https:\/\/crc.org.ar\/w\/wp-content\/uploads\/2022\/07\/WhatsApp-Image-2022-07-10-at-7.23.41-PM.jpeg 1197w, https:\/\/crc.org.ar\/w\/wp-content\/uploads\/2022\/07\/WhatsApp-Image-2022-07-10-at-7.23.41-PM-300x260.jpeg 300w, https:\/\/crc.org.ar\/w\/wp-content\/uploads\/2022\/07\/WhatsApp-Image-2022-07-10-at-7.23.41-PM-768x665.jpeg 768w\" sizes=\"(max-width: 573px) 100vw, 573px\" \/><\/figure><\/div>\n\n\n<p>El pasado s\u00e1bado 9 y domingo 10 de julio se disput\u00f3 en la ciudad de Villa Constituci\u00f3n, Santa Fe, la Regata Oficial N\u00b0250 y la X Regata de Velocidad, organizado por el Club N\u00e1utico de dicha ciudad y fiscalizada por la Comisi\u00f3n de Remo Internacional del Litoral (CRIL).<\/p>\n\n\n<div class=\"wp-block-image\">\n<figure class=\"alignleft size-full is-resized\"><img loading=\"lazy\" decoding=\"async\" src=\"https:\/\/crc.org.ar\/w\/wp-content\/uploads\/2022\/07\/WhatsApp-Image-2022-07-10-at-7.23.41-PM-1.jpeg\" alt=\"\" class=\"wp-image-33048\" width=\"376\" height=\"268\" srcset=\"https:\/\/crc.org.ar\/w\/wp-content\/uploads\/2022\/07\/WhatsApp-Image-2022-07-10-at-7.23.41-PM-1.jpeg 1196w, https:\/\/crc.org.ar\/w\/wp-content\/uploads\/2022\/07\/WhatsApp-Image-2022-07-10-at-7.23.41-PM-1-300x214.jpeg 300w, https:\/\/crc.org.ar\/w\/wp-content\/uploads\/2022\/07\/WhatsApp-Image-2022-07-10-at-7.23.41-PM-1-768x548.jpeg 768w\" sizes=\"(max-width: 376px) 100vw, 376px\" \/><\/figure><\/div>\n\n\n<p>En la competencia estuvo presente la deportista del Club de Regatas Corrientes <strong>Agostina Manzotti<\/strong>, quien tuvo una gran actuaci\u00f3n en las regatas de las que particip\u00f3. Fue la \u00fanica representante de la instituci\u00f3n y de Corrientes.<\/p>\n\n\n\n<p>La regatense se consagr\u00f3 campeona en la Regata de Velocidad en categor\u00eda Senior. Adem\u00e1s, termin\u00f3 segunda en la Regata de Velocidad en la categor\u00eda Sub-23 y en la Regata Oficial 2k categor\u00eda Sub-23.<\/p>\n\n\n\n<p>El certamen se desarroll\u00f3 en la cancha del R\u00edo Paran\u00e1 delimitada frente a las instalaciones del Club N\u00e1utico Villa Constituci\u00f3n.<\/p>\n\n\n\n<p>Adem\u00e1s de la presencia de clubes del pa\u00eds hubo participaci\u00f3n internacional de la mano del club Remeros Mercedes de Uruguay.<\/p>\n\n\n<div class=\"wp-block-image\">\n<figure class=\"aligncenter size-full is-resized\"><img loading=\"lazy\" decoding=\"async\" src=\"https:\/\/crc.org.ar\/w\/wp-content\/uploads\/2022\/07\/WhatsApp-Image-2022-07-10-at-7.23.41-PM-3.jpeg\" alt=\"\" class=\"wp-image-33049\" width=\"389\" height=\"218\" srcset=\"https:\/\/crc.org.ar\/w\/wp-content\/uploads\/2022\/07\/WhatsApp-Image-2022-07-10-at-7.23.41-PM-3.jpeg 1199w, https:\/\/crc.org.ar\/w\/wp-content\/uploads\/2022\/07\/WhatsApp-Image-2022-07-10-at-7.23.41-PM-3-300x168.jpeg 300w, https:\/\/crc.org.ar\/w\/wp-content\/uploads\/2022\/07\/WhatsApp-Image-2022-07-10-at-7.23.41-PM-3-768x431.jpeg 768w, https:\/\/crc.org.ar\/w\/wp-content\/uploads\/2022\/07\/WhatsApp-Image-2022-07-10-at-7.23.41-PM-3-390x220.jpeg 390w\" sizes=\"(max-width: 389px) 100vw, 389px\" \/><\/figure><\/div>\n\n\n<h2 class=\"alignfull has-text-align-center wp-block-heading\"><strong>Campeonato Regional de Canotaje<\/strong><\/h2>\n\n\n\n<p>El s\u00e1bado y el domingo, a la par de la competencia en la ciudad santafesina, se llev\u00f3 adelante el Campeonato Regional de Canotaje en la localidad de Gobernador Virasoro en el Establecimiento Las Mar\u00edas, organizado por el Club Tarag\u00fci.<\/p>\n\n\n<div class=\"wp-block-image\">\n<figure class=\"aligncenter size-full is-resized\"><img loading=\"lazy\" decoding=\"async\" src=\"https:\/\/crc.org.ar\/w\/wp-content\/uploads\/2022\/07\/Deleg-CRCport.jpeg\" alt=\"\" class=\"wp-image-33050\" width=\"719\" height=\"284\" srcset=\"https:\/\/crc.org.ar\/w\/wp-content\/uploads\/2022\/07\/Deleg-CRCport.jpeg 1279w, https:\/\/crc.org.ar\/w\/wp-content\/uploads\/2022\/07\/Deleg-CRCport-300x119.jpeg 300w, https:\/\/crc.org.ar\/w\/wp-content\/uploads\/2022\/07\/Deleg-CRCport-768x304.jpeg 768w\" sizes=\"(max-width: 719px) 100vw, 719px\" \/><\/figure><\/div>\n\n\n<p>Si bien el certamen fue para palistas, la instituci\u00f3n anfitriona realiz\u00f3 una invitaci\u00f3n al Club de Regatas Corrientes para participar con su equipo de remo.<\/p>\n\n\n<div class=\"wp-block-image\">\n<figure class=\"alignright size-full is-resized\"><img loading=\"lazy\" decoding=\"async\" src=\"https:\/\/crc.org.ar\/w\/wp-content\/uploads\/2022\/07\/Camp-Regional-Canotaje-1.jpeg\" alt=\"\" class=\"wp-image-33051\" width=\"527\" height=\"296\" srcset=\"https:\/\/crc.org.ar\/w\/wp-content\/uploads\/2022\/07\/Camp-Regional-Canotaje-1.jpeg 1600w, https:\/\/crc.org.ar\/w\/wp-content\/uploads\/2022\/07\/Camp-Regional-Canotaje-1-300x169.jpeg 300w, https:\/\/crc.org.ar\/w\/wp-content\/uploads\/2022\/07\/Camp-Regional-Canotaje-1-768x432.jpeg 768w, https:\/\/crc.org.ar\/w\/wp-content\/uploads\/2022\/07\/Camp-Regional-Canotaje-1-1536x864.jpeg 1536w, https:\/\/crc.org.ar\/w\/wp-content\/uploads\/2022\/07\/Camp-Regional-Canotaje-1-390x220.jpeg 390w\" sizes=\"(max-width: 527px) 100vw, 527px\" \/><\/figure><\/div>\n\n\n<p>Los remeros regatenses se presentaron y realizaron una exhibici\u00f3n de su deporte. \u201cEl evento lo realizamos en el marco de seguir creciendo como deporte a nivel regional\u201d, afirm\u00f3 <strong>Harris Gonz\u00e1lez Escobar, <\/strong>el coordinador de la disciplina en el Regatas.<\/p>\n\n\n\n<p>Los correntinos tuvieron 11 atletas presentes: <strong>\u00c1ngeles Ayala, Ariadna Romero, Luz Gonz\u00e1lez, Lautaro Valenzuela, Tob\u00edas Galarza, Tob\u00edas Roncati, Enzo Luj\u00e1n, Emiliano \u00c1lvarez, Juan Pablo Canet, Santiago Dieringer <\/strong>y<strong> Juan Cruz Sandoval.<\/strong><\/p>\n\n\n\n<p>Adem\u00e1s, quienes acompa\u00f1aron a la delegaci\u00f3n fueron el coordinador y entrenador <strong>Gonz\u00e1lez Escobar, <\/strong>el presidente de la subcomisi\u00f3n <strong>Daniel G\u00f3mez de la Fuente <\/strong>yla entrenador <strong>Natalia Ch\u00e1vez.<\/strong><\/p>\n\n\n<div class=\"wp-block-image\">\n<figure class=\"aligncenter size-full is-resized\"><img loading=\"lazy\" decoding=\"async\" src=\"https:\/\/crc.org.ar\/w\/wp-content\/uploads\/2022\/07\/Camp-Regional-Canotaje.jpeg\" alt=\"\" class=\"wp-image-33052\" width=\"600\" height=\"372\" srcset=\"https:\/\/crc.org.ar\/w\/wp-content\/uploads\/2022\/07\/Camp-Regional-Canotaje.jpeg 960w, https:\/\/crc.org.ar\/w\/wp-content\/uploads\/2022\/07\/Camp-Regional-Canotaje-300x186.jpeg 300w, https:\/\/crc.org.ar\/w\/wp-content\/uploads\/2022\/07\/Camp-Regional-Canotaje-768x477.jpeg 768w\" sizes=\"(max-width: 600px) 100vw, 600px\" \/><\/figure><\/div>","protected":false},"excerpt":{"rendered":"<p>(Martes 12 de julio de 2022). La remera regatense particip\u00f3 de la Regata Oficial N\u00b0250 y de la X Regata de Velocidad en Villa Constituci\u00f3n, donde se colg\u00f3 una medalla de oro y dos de plata. Adem\u00e1s, parte del equipo de remo llev\u00f3 adelante una exhibici\u00f3n en Virasoro. El pasado s\u00e1bado 9 y domingo 10 &hellip;<\/p>\n","protected":false},"author":6,"featured_media":33050,"comment_status":"closed","ping_status":"closed","sticky":false,"template":"","format":"standard","meta":{"footnotes":""},"categories":[156,18],"tags":[],"_links":{"self":[{"href":"https:\/\/crc.org.ar\/w\/wp-json\/wp\/v2\/posts\/33046"}],"collection":[{"href":"https:\/\/crc.org.ar\/w\/wp-json\/wp\/v2\/posts"}],"about":[{"href":"https:\/\/crc.org.ar\/w\/wp-json\/wp\/v2\/types\/post"}],"author":[{"embeddable":true,"href":"https:\/\/crc.org.ar\/w\/wp-json\/wp\/v2\/users\/6"}],"replies":[{"embeddable":true,"href":"https:\/\/crc.org.ar\/w\/wp-json\/wp\/v2\/comments?post=33046"}],"version-history":[{"count":1,"href":"https:\/\/crc.org.ar\/w\/wp-json\/wp\/v2\/posts\/33046\/revisions"}],"predecessor-version":[{"id":33053,"href":"https:\/\/crc.org.ar\/w\/wp-json\/wp\/v2\/posts\/33046\/revisions\/33053"}],"wp:featuredmedia":[{"embeddable":true,"href":"https:\/\/crc.org.ar\/w\/wp-json\/wp\/v2\/media\/33050"}],"wp:attachment":[{"href":"https:\/\/crc.org.ar\/w\/wp-json\/wp\/v2\/media?parent=33046"}],"wp:term":[{"taxonomy":"category","embeddable":true,"href":"https:\/\/crc.org.ar\/w\/wp-json\/wp\/v2\/categories?post=33046"},{"taxonomy":"post_tag","embeddable":true,"href":"https:\/\/crc.org.ar\/w\/wp-json\/wp\/v2\/tags?post=33046"}],"curies":[{"name":"wp","href":"https:\/\/api.w.org\/{rel}","templated":true}]}}