{"id":33054,"date":"2022-07-12T10:54:16","date_gmt":"2022-07-12T13:54:16","guid":{"rendered":"https:\/\/crc.org.ar\/w\/?p=33054"},"modified":"2022-07-12T10:54:18","modified_gmt":"2022-07-12T13:54:18","slug":"los-nautas-regatenses-continuan-progresando","status":"publish","type":"post","link":"https:\/\/crc.org.ar\/w\/los-nautas-regatenses-continuan-progresando\/","title":{"rendered":"Los nautas regatenses contin\u00faan progresando"},"content":{"rendered":"\n<p>(Lunes 11 de julio de 2022). Seis ni\u00f1os del Club de Regatas Corrientes participaron del Campeonato Correntino de Vela Ligera, y dos de ellos consiguieron premios en sus divisiones.<\/p>\n\n\n\n<!--more-->\n\n\n<div class=\"wp-block-image\">\n<figure class=\"aligncenter size-full is-resized\"><img loading=\"lazy\" decoding=\"async\" src=\"https:\/\/crc.org.ar\/w\/wp-content\/uploads\/2022\/07\/rs.jpg\" alt=\"\" class=\"wp-image-33055\" width=\"698\" height=\"698\" srcset=\"https:\/\/crc.org.ar\/w\/wp-content\/uploads\/2022\/07\/rs.jpg 1500w, https:\/\/crc.org.ar\/w\/wp-content\/uploads\/2022\/07\/rs-300x300.jpg 300w, https:\/\/crc.org.ar\/w\/wp-content\/uploads\/2022\/07\/rs-150x150.jpg 150w, https:\/\/crc.org.ar\/w\/wp-content\/uploads\/2022\/07\/rs-768x768.jpg 768w\" sizes=\"(max-width: 698px) 100vw, 698px\" \/><figcaption>Equipo CRC<\/figcaption><\/figure><\/div>\n\n\n<p>El Club de Regatas Corrientes contin\u00faa formando j\u00f3venes nautas en la categor\u00eda Optimist, y este fin de semana completaron una nueva etapa de su formaci\u00f3n. Compitieron en el Campeonato Correntino de Vela Ligera, y <strong>Federico Noronha<\/strong> (infantil 11 a\u00f1os) consigui\u00f3 el premio por ser el mejor tiempo de los menores, al igual que <strong>Azul Parodi<\/strong> en la rama femenina.<\/p>\n\n\n<div class=\"wp-block-image\">\n<figure class=\"alignleft size-full is-resized\"><img loading=\"lazy\" decoding=\"async\" src=\"https:\/\/crc.org.ar\/w\/wp-content\/uploads\/2022\/07\/Milena-Fernandez-rs.jpg\" alt=\"\" class=\"wp-image-33056\" width=\"427\" height=\"340\" srcset=\"https:\/\/crc.org.ar\/w\/wp-content\/uploads\/2022\/07\/Milena-Fernandez-rs.jpg 1786w, https:\/\/crc.org.ar\/w\/wp-content\/uploads\/2022\/07\/Milena-Fernandez-rs-300x239.jpg 300w, https:\/\/crc.org.ar\/w\/wp-content\/uploads\/2022\/07\/Milena-Fernandez-rs-768x613.jpg 768w, https:\/\/crc.org.ar\/w\/wp-content\/uploads\/2022\/07\/Milena-Fernandez-rs-1536x1226.jpg 1536w\" sizes=\"(max-width: 427px) 100vw, 427px\" \/><\/figure><\/div>\n\n\n<p>El certamen, organizado por el Yatch Club Corrientes, se cerr\u00f3 en inmediaciones de la Isla Hern\u00e1ndez, con un s\u00e1bado a pleno sol y un viento norte de 10 a 12 nudos que permiti\u00f3 correr tres regatas. La competencia hab\u00eda comenzado una semana atr\u00e1s en la misma cancha, pero con un viento sur, donde se corrieron las primeras tres regatas.<\/p>\n\n\n\n<p>Tambi\u00e9n se hicieron presentes los regatenses <strong>Ian Dri<\/strong>, <strong>Massimo Meza Niella, Luc\u00eda Veira Correa y Milena Fern\u00e1ndez<\/strong>. El primer puesto de la competencia se lo llev\u00f3 <strong>Luca Viera<\/strong>, un nauta que hoy compite para el Yacht Club, pero que se inici\u00f3 en el deporte en la entidad del Parque Mitre.<\/p>\n\n\n\n<p>Sin dudas, para los nautas regatenses fue una experiencia muy positiva, en la que pudieron afianzar conocimientos te\u00f3ricos y pr\u00e1cticos adquiridos en la navegaci\u00f3n. Todos tuvieron buenos desempe\u00f1os en la cancha delineada sobre el r\u00edo Paran\u00e1, con largadas formidables y algunas regatas muy re\u00f1idas.<\/p>\n\n\n\n<figure class=\"wp-block-gallery alignfull has-nested-images columns-default is-cropped wp-block-gallery-1 is-layout-flex wp-block-gallery-is-layout-flex\">\n<figure class=\"wp-block-image size-full\"><a href=\"https:\/\/crc.org.ar\/w\/wp-content\/uploads\/2022\/07\/Azul-Parodi.jpg\"><img loading=\"lazy\" decoding=\"async\" width=\"1529\" height=\"1337\" data-id=\"33057\" src=\"https:\/\/crc.org.ar\/w\/wp-content\/uploads\/2022\/07\/Azul-Parodi.jpg\" alt=\"\" class=\"wp-image-33057\" srcset=\"https:\/\/crc.org.ar\/w\/wp-content\/uploads\/2022\/07\/Azul-Parodi.jpg 1529w, https:\/\/crc.org.ar\/w\/wp-content\/uploads\/2022\/07\/Azul-Parodi-300x262.jpg 300w, https:\/\/crc.org.ar\/w\/wp-content\/uploads\/2022\/07\/Azul-Parodi-768x672.jpg 768w\" sizes=\"(max-width: 1529px) 100vw, 1529px\" \/><\/a><figcaption>Azul Parodi<\/figcaption><\/figure>\n\n\n\n<figure class=\"wp-block-image size-full\"><a href=\"https:\/\/crc.org.ar\/w\/wp-content\/uploads\/2022\/07\/Federico-Noronha.jpg\"><img loading=\"lazy\" decoding=\"async\" width=\"1954\" height=\"1553\" data-id=\"33058\" src=\"https:\/\/crc.org.ar\/w\/wp-content\/uploads\/2022\/07\/Federico-Noronha.jpg\" alt=\"\" class=\"wp-image-33058\" srcset=\"https:\/\/crc.org.ar\/w\/wp-content\/uploads\/2022\/07\/Federico-Noronha.jpg 1954w, https:\/\/crc.org.ar\/w\/wp-content\/uploads\/2022\/07\/Federico-Noronha-300x238.jpg 300w, https:\/\/crc.org.ar\/w\/wp-content\/uploads\/2022\/07\/Federico-Noronha-768x610.jpg 768w, https:\/\/crc.org.ar\/w\/wp-content\/uploads\/2022\/07\/Federico-Noronha-1536x1221.jpg 1536w\" sizes=\"(max-width: 1954px) 100vw, 1954px\" \/><\/a><figcaption>Federico Noronha<\/figcaption><\/figure>\n\n\n\n<figure class=\"wp-block-image size-full\"><a href=\"https:\/\/crc.org.ar\/w\/wp-content\/uploads\/2022\/07\/Ian-Dri.jpg\"><img loading=\"lazy\" decoding=\"async\" width=\"2015\" height=\"2015\" data-id=\"33059\" src=\"https:\/\/crc.org.ar\/w\/wp-content\/uploads\/2022\/07\/Ian-Dri.jpg\" alt=\"\" class=\"wp-image-33059\" srcset=\"https:\/\/crc.org.ar\/w\/wp-content\/uploads\/2022\/07\/Ian-Dri.jpg 2015w, https:\/\/crc.org.ar\/w\/wp-content\/uploads\/2022\/07\/Ian-Dri-300x300.jpg 300w, https:\/\/crc.org.ar\/w\/wp-content\/uploads\/2022\/07\/Ian-Dri-150x150.jpg 150w, https:\/\/crc.org.ar\/w\/wp-content\/uploads\/2022\/07\/Ian-Dri-768x768.jpg 768w, https:\/\/crc.org.ar\/w\/wp-content\/uploads\/2022\/07\/Ian-Dri-1536x1536.jpg 1536w\" sizes=\"(max-width: 2015px) 100vw, 2015px\" \/><\/a><figcaption>Ian Dri<\/figcaption><\/figure>\n<\/figure>\n","protected":false},"excerpt":{"rendered":"<p>(Lunes 11 de julio de 2022). Seis ni\u00f1os del Club de Regatas Corrientes participaron del Campeonato Correntino de Vela Ligera, y dos de ellos consiguieron premios en sus divisiones. Equipo CRC El Club de Regatas Corrientes contin\u00faa formando j\u00f3venes nautas en la categor\u00eda Optimist, y este fin de semana completaron una nueva etapa de su &hellip;<\/p>\n","protected":false},"author":6,"featured_media":33060,"comment_status":"closed","ping_status":"closed","sticky":false,"template":"","format":"standard","meta":{"footnotes":""},"categories":[107,156],"tags":[],"_links":{"self":[{"href":"https:\/\/crc.org.ar\/w\/wp-json\/wp\/v2\/posts\/33054"}],"collection":[{"href":"https:\/\/crc.org.ar\/w\/wp-json\/wp\/v2\/posts"}],"about":[{"href":"https:\/\/crc.org.ar\/w\/wp-json\/wp\/v2\/types\/post"}],"author":[{"embeddable":true,"href":"https:\/\/crc.org.ar\/w\/wp-json\/wp\/v2\/users\/6"}],"replies":[{"embeddable":true,"href":"https:\/\/crc.org.ar\/w\/wp-json\/wp\/v2\/comments?post=33054"}],"version-history":[{"count":1,"href":"https:\/\/crc.org.ar\/w\/wp-json\/wp\/v2\/posts\/33054\/revisions"}],"predecessor-version":[{"id":33061,"href":"https:\/\/crc.org.ar\/w\/wp-json\/wp\/v2\/posts\/33054\/revisions\/33061"}],"wp:featuredmedia":[{"embeddable":true,"href":"https:\/\/crc.org.ar\/w\/wp-json\/wp\/v2\/media\/33060"}],"wp:attachment":[{"href":"https:\/\/crc.org.ar\/w\/wp-json\/wp\/v2\/media?parent=33054"}],"wp:term":[{"taxonomy":"category","embeddable":true,"href":"https:\/\/crc.org.ar\/w\/wp-json\/wp\/v2\/categories?post=33054"},{"taxonomy":"post_tag","embeddable":true,"href":"https:\/\/crc.org.ar\/w\/wp-json\/wp\/v2\/tags?post=33054"}],"curies":[{"name":"wp","href":"https:\/\/api.w.org\/{rel}","templated":true}]}}