{"id":33072,"date":"2022-07-12T15:49:50","date_gmt":"2022-07-12T18:49:50","guid":{"rendered":"https:\/\/crc.org.ar\/w\/?p=33072"},"modified":"2022-07-12T15:50:47","modified_gmt":"2022-07-12T18:50:47","slug":"se-reedita-la-revancha-regatas-colon-ahora-en-el-contte","status":"publish","type":"post","link":"https:\/\/crc.org.ar\/w\/se-reedita-la-revancha-regatas-colon-ahora-en-el-contte\/","title":{"rendered":"Se reedita la revancha: Regatas \u2013 Col\u00f3n, ahora en el Contte"},"content":{"rendered":"\n<p>(Martes 12 de julio de 2022). Regatas Corrientes vuelve a enfrentar a Col\u00f3n por las finales de la Copa Palacio. Esta vez ser\u00e1 en el Contte, desde las 21:30hs, con la serie 0-1 abajo.<\/p>\n\n\n\n<!--more-->\n\n\n\n<p>Regatas y Col\u00f3n vivir\u00e1n otro apasionante juego final este mi\u00e9rcoles, desde las 21.30hs. Ser\u00e1 el segundo partido de una serie a mejor de tres, en la que el equipo de calle Catamarca golpe\u00f3 primero: el pasado viernes por la noche se llev\u00f3 el primer partido de la serie final de la Copa Palacio, torneo que corresponde a la Primera Divisi\u00f3n de la ABCC.<\/p>\n\n\n\n<figure class=\"wp-block-image size-full\"><img loading=\"lazy\" decoding=\"async\" width=\"1280\" height=\"854\" src=\"https:\/\/crc.org.ar\/w\/wp-content\/uploads\/2022\/07\/Scacchi.jpeg\" alt=\"\" class=\"wp-image-33074\" srcset=\"https:\/\/crc.org.ar\/w\/wp-content\/uploads\/2022\/07\/Scacchi.jpeg 1280w, https:\/\/crc.org.ar\/w\/wp-content\/uploads\/2022\/07\/Scacchi-300x200.jpeg 300w, https:\/\/crc.org.ar\/w\/wp-content\/uploads\/2022\/07\/Scacchi-768x512.jpeg 768w\" sizes=\"(max-width: 1280px) 100vw, 1280px\" \/><\/figure>\n\n\n\n<p>Ese juego qued\u00f3 en manos del local en un ajustado 70-68, y result\u00f3 ser la segunda derrota del remero en este torneo. Ya hab\u00eda ca\u00eddo ante Col\u00f3n en el partido de la fecha 13\u00b0, dominando gran parte de las acciones, pero sin poder cerrarlo.<\/p>\n\n\n\n<p>Los dirigidos por <strong>Fernando Calvi<\/strong> y <strong>Diego Checenelli<\/strong> llegaron a las instancias definitivas con una gran performance en todo el certamen, y buscar\u00e1n comenzar a dar vuelta la historia frente a su gente. El equipo violeta drigido por <strong>Iv\u00e1n Ayala<\/strong> tambi\u00e9n busca su revancha, ya que en la edici\u00f3n anterior del torneo local Regatas dio vuelta la serie final, consagr\u00e1ndose campe\u00f3n en el Club C\u00f3rdoba.<\/p>\n\n\n<div class=\"wp-block-image\">\n<figure class=\"alignright size-full is-resized\"><img loading=\"lazy\" decoding=\"async\" src=\"https:\/\/crc.org.ar\/w\/wp-content\/uploads\/2022\/07\/Franchela-2rs-1.jpg\" alt=\"\" class=\"wp-image-33073\" width=\"502\" height=\"502\" srcset=\"https:\/\/crc.org.ar\/w\/wp-content\/uploads\/2022\/07\/Franchela-2rs-1.jpg 1795w, https:\/\/crc.org.ar\/w\/wp-content\/uploads\/2022\/07\/Franchela-2rs-1-300x300.jpg 300w, https:\/\/crc.org.ar\/w\/wp-content\/uploads\/2022\/07\/Franchela-2rs-1-150x150.jpg 150w, https:\/\/crc.org.ar\/w\/wp-content\/uploads\/2022\/07\/Franchela-2rs-1-768x768.jpg 768w, https:\/\/crc.org.ar\/w\/wp-content\/uploads\/2022\/07\/Franchela-2rs-1-1536x1536.jpg 1536w\" sizes=\"(max-width: 502px) 100vw, 502px\" \/><\/figure><\/div>\n\n\n<p>Este juego tambi\u00e9n ser\u00e1 transmitido en vivo por el canal de YouTube de la Asociaci\u00f3n de B\u00e1squetbol de la Ciudad de Corrientes. En caso de triunfar el equipo remero, la final definitiva se jugar\u00e1 en el estadio del Club Col\u00f3n nuevamente, el viernes a las 21.30hs.<\/p>\n","protected":false},"excerpt":{"rendered":"<p>(Martes 12 de julio de 2022). Regatas Corrientes vuelve a enfrentar a Col\u00f3n por las finales de la Copa Palacio. Esta vez ser\u00e1 en el Contte, desde las 21:30hs, con la serie 0-1 abajo. Regatas y Col\u00f3n vivir\u00e1n otro apasionante juego final este mi\u00e9rcoles, desde las 21.30hs. Ser\u00e1 el segundo partido de una serie a &hellip;<\/p>\n","protected":false},"author":6,"featured_media":33074,"comment_status":"closed","ping_status":"closed","sticky":false,"template":"","format":"standard","meta":{"footnotes":""},"categories":[80,66,156],"tags":[],"_links":{"self":[{"href":"https:\/\/crc.org.ar\/w\/wp-json\/wp\/v2\/posts\/33072"}],"collection":[{"href":"https:\/\/crc.org.ar\/w\/wp-json\/wp\/v2\/posts"}],"about":[{"href":"https:\/\/crc.org.ar\/w\/wp-json\/wp\/v2\/types\/post"}],"author":[{"embeddable":true,"href":"https:\/\/crc.org.ar\/w\/wp-json\/wp\/v2\/users\/6"}],"replies":[{"embeddable":true,"href":"https:\/\/crc.org.ar\/w\/wp-json\/wp\/v2\/comments?post=33072"}],"version-history":[{"count":1,"href":"https:\/\/crc.org.ar\/w\/wp-json\/wp\/v2\/posts\/33072\/revisions"}],"predecessor-version":[{"id":33075,"href":"https:\/\/crc.org.ar\/w\/wp-json\/wp\/v2\/posts\/33072\/revisions\/33075"}],"wp:featuredmedia":[{"embeddable":true,"href":"https:\/\/crc.org.ar\/w\/wp-json\/wp\/v2\/media\/33074"}],"wp:attachment":[{"href":"https:\/\/crc.org.ar\/w\/wp-json\/wp\/v2\/media?parent=33072"}],"wp:term":[{"taxonomy":"category","embeddable":true,"href":"https:\/\/crc.org.ar\/w\/wp-json\/wp\/v2\/categories?post=33072"},{"taxonomy":"post_tag","embeddable":true,"href":"https:\/\/crc.org.ar\/w\/wp-json\/wp\/v2\/tags?post=33072"}],"curies":[{"name":"wp","href":"https:\/\/api.w.org\/{rel}","templated":true}]}}