{"id":33090,"date":"2022-07-14T12:47:49","date_gmt":"2022-07-14T15:47:49","guid":{"rendered":"https:\/\/crc.org.ar\/w\/?p=33090"},"modified":"2022-07-14T12:47:51","modified_gmt":"2022-07-14T15:47:51","slug":"regatas-empato-la-serie-y-la-historia-se-define-en-el-tercer-punto","status":"publish","type":"post","link":"https:\/\/crc.org.ar\/w\/regatas-empato-la-serie-y-la-historia-se-define-en-el-tercer-punto\/","title":{"rendered":"Regatas empat\u00f3 la serie y la historia se define en el tercer punto"},"content":{"rendered":"\n<p>(Jueves 14 de julio de 2022). Regatas Corrientes se qued\u00f3 con una gran victoria sobre Col\u00f3n por 76-54 y empat\u00f3 la serie 1-1. La historia concluir\u00e1 el viernes desde las 21:30 en el estadio del Violeta.<\/p>\n\n\n\n<!--more-->\n\n\n<div class=\"wp-block-image\">\n<figure class=\"aligncenter size-full\"><img loading=\"lazy\" decoding=\"async\" width=\"2009\" height=\"1341\" src=\"https:\/\/crc.org.ar\/w\/wp-content\/uploads\/2022\/07\/Equipors.jpg\" alt=\"\" class=\"wp-image-33091\" srcset=\"https:\/\/crc.org.ar\/w\/wp-content\/uploads\/2022\/07\/Equipors.jpg 2009w, https:\/\/crc.org.ar\/w\/wp-content\/uploads\/2022\/07\/Equipors-300x200.jpg 300w, https:\/\/crc.org.ar\/w\/wp-content\/uploads\/2022\/07\/Equipors-768x513.jpg 768w, https:\/\/crc.org.ar\/w\/wp-content\/uploads\/2022\/07\/Equipors-1536x1025.jpg 1536w\" sizes=\"(max-width: 2009px) 100vw, 2009px\" \/><\/figure><\/div>\n\n\n<p>El mi\u00e9rcoles en el Jos\u00e9 Jorge Contte se llev\u00f3 adelante el segundo partido de la serie final de la Copa Palacio entre el Club de Regatas Corrientes y Club Deportivo Col\u00f3n. El partido pod\u00eda haber sido decisivo para el Violeta, que estaba 1-0 arriba, pero los Remeros sacaron chapa en su estadio y se quedaron con una gran victoria por 76-54.<\/p>\n\n\n<div class=\"wp-block-image\">\n<figure class=\"alignleft size-large is-resized\"><img loading=\"lazy\" decoding=\"async\" src=\"https:\/\/crc.org.ar\/w\/wp-content\/uploads\/2022\/07\/Franchelars-1-2048x1366.jpg\" alt=\"\" class=\"wp-image-33092\" width=\"479\" height=\"319\" srcset=\"https:\/\/crc.org.ar\/w\/wp-content\/uploads\/2022\/07\/Franchelars-1-2048x1366.jpg 2048w, https:\/\/crc.org.ar\/w\/wp-content\/uploads\/2022\/07\/Franchelars-1-300x200.jpg 300w, https:\/\/crc.org.ar\/w\/wp-content\/uploads\/2022\/07\/Franchelars-1-768x512.jpg 768w, https:\/\/crc.org.ar\/w\/wp-content\/uploads\/2022\/07\/Franchelars-1-1536x1025.jpg 1536w\" sizes=\"(max-width: 479px) 100vw, 479px\" \/><\/figure><\/div>\n\n\n<p>El encuentro tuvo como hombre m\u00e1s destacado a <strong>Tob\u00edas Franchela<\/strong>, quien se despach\u00f3 con 31 puntos en la noche. Adem\u00e1s, <strong>Scacchi <\/strong>convirti\u00f3 15 unidades para el Remero, y otro dato importante es que los 12 jugadores convirtieron puntos. En la visita, <strong>Juan Cruz Cequeira<\/strong> fue el m\u00e1ximo anotador de su equipo con 13 tantos.<\/p>\n\n\n\n<p>El encuentro mostr\u00f3 a Regatas que r\u00e1pidamente ajust\u00f3 sus l\u00edneas ofensivas para sacar una r\u00e1pida ventaja y posicionarse al frente en el juego, llev\u00e1ndose el primer cuarto 21-13. En el segundo parcial Regatas hab\u00eda aprovechado para escaparse 26-13, pero Col\u00f3n que siempre se mantiene frio y sin irse del juego, empez\u00f3 a remar para achicar la diferencia y cerrar el primer tiempo 34-31 por detr\u00e1s.<\/p>\n\n\n<div class=\"wp-block-image\">\n<figure class=\"alignright size-full is-resized\"><img loading=\"lazy\" decoding=\"async\" src=\"https:\/\/crc.org.ar\/w\/wp-content\/uploads\/2022\/07\/Gautors-1.jpg\" alt=\"\" class=\"wp-image-33093\" width=\"422\" height=\"281\" srcset=\"https:\/\/crc.org.ar\/w\/wp-content\/uploads\/2022\/07\/Gautors-1.jpg 1883w, https:\/\/crc.org.ar\/w\/wp-content\/uploads\/2022\/07\/Gautors-1-300x200.jpg 300w, https:\/\/crc.org.ar\/w\/wp-content\/uploads\/2022\/07\/Gautors-1-768x513.jpg 768w, https:\/\/crc.org.ar\/w\/wp-content\/uploads\/2022\/07\/Gautors-1-1536x1025.jpg 1536w\" sizes=\"(max-width: 422px) 100vw, 422px\" \/><\/figure><\/div>\n\n\n<p>En los primeros minutos del tercer cuarto el Violeta continu\u00f3 con la avalancha y lleg\u00f3 a pasar al frente (36-37) en tres de juego. El duelo se mantuvo parejo en ese tramo hasta llegado los dos minutos de cierre, donde el Remero volvi\u00f3 a retomar una distancia considerable y se qued\u00f3 con el tercer cap\u00edtulo 56-42. Ya en el \u00faltimo cuarto las acciones favorecieron claramente al Fantasma, que pudo dominar el encuentro, seguir estirando la ventaja y quedarse as\u00ed con el segundo punto por 76-54.<\/p>\n\n\n\n<p>De este modo, Regatas Corrientes empat\u00f3 la serie, y ahora todo se definir\u00e1 el viernes desde las 21:30 en el estadio de Calle Catamarca 530. Ser\u00e1 el juego decisivo, a todo o nada. El duelo adem\u00e1s, ser\u00e1 transmitido por streaming a trav\u00e9s del canal de YouTube de la ABCC.<\/p>\n\n\n\n<figure class=\"wp-block-gallery alignfull has-nested-images columns-default is-cropped wp-block-gallery-1 is-layout-flex wp-block-gallery-is-layout-flex\">\n<figure class=\"wp-block-image size-large\"><a href=\"https:\/\/crc.org.ar\/w\/wp-content\/uploads\/2022\/07\/Gauto-2rs.jpg\"><img loading=\"lazy\" decoding=\"async\" width=\"1835\" height=\"1225\" data-id=\"33095\" src=\"https:\/\/crc.org.ar\/w\/wp-content\/uploads\/2022\/07\/Gauto-2rs.jpg\" alt=\"\" class=\"wp-image-33095\" srcset=\"https:\/\/crc.org.ar\/w\/wp-content\/uploads\/2022\/07\/Gauto-2rs.jpg 1835w, https:\/\/crc.org.ar\/w\/wp-content\/uploads\/2022\/07\/Gauto-2rs-300x200.jpg 300w, https:\/\/crc.org.ar\/w\/wp-content\/uploads\/2022\/07\/Gauto-2rs-768x513.jpg 768w, https:\/\/crc.org.ar\/w\/wp-content\/uploads\/2022\/07\/Gauto-2rs-1536x1025.jpg 1536w\" sizes=\"(max-width: 1835px) 100vw, 1835px\" \/><\/a><\/figure>\n\n\n\n<figure class=\"wp-block-image size-large\"><a href=\"https:\/\/crc.org.ar\/w\/wp-content\/uploads\/2022\/07\/Marcors-scaled.jpg\"><img loading=\"lazy\" decoding=\"async\" width=\"2048\" height=\"1366\" data-id=\"33096\" src=\"https:\/\/crc.org.ar\/w\/wp-content\/uploads\/2022\/07\/Marcors-2048x1366.jpg\" alt=\"\" class=\"wp-image-33096\" srcset=\"https:\/\/crc.org.ar\/w\/wp-content\/uploads\/2022\/07\/Marcors-2048x1366.jpg 2048w, https:\/\/crc.org.ar\/w\/wp-content\/uploads\/2022\/07\/Marcors-300x200.jpg 300w, https:\/\/crc.org.ar\/w\/wp-content\/uploads\/2022\/07\/Marcors-768x512.jpg 768w, https:\/\/crc.org.ar\/w\/wp-content\/uploads\/2022\/07\/Marcors-1536x1025.jpg 1536w\" sizes=\"(max-width: 2048px) 100vw, 2048px\" \/><\/a><\/figure>\n\n\n\n<figure class=\"wp-block-image size-large\"><a href=\"https:\/\/crc.org.ar\/w\/wp-content\/uploads\/2022\/07\/Scacchirs.jpg\"><img loading=\"lazy\" decoding=\"async\" width=\"2048\" height=\"1367\" data-id=\"33094\" src=\"https:\/\/crc.org.ar\/w\/wp-content\/uploads\/2022\/07\/Scacchirs-2048x1367.jpg\" alt=\"\" class=\"wp-image-33094\" srcset=\"https:\/\/crc.org.ar\/w\/wp-content\/uploads\/2022\/07\/Scacchirs-2048x1367.jpg 2048w, https:\/\/crc.org.ar\/w\/wp-content\/uploads\/2022\/07\/Scacchirs-300x200.jpg 300w, https:\/\/crc.org.ar\/w\/wp-content\/uploads\/2022\/07\/Scacchirs-768x512.jpg 768w, https:\/\/crc.org.ar\/w\/wp-content\/uploads\/2022\/07\/Scacchirs-1536x1025.jpg 1536w\" sizes=\"(max-width: 2048px) 100vw, 2048px\" \/><\/a><\/figure>\n<\/figure>\n\n\n\n<h2 class=\"has-text-align-center wp-block-heading\"><strong>La s\u00edntesis:<\/strong><\/h2>\n\n\n\n<p><strong>Regatas (76):<\/strong> Tob\u00edas Franchela 31, Fabio Gauto 9, Juan Cruz Scacchi 15, Rey Abad 4 y Franco Zalazar 2 (FI); Joaqu\u00edn Marc\u00f3n 2, Ignacio Marc\u00f3 3, Felipe Valsangiacomo 3, Enrique Medina Roa 1, Jos\u00e9 Rolnik 2, Valentino Yordan 2 y Benjam\u00edn Marc\u00f3 2.<\/p>\n\n\n\n<p><strong>DT:<\/strong> Fernando Calvi.<\/p>\n\n\n\n<p><strong>Col\u00f3n (54):<\/strong> Pablo Quagliozzi 6, Juan Cruz Cequeira 13, Agust\u00edn Robles 5, Ayrton Sequeira 1 y Emilio Vallejos 9 (FI); Juan Pablo Gauna Reyes 9, Lautaro B\u00e1ez 5 (X), Pablo Brocal 3 y Gonzalo Ram\u00edrez 2.<\/p>\n\n\n\n<p><strong>DT:<\/strong> Iv\u00e1n Ayala.<\/p>\n\n\n\n<p><strong>Parciales:<\/strong> 21\/13, 34\/31 (13\/18), 56\/42 (22\/11), 76\/54 (20\/12).<\/p>\n\n\n\n<p><strong>Jueces:<\/strong> Alejandro Costa, Leandro Lencina y Carlos Moreyra.<\/p>\n\n\n\n<p><strong>Estadio:<\/strong> Jos\u00e9 Jorge Contte.<\/p>\n","protected":false},"excerpt":{"rendered":"<p>(Jueves 14 de julio de 2022). Regatas Corrientes se qued\u00f3 con una gran victoria sobre Col\u00f3n por 76-54 y empat\u00f3 la serie 1-1. La historia concluir\u00e1 el viernes desde las 21:30 en el estadio del Violeta. El mi\u00e9rcoles en el Jos\u00e9 Jorge Contte se llev\u00f3 adelante el segundo partido de la serie final de la &hellip;<\/p>\n","protected":false},"author":6,"featured_media":33097,"comment_status":"closed","ping_status":"closed","sticky":false,"template":"","format":"standard","meta":{"footnotes":""},"categories":[80,66,156],"tags":[],"_links":{"self":[{"href":"https:\/\/crc.org.ar\/w\/wp-json\/wp\/v2\/posts\/33090"}],"collection":[{"href":"https:\/\/crc.org.ar\/w\/wp-json\/wp\/v2\/posts"}],"about":[{"href":"https:\/\/crc.org.ar\/w\/wp-json\/wp\/v2\/types\/post"}],"author":[{"embeddable":true,"href":"https:\/\/crc.org.ar\/w\/wp-json\/wp\/v2\/users\/6"}],"replies":[{"embeddable":true,"href":"https:\/\/crc.org.ar\/w\/wp-json\/wp\/v2\/comments?post=33090"}],"version-history":[{"count":1,"href":"https:\/\/crc.org.ar\/w\/wp-json\/wp\/v2\/posts\/33090\/revisions"}],"predecessor-version":[{"id":33098,"href":"https:\/\/crc.org.ar\/w\/wp-json\/wp\/v2\/posts\/33090\/revisions\/33098"}],"wp:featuredmedia":[{"embeddable":true,"href":"https:\/\/crc.org.ar\/w\/wp-json\/wp\/v2\/media\/33097"}],"wp:attachment":[{"href":"https:\/\/crc.org.ar\/w\/wp-json\/wp\/v2\/media?parent=33090"}],"wp:term":[{"taxonomy":"category","embeddable":true,"href":"https:\/\/crc.org.ar\/w\/wp-json\/wp\/v2\/categories?post=33090"},{"taxonomy":"post_tag","embeddable":true,"href":"https:\/\/crc.org.ar\/w\/wp-json\/wp\/v2\/tags?post=33090"}],"curies":[{"name":"wp","href":"https:\/\/api.w.org\/{rel}","templated":true}]}}