{"id":33100,"date":"2022-07-15T11:51:41","date_gmt":"2022-07-15T14:51:41","guid":{"rendered":"https:\/\/crc.org.ar\/w\/?p=33100"},"modified":"2022-07-15T11:52:18","modified_gmt":"2022-07-15T14:52:18","slug":"regatenses-presentes-en-la-copa-mercosur-en-foz-de-iguazu","status":"publish","type":"post","link":"https:\/\/crc.org.ar\/w\/regatenses-presentes-en-la-copa-mercosur-en-foz-de-iguazu\/","title":{"rendered":"Regatenses presentes en la Copa Mercosur en Foz de Iguaz\u00fa"},"content":{"rendered":"\n<p>(Viernes 15 de julio de 2022). Los nautas de Regatas Corrientes suman rodaje internacional en la Copa Mercosur. Desde el viernes hasta el domingo correr\u00e1n en el embalse Itap\u00faa.<\/p>\n\n\n\n<!--more-->\n\n\n<div class=\"wp-block-image\">\n<figure class=\"aligncenter size-full\"><img loading=\"lazy\" decoding=\"async\" width=\"1600\" height=\"1059\" src=\"https:\/\/crc.org.ar\/w\/wp-content\/uploads\/2022\/07\/WhatsApp-Image-2022-07-15-at-11.44.58-AM.jpeg\" alt=\"\" class=\"wp-image-33102\" srcset=\"https:\/\/crc.org.ar\/w\/wp-content\/uploads\/2022\/07\/WhatsApp-Image-2022-07-15-at-11.44.58-AM.jpeg 1600w, https:\/\/crc.org.ar\/w\/wp-content\/uploads\/2022\/07\/WhatsApp-Image-2022-07-15-at-11.44.58-AM-300x199.jpeg 300w, https:\/\/crc.org.ar\/w\/wp-content\/uploads\/2022\/07\/WhatsApp-Image-2022-07-15-at-11.44.58-AM-768x508.jpeg 768w, https:\/\/crc.org.ar\/w\/wp-content\/uploads\/2022\/07\/WhatsApp-Image-2022-07-15-at-11.44.58-AM-1536x1017.jpeg 1536w\" sizes=\"(max-width: 1600px) 100vw, 1600px\" \/><figcaption>De izquierda a derecha: <strong>Milena Fern\u00e1ndez, Massimo Meza Niella, Ian Dri y Federico Noronha<\/strong><\/figcaption><\/figure><\/div>\n\n\n<p>Los deportistas del Club de Regatas Corrientes <strong>Federico Noronha, Massimo Meza Niella, Ian Dri <\/strong>y<strong> Milena<\/strong> <strong>Fern\u00e1ndez, <\/strong>estar\u00e1n compitiendo durante el fin de semana en Foz de Iguaz\u00fa en la Copa Mercosur de vela.<\/p>\n\n\n<div class=\"wp-block-image\">\n<figure class=\"alignright size-full is-resized\"><img loading=\"lazy\" decoding=\"async\" src=\"https:\/\/crc.org.ar\/w\/wp-content\/uploads\/2022\/07\/WhatsApp-Image-2022-07-15-at-11.44.59-AM-1-1.jpeg\" alt=\"\" class=\"wp-image-33107\" width=\"564\" height=\"373\" srcset=\"https:\/\/crc.org.ar\/w\/wp-content\/uploads\/2022\/07\/WhatsApp-Image-2022-07-15-at-11.44.59-AM-1-1.jpeg 1600w, https:\/\/crc.org.ar\/w\/wp-content\/uploads\/2022\/07\/WhatsApp-Image-2022-07-15-at-11.44.59-AM-1-1-300x199.jpeg 300w, https:\/\/crc.org.ar\/w\/wp-content\/uploads\/2022\/07\/WhatsApp-Image-2022-07-15-at-11.44.59-AM-1-1-768x508.jpeg 768w, https:\/\/crc.org.ar\/w\/wp-content\/uploads\/2022\/07\/WhatsApp-Image-2022-07-15-at-11.44.59-AM-1-1-1536x1017.jpeg 1536w\" sizes=\"(max-width: 564px) 100vw, 564px\" \/><\/figure><\/div>\n\n\n<p>Los nautas regatenses de la categor\u00eda Optimist emprendieron el viaje en la ma\u00f1ana del jueves rumbo a la ciudad brasilera. Por su parte, el viernes por la ma\u00f1ana dio inicio el certamen internacional.<\/p>\n\n\n\n<p>El evento es organizado por el club local, Yatch Club Lago Itaip\u00fa (ICLI). La cancha para las regatas est\u00e1 delimitada en el Embalse Itap\u00faa del r\u00edo Paran\u00e1 al norte de la localidad fronteriza de Foz de Iguaz\u00fa. &nbsp;&nbsp;<\/p>\n\n\n\n<p>El certamen ya se convirti\u00f3 en un encuentro cl\u00e1sico para los navegantes de categor\u00edas Optimist y L\u00e1ser, ya que se celebra desde el a\u00f1o 2004, y en esta ocasi\u00f3n participar\u00e1n clubes de Brasil, Argentina y Paraguay. En total participar\u00e1n 69 embarcaciones. &nbsp;<\/p>\n\n\n\n<p>La delegaci\u00f3n regatense fue acompa\u00f1ada por los padres de los j\u00f3venes navegantes, adem\u00e1s del instructor y coordinador de la disciplina, <strong>Ernesto Soto Demonte. <\/strong>Tambi\u00e9n est\u00e1 presente el Yatch Club Corrientes.<\/p>\n\n\n<div class=\"wp-block-image\">\n<figure class=\"aligncenter size-full is-resized\"><img loading=\"lazy\" decoding=\"async\" src=\"https:\/\/crc.org.ar\/w\/wp-content\/uploads\/2022\/07\/WhatsApp-Image-2022-07-15-at-11.44.59-AM.jpeg\" alt=\"\" class=\"wp-image-33104\" width=\"601\" height=\"397\" srcset=\"https:\/\/crc.org.ar\/w\/wp-content\/uploads\/2022\/07\/WhatsApp-Image-2022-07-15-at-11.44.59-AM.jpeg 1600w, https:\/\/crc.org.ar\/w\/wp-content\/uploads\/2022\/07\/WhatsApp-Image-2022-07-15-at-11.44.59-AM-300x199.jpeg 300w, https:\/\/crc.org.ar\/w\/wp-content\/uploads\/2022\/07\/WhatsApp-Image-2022-07-15-at-11.44.59-AM-768x508.jpeg 768w, https:\/\/crc.org.ar\/w\/wp-content\/uploads\/2022\/07\/WhatsApp-Image-2022-07-15-at-11.44.59-AM-1536x1017.jpeg 1536w\" sizes=\"(max-width: 601px) 100vw, 601px\" \/><\/figure><\/div>","protected":false},"excerpt":{"rendered":"<p>(Viernes 15 de julio de 2022). Los nautas de Regatas Corrientes suman rodaje internacional en la Copa Mercosur. Desde el viernes hasta el domingo correr\u00e1n en el embalse Itap\u00faa. De izquierda a derecha: Milena Fern\u00e1ndez, Massimo Meza Niella, Ian Dri y Federico Noronha Los deportistas del Club de Regatas Corrientes Federico Noronha, Massimo Meza Niella, &hellip;<\/p>\n","protected":false},"author":6,"featured_media":33105,"comment_status":"closed","ping_status":"closed","sticky":false,"template":"","format":"standard","meta":{"footnotes":""},"categories":[107,156,75],"tags":[],"_links":{"self":[{"href":"https:\/\/crc.org.ar\/w\/wp-json\/wp\/v2\/posts\/33100"}],"collection":[{"href":"https:\/\/crc.org.ar\/w\/wp-json\/wp\/v2\/posts"}],"about":[{"href":"https:\/\/crc.org.ar\/w\/wp-json\/wp\/v2\/types\/post"}],"author":[{"embeddable":true,"href":"https:\/\/crc.org.ar\/w\/wp-json\/wp\/v2\/users\/6"}],"replies":[{"embeddable":true,"href":"https:\/\/crc.org.ar\/w\/wp-json\/wp\/v2\/comments?post=33100"}],"version-history":[{"count":2,"href":"https:\/\/crc.org.ar\/w\/wp-json\/wp\/v2\/posts\/33100\/revisions"}],"predecessor-version":[{"id":33108,"href":"https:\/\/crc.org.ar\/w\/wp-json\/wp\/v2\/posts\/33100\/revisions\/33108"}],"wp:featuredmedia":[{"embeddable":true,"href":"https:\/\/crc.org.ar\/w\/wp-json\/wp\/v2\/media\/33105"}],"wp:attachment":[{"href":"https:\/\/crc.org.ar\/w\/wp-json\/wp\/v2\/media?parent=33100"}],"wp:term":[{"taxonomy":"category","embeddable":true,"href":"https:\/\/crc.org.ar\/w\/wp-json\/wp\/v2\/categories?post=33100"},{"taxonomy":"post_tag","embeddable":true,"href":"https:\/\/crc.org.ar\/w\/wp-json\/wp\/v2\/tags?post=33100"}],"curies":[{"name":"wp","href":"https:\/\/api.w.org\/{rel}","templated":true}]}}