{"id":33109,"date":"2022-07-16T15:19:51","date_gmt":"2022-07-16T18:19:51","guid":{"rendered":"https:\/\/crc.org.ar\/w\/?p=33109"},"modified":"2022-07-16T15:19:53","modified_gmt":"2022-07-16T18:19:53","slug":"la-copa-palacio-quedo-en-el-parque-mitre","status":"publish","type":"post","link":"https:\/\/crc.org.ar\/w\/la-copa-palacio-quedo-en-el-parque-mitre\/","title":{"rendered":"La Copa Palacio qued\u00f3 en el parque Mitre"},"content":{"rendered":"\n<p>(S\u00e1bado 16 de julio de 2022). Regatas Corrientes se consagr\u00f3 campe\u00f3n de la Copa Palacio 2022 tras revertir la serie, ganando el \u00faltimo juego 87-73.<\/p>\n\n\n\n<!--more-->\n\n\n\n<figure class=\"wp-block-image alignfull size-large\"><img loading=\"lazy\" decoding=\"async\" width=\"2048\" height=\"1367\" src=\"https:\/\/crc.org.ar\/w\/wp-content\/uploads\/2022\/07\/DSC_0508-2048x1367.jpg\" alt=\"\" class=\"wp-image-33110\" srcset=\"https:\/\/crc.org.ar\/w\/wp-content\/uploads\/2022\/07\/DSC_0508-2048x1367.jpg 2048w, https:\/\/crc.org.ar\/w\/wp-content\/uploads\/2022\/07\/DSC_0508-300x200.jpg 300w, https:\/\/crc.org.ar\/w\/wp-content\/uploads\/2022\/07\/DSC_0508-768x512.jpg 768w, https:\/\/crc.org.ar\/w\/wp-content\/uploads\/2022\/07\/DSC_0508-1536x1025.jpg 1536w\" sizes=\"(max-width: 2048px) 100vw, 2048px\" \/><\/figure>\n\n\n\n<p>El viernes por la noche hubo festejo en el parque Mitre, porque el Club de Regatas Corrientes se alz\u00f3 con el trofeo m\u00e1s antiguo que tiene el deporte correntino en disputa, la Copa Palacio. Venci\u00f3 en el punto definitorio de la serie final 87-73 a Col\u00f3n como visitante.<\/p>\n\n\n\n<p>La figura del juego fue <strong>Tob\u00edas Franchela, <\/strong>que anot\u00f3 18 unidades, bien acompa\u00f1ado por <strong>Fabio Gauto <\/strong>con 13, <strong>Scacchi <\/strong>con 12 y <strong>Valsangiacomo <\/strong>con 12 llegando desde el banco. En el local <strong>Juan Cruz Cequeira <\/strong>fue nuevamente la figura como en todos los juegos de la serie, despach\u00e1ndose con 24 puntos.<\/p>\n\n\n<div class=\"wp-block-image\">\n<figure class=\"aligncenter size-full is-resized\"><img loading=\"lazy\" decoding=\"async\" src=\"https:\/\/crc.org.ar\/w\/wp-content\/uploads\/2022\/07\/DSC_0388.jpg\" alt=\"\" class=\"wp-image-33111\" width=\"588\" height=\"392\" srcset=\"https:\/\/crc.org.ar\/w\/wp-content\/uploads\/2022\/07\/DSC_0388.jpg 1687w, https:\/\/crc.org.ar\/w\/wp-content\/uploads\/2022\/07\/DSC_0388-300x200.jpg 300w, https:\/\/crc.org.ar\/w\/wp-content\/uploads\/2022\/07\/DSC_0388-768x512.jpg 768w, https:\/\/crc.org.ar\/w\/wp-content\/uploads\/2022\/07\/DSC_0388-1536x1024.jpg 1536w\" sizes=\"(max-width: 588px) 100vw, 588px\" \/><\/figure><\/div>\n\n\n<p>Los Remeros saltaron al rect\u00e1ngulo de juego totalmente decididos a quedarse con la gloria. Desde el inicio pudieron imponer condiciones con una intensidad caracter\u00edstica del equipo, lo que les permiti\u00f3 escaparse r\u00e1pidamente 12-23 al cabo del primer cuarto. <strong>Calvi <\/strong>encontr\u00f3 buenas respuestas en el banco de relevos con <strong>Marc\u00f3n <\/strong>y <strong>Valsangiacomo, <\/strong>quienes mantuvieron la energ\u00eda y despegaron a\u00fan m\u00e1s a su equipo, para que el primer tiempo concluya 31-49.<\/p>\n\n\n\n<p>En el tercer cap\u00edtulo Col\u00f3n se encontr\u00f3 con el canasto en ofensiva y estuvo siempre latente de poder meter una reacci\u00f3n, aunque <strong>Franchela <\/strong>fue clave en ese momento para mantener a flote al Fantasma y as\u00ed llevarse el cuarto 52-71.<\/p>\n\n\n<div class=\"wp-block-image\">\n<figure class=\"alignleft size-full is-resized\"><img loading=\"lazy\" decoding=\"async\" src=\"https:\/\/crc.org.ar\/w\/wp-content\/uploads\/2022\/07\/DSC_0523.jpg\" alt=\"\" class=\"wp-image-33112\" width=\"502\" height=\"456\" srcset=\"https:\/\/crc.org.ar\/w\/wp-content\/uploads\/2022\/07\/DSC_0523.jpg 2025w, https:\/\/crc.org.ar\/w\/wp-content\/uploads\/2022\/07\/DSC_0523-300x273.jpg 300w, https:\/\/crc.org.ar\/w\/wp-content\/uploads\/2022\/07\/DSC_0523-1536x1399.jpg 1536w\" sizes=\"(max-width: 502px) 100vw, 502px\" \/><\/figure><\/div>\n\n\n<p>En el \u00faltimo cap\u00edtulo las pulsaciones estuvieron a mil en ambos costados, y el Violeta pudo aprovechar la salida por cinco infracciones de <strong>Franchela <\/strong>con poco m\u00e1s de 5 minutos en el reloj. All\u00ed, el local pudo acercarse a 10 unidades (73-83). Sin embargo, Regatas le baj\u00f3 un cambio al duelo, jugando con inteligencia fue moldeando el triunfo. Finalmente, el tablero marc\u00f3 73-87 para el Remero que grit\u00f3 campe\u00f3n.<\/p>\n\n\n\n<p>De esta forma, el Fantasma vuelve a coronarse en el primer torneo que pone en disputa la asociaci\u00f3n local de b\u00e1squetbol, la ABCC, certamen que no consegu\u00eda desde el 2014. Regatas termin\u00f3 con un r\u00e9cord de 15 partidos ganados y 2 perdidos (frente a Col\u00f3n ambos). Adem\u00e1s, le cort\u00f3 a los de calle Catamarca la racha ganadora, ya que, en las \u00faltimas dos ediciones del certamen, 2019 y 2021, Col\u00f3n fue el campe\u00f3n.<\/p>\n\n\n\n<h2 class=\"alignwide has-text-align-center wp-block-heading\"><strong>El equipo<\/strong><\/h2>\n\n\n\n<p>Los jugadores que estuvieron presentes en el juego clave fueron: <strong>Tob\u00edas Franchela, Juan Cruz Scacchi, Fabio Gauto, Rey Abad, Franco Zalazar <\/strong>\u00a9, <strong>Felipe Valsangiacomo, Ignacio y Benjam\u00edn Marc\u00f3, Valentino Yordan, Jos\u00e9 Rolnik, Joaqu\u00edn Marc\u00f3n <\/strong>y <strong>Enrique Medina. <\/strong>Sin embargo, hubo otros jugadores presentes a lo largo de la campa\u00f1a: <strong>Juan Cruz Ferreyra, Ezequiel Hena\u00edn, Emanuel Alegre, Thiago Cutrona <\/strong>y<strong> Santiago Fiorio.<\/strong><\/p>\n\n\n<div class=\"wp-block-image\">\n<figure class=\"aligncenter size-large is-resized\"><img loading=\"lazy\" decoding=\"async\" src=\"https:\/\/crc.org.ar\/w\/wp-content\/uploads\/2022\/07\/DSC_0555-2048x1367.jpg\" alt=\"\" class=\"wp-image-33113\" width=\"626\" height=\"417\" srcset=\"https:\/\/crc.org.ar\/w\/wp-content\/uploads\/2022\/07\/DSC_0555-2048x1367.jpg 2048w, https:\/\/crc.org.ar\/w\/wp-content\/uploads\/2022\/07\/DSC_0555-300x200.jpg 300w, https:\/\/crc.org.ar\/w\/wp-content\/uploads\/2022\/07\/DSC_0555-768x512.jpg 768w, https:\/\/crc.org.ar\/w\/wp-content\/uploads\/2022\/07\/DSC_0555-1536x1025.jpg 1536w\" sizes=\"(max-width: 626px) 100vw, 626px\" \/><\/figure><\/div>\n\n\n<p>El flamante equipo campe\u00f3n estuvo dirigido en gran parte del torneo por <strong>Diego Checenelli, <\/strong>ya que <strong>Fernando Calvi <\/strong>hab\u00eda asumido el rol de entrenador principal de la Liga Nacional de B\u00e1squetbol. Sin embargo, para el desenlace, <strong>Calvi <\/strong>volvi\u00f3 al frente del equipo, quien cont\u00f3 con la asistencia t\u00e9cnica de <strong>Checenelli, <\/strong>la preparaci\u00f3n f\u00edsica a cargo de <strong>Oscar \u00c1lvarez, <\/strong>y los cuidados de los kinesi\u00f3logos <strong>Carlos Vi\u00f1ote <\/strong>y <strong>Maximiliano Br\u00e9s.<\/strong><\/p>\n\n\n\n<h2 class=\"has-text-align-center wp-block-heading\"><strong>La S\u00edntesis:<\/strong><\/h2>\n\n\n\n<p><strong>Colon (73)<\/strong>: Pablo Quagliozzi 6, Agust\u00edn Robles 8, Juan Cruz Cequeira 24, Ayrton Sequeira 4 (X) y Emilio Vallejos 5 (FI); Juan Pablo Gauna 14 (XX), Lautaro B\u00e1ez 10, Iv\u00e1n Ayala 1, Pablo Brocal 1 y Gonzalo Ram\u00edrez 0.<\/p>\n\n\n\n<p><strong>DT:<\/strong> Iv\u00e1n Ayala.<\/p>\n\n\n\n<p><strong>Regatas (87):<\/strong> Tob\u00edas Franchela 18 (X), Juan Cruz Scacchi 12, Fabio Gauto 13, Rey Abad 8 y Franco Zalazar 9 (FI); Felipe Valsangiacomo 12, Ignacio Marc\u00f3 8, Joaqu\u00edn Marc\u00f3n 7, Enrique Medina 0.<\/p>\n\n\n\n<p><strong>DT: <\/strong>Fernado Calvi.<\/p>\n\n\n\n<p><strong>Parciales:<\/strong> 12\/23, 31\/49 (19\/26), 52\/71 (21\/22), 73\/87 (21\/16).<\/p>\n\n\n\n<p><strong>\u00c1rbitros:<\/strong> Cristian Margalot, Leandro Lencina y Carlos Moreyra.<\/p>\n\n\n\n<p><strong>Estadio:<\/strong> Club Deportivo Col\u00f3n.<\/p>\n","protected":false},"excerpt":{"rendered":"<p>(S\u00e1bado 16 de julio de 2022). Regatas Corrientes se consagr\u00f3 campe\u00f3n de la Copa Palacio 2022 tras revertir la serie, ganando el \u00faltimo juego 87-73. El viernes por la noche hubo festejo en el parque Mitre, porque el Club de Regatas Corrientes se alz\u00f3 con el trofeo m\u00e1s antiguo que tiene el deporte correntino en &hellip;<\/p>\n","protected":false},"author":6,"featured_media":33110,"comment_status":"closed","ping_status":"closed","sticky":false,"template":"","format":"standard","meta":{"footnotes":""},"categories":[80,66,156],"tags":[],"_links":{"self":[{"href":"https:\/\/crc.org.ar\/w\/wp-json\/wp\/v2\/posts\/33109"}],"collection":[{"href":"https:\/\/crc.org.ar\/w\/wp-json\/wp\/v2\/posts"}],"about":[{"href":"https:\/\/crc.org.ar\/w\/wp-json\/wp\/v2\/types\/post"}],"author":[{"embeddable":true,"href":"https:\/\/crc.org.ar\/w\/wp-json\/wp\/v2\/users\/6"}],"replies":[{"embeddable":true,"href":"https:\/\/crc.org.ar\/w\/wp-json\/wp\/v2\/comments?post=33109"}],"version-history":[{"count":1,"href":"https:\/\/crc.org.ar\/w\/wp-json\/wp\/v2\/posts\/33109\/revisions"}],"predecessor-version":[{"id":33114,"href":"https:\/\/crc.org.ar\/w\/wp-json\/wp\/v2\/posts\/33109\/revisions\/33114"}],"wp:featuredmedia":[{"embeddable":true,"href":"https:\/\/crc.org.ar\/w\/wp-json\/wp\/v2\/media\/33110"}],"wp:attachment":[{"href":"https:\/\/crc.org.ar\/w\/wp-json\/wp\/v2\/media?parent=33109"}],"wp:term":[{"taxonomy":"category","embeddable":true,"href":"https:\/\/crc.org.ar\/w\/wp-json\/wp\/v2\/categories?post=33109"},{"taxonomy":"post_tag","embeddable":true,"href":"https:\/\/crc.org.ar\/w\/wp-json\/wp\/v2\/tags?post=33109"}],"curies":[{"name":"wp","href":"https:\/\/api.w.org\/{rel}","templated":true}]}}