{"id":33299,"date":"2022-08-04T18:44:14","date_gmt":"2022-08-04T21:44:14","guid":{"rendered":"https:\/\/crc.org.ar\/w\/?p=33299"},"modified":"2022-08-06T11:48:15","modified_gmt":"2022-08-06T14:48:15","slug":"comienza-el-camino-regatense-en-el-torneo-oficial","status":"publish","type":"post","link":"https:\/\/crc.org.ar\/w\/comienza-el-camino-regatense-en-el-torneo-oficial\/","title":{"rendered":"Comienza el camino regatense en el Torneo Oficial"},"content":{"rendered":"\n<p>(Jueves 4 de agosto de 2022). El viernes dar\u00e1 inicio el Torneo Oficial de Primera Divisi\u00f3n de la ABCC donde el Remero buscar\u00e1 defender el t\u00edtulo. Debutar\u00e1 frente a Ping\u00fcinos.<\/p>\n\n\n\n<!--more-->\n\n\n<div class=\"wp-block-image\">\n<figure class=\"aligncenter size-large\"><img decoding=\"async\" src=\"https:\/\/crc.org.ar\/w\/wp-content\/uploads\/2022\/08\/Yordan-2048x1367.jpg\" alt=\"\" class=\"wp-image-33300\"\/><figcaption>Valentino Yordan<\/figcaption><\/figure><\/div>\n\n\n<p>La Asociaci\u00f3n de B\u00e1squetbol de la Ciudad de Corrientes vuelve a poner en disputa el Torneo Oficial de Primera Divisi\u00f3n, el cual dar\u00e1 el nuevo campe\u00f3n de la Copa Desagastiz\u00e1bal y el campe\u00f3n de la Copa Municipalidad de la Ciudad de Corrientes.<\/p>\n\n\n\n<p>El certamen tendr\u00e1 el salto inicial el viernes en dos escenarios: El Fort\u00edn Rojinegro del Club San Mart\u00edn y el Marcelino Cora Ojeda del Club Ping\u00fcinos. La apertura ser\u00e1 desde las 21 horas en ambas canchas en simult\u00e1neo, y luego a segunda hora dos duelos m\u00e1s.<\/p>\n\n\n\n<p>El \u00faltimo campe\u00f3n de la Copa Municipalidad de Corrientes fue el Club de Regatas, quien se adue\u00f1\u00f3 del cuadrangular final venciendo a Col\u00f3n 2-1 en la serie final. Ahora, buscar\u00e1 defender el t\u00edtulo arrancando frente a Ping\u00fcinos en la primera fecha.<\/p>\n\n\n<div class=\"wp-block-image\">\n<figure class=\"aligncenter size-full is-resized\"><img loading=\"lazy\" decoding=\"async\" src=\"https:\/\/crc.org.ar\/w\/wp-content\/uploads\/2022\/08\/WhatsApp-Image-2021-11-30-at-23.16.24-1.jpeg\" alt=\"\" class=\"wp-image-33301\" width=\"354\" height=\"235\" srcset=\"https:\/\/crc.org.ar\/w\/wp-content\/uploads\/2022\/08\/WhatsApp-Image-2021-11-30-at-23.16.24-1.jpeg 1280w, https:\/\/crc.org.ar\/w\/wp-content\/uploads\/2022\/08\/WhatsApp-Image-2021-11-30-at-23.16.24-1-300x200.jpeg 300w, https:\/\/crc.org.ar\/w\/wp-content\/uploads\/2022\/08\/WhatsApp-Image-2021-11-30-at-23.16.24-1-768x512.jpeg 768w\" sizes=\"(max-width: 354px) 100vw, 354px\" \/><figcaption>Campeones Copa MCC 2021<\/figcaption><\/figure><\/div>\n\n\n<p>Ser\u00e1n ocho los que luchar\u00e1n por conseguir alzarse con la competencia m\u00e1s importante de la ABCC: Regatas, Ping\u00fcinos, San Mart\u00edn, H\u00e9rcules, Col\u00f3n, Alvear, Juventus y C\u00f3rdoba. Adem\u00e1s de que ser\u00e1 una dura lucha por no caer en los dos puestos de descenso.<\/p>\n\n\n\n<p>La fecha la abrir\u00e1n Alvear vs Juventus en cancha de Ping\u00fcinos y Col\u00f3n vs H\u00e9rcules en cancha de San Mart\u00edn. A segunda hora, estimado que de inicio a las 22:30, los de la banda negra chocar\u00e1n con el Remero, y el Rojinegro con San Mart\u00edn.<\/p>\n\n\n\n<p>El certamen se disputar\u00e1 todos contra todos a dos ruedas (total de 14 partidos cada equipo), donde los primeros cuatro disputar\u00e1n el Cuadrangular Final, 1\u00b0 vs 4\u00b0 y 2\u00b0 vs 3\u00b0. Por su parte, el 7\u00b0 y 8\u00b0 caer\u00e1n a la Divisional de Ascenso para el 2023.<\/p>\n\n\n\n<p>El Remero, que estar\u00e1 dirigido por <strong>Diego Checenelli, <\/strong>viene de consagrarse en la Copa Palacio, primer torneo del a\u00f1o que entrega la ABCC. Como es de costumbre, el equipo del parque Mitre presentar\u00e1 un elenco de mucha juventud entre los jugadores de divisiones formativas. El capit\u00e1n por su parte continuar\u00e1 siendo el hombre de mayor experiencia, <strong>Franco Zalazar, <\/strong>quien ser\u00e1 el \u00fanico mayor. &nbsp;<\/p>\n\n\n\n<h1 class=\"has-text-align-center wp-block-heading\"><strong>Partidos<\/strong><\/h1>\n\n\n\n<h3 class=\"wp-block-heading\">Viernes 5 de agosto<\/h3>\n\n\n\n<p><strong>Estadio Marcelino \u201cCora\u201d Ojeda<\/strong><\/p>\n\n\n\n<p>21.00 Alvear vs. Juventus<\/p>\n\n\n\n<p>22.30 Ping\u00fcinos vs. <strong>Regatas<\/strong><\/p>\n\n\n\n<p><strong>Estadio Fort\u00edn Rojinegro<\/strong><\/p>\n\n\n\n<p>21.00 Colon vs. H\u00e9rcules<\/p>\n\n\n\n<p>22.30 San Mart\u00edn vs. C\u00f3rdoba<\/p>\n","protected":false},"excerpt":{"rendered":"<p>(Jueves 4 de agosto de 2022). El viernes dar\u00e1 inicio el Torneo Oficial de Primera Divisi\u00f3n de la ABCC donde el Remero buscar\u00e1 defender el t\u00edtulo. Debutar\u00e1 frente a Ping\u00fcinos. Valentino Yordan La Asociaci\u00f3n de B\u00e1squetbol de la Ciudad de Corrientes vuelve a poner en disputa el Torneo Oficial de Primera Divisi\u00f3n, el cual dar\u00e1 &hellip;<\/p>\n","protected":false},"author":6,"featured_media":33300,"comment_status":"closed","ping_status":"closed","sticky":false,"template":"","format":"standard","meta":{"footnotes":""},"categories":[80,66],"tags":[],"_links":{"self":[{"href":"https:\/\/crc.org.ar\/w\/wp-json\/wp\/v2\/posts\/33299"}],"collection":[{"href":"https:\/\/crc.org.ar\/w\/wp-json\/wp\/v2\/posts"}],"about":[{"href":"https:\/\/crc.org.ar\/w\/wp-json\/wp\/v2\/types\/post"}],"author":[{"embeddable":true,"href":"https:\/\/crc.org.ar\/w\/wp-json\/wp\/v2\/users\/6"}],"replies":[{"embeddable":true,"href":"https:\/\/crc.org.ar\/w\/wp-json\/wp\/v2\/comments?post=33299"}],"version-history":[{"count":1,"href":"https:\/\/crc.org.ar\/w\/wp-json\/wp\/v2\/posts\/33299\/revisions"}],"predecessor-version":[{"id":33302,"href":"https:\/\/crc.org.ar\/w\/wp-json\/wp\/v2\/posts\/33299\/revisions\/33302"}],"wp:featuredmedia":[{"embeddable":true,"href":"https:\/\/crc.org.ar\/w\/wp-json\/wp\/v2\/media\/33300"}],"wp:attachment":[{"href":"https:\/\/crc.org.ar\/w\/wp-json\/wp\/v2\/media?parent=33299"}],"wp:term":[{"taxonomy":"category","embeddable":true,"href":"https:\/\/crc.org.ar\/w\/wp-json\/wp\/v2\/categories?post=33299"},{"taxonomy":"post_tag","embeddable":true,"href":"https:\/\/crc.org.ar\/w\/wp-json\/wp\/v2\/tags?post=33299"}],"curies":[{"name":"wp","href":"https:\/\/api.w.org\/{rel}","templated":true}]}}