{"id":33303,"date":"2022-08-06T11:39:36","date_gmt":"2022-08-06T14:39:36","guid":{"rendered":"https:\/\/crc.org.ar\/w\/?p=33303"},"modified":"2022-08-06T11:39:38","modified_gmt":"2022-08-06T14:39:38","slug":"el-fantasma-arranco-con-el-pie-derecho","status":"publish","type":"post","link":"https:\/\/crc.org.ar\/w\/el-fantasma-arranco-con-el-pie-derecho\/","title":{"rendered":"El Fantasma arranc\u00f3 con el pie derecho"},"content":{"rendered":"\n<p>(S\u00e1bado 6 de agosto de 2022). Regatas Corrientes venci\u00f3 a Ping\u00fcinos en su partido inaugural del Torneo Oficial de la ABCC. Fue 91-86 como visitante.<\/p>\n\n\n\n<!--more-->\n\n\n\n<figure class=\"wp-block-image size-full\"><img decoding=\"async\" src=\"https:\/\/crc.org.ar\/w\/wp-content\/uploads\/2022\/08\/WhatsApp-Image-2022-08-06-at-12.06.51-AM.jpeg\" alt=\"\" class=\"wp-image-33306\"\/><figcaption>Equipo CRC Torneo Oficial 2022<\/figcaption><\/figure>\n\n\n\n<p>El viernes por la noche la Asociaci\u00f3n de B\u00e1squetbol de la Ciudad de Corrientes puso primera en su torneo dom\u00e9stico m\u00e1s importante, el Oficial 2022. All\u00ed, el Club de Regatas Corrientes debut\u00f3 con un triunfo muy duro frente a Ping\u00fcinos como visitante por 86-91, con un destacado <strong>Fabio Gauto <\/strong>que anot\u00f3 28 puntos.<\/p>\n\n\n<div class=\"wp-block-image\">\n<figure class=\"alignleft size-full is-resized\"><img loading=\"lazy\" decoding=\"async\" src=\"https:\/\/crc.org.ar\/w\/wp-content\/uploads\/2022\/08\/DSC_0094-1.jpg\" alt=\"\" class=\"wp-image-33307\" width=\"388\" height=\"347\" srcset=\"https:\/\/crc.org.ar\/w\/wp-content\/uploads\/2022\/08\/DSC_0094-1.jpg 2027w, https:\/\/crc.org.ar\/w\/wp-content\/uploads\/2022\/08\/DSC_0094-1-300x268.jpg 300w, https:\/\/crc.org.ar\/w\/wp-content\/uploads\/2022\/08\/DSC_0094-1-768x687.jpg 768w, https:\/\/crc.org.ar\/w\/wp-content\/uploads\/2022\/08\/DSC_0094-1-1536x1374.jpg 1536w\" sizes=\"(max-width: 388px) 100vw, 388px\" \/><figcaption>Fabio Gauto<\/figcaption><\/figure><\/div>\n\n\n<p>El inicio del juego favoreci\u00f3 al elenco local, que aprovech\u00f3 las distracciones de su rival para meter un gran primer parcial 11-3 pasado el promedio del primer cuarto. Regatas se repuso r\u00e1pidamente cambiando la intensidad defensiva y cambiando el rumbo de sus ataques, para dejar las cosas en 16 por lado al cabo del primer parcial.<\/p>\n\n\n\n<p>Ya en cuarto siguiente apareci\u00f3 toda la capacidad de <strong>Gauto <\/strong>(11 puntos seguidos) para que el Fantasma pase a dominar las acciones y se lleve el primer tiempo 32-39.<\/p>\n\n\n\n<p>Los de calle Santa Fe nunca se fueron del partido y tras el descanso largo sacaron a relucir la experiencia de su equipo, comandados por dos refuerzos, <strong>Sequeira <\/strong>y <strong>Vallejos, <\/strong>que se sumaron a la cosecha de <strong>Monz\u00f3n, <\/strong>para dejar las cosas apretadas de cara al episodio final, 64-67.<\/p>\n\n\n\n<p>El \u00faltimo cap\u00edtulo continu\u00f3 con la misma intensidad, vivi\u00e9ndose un partido atractivo y vibrante. <strong>Monz\u00f3n <\/strong>fue la gu\u00eda ofensiva de los de la banda negra para nunca perder pisada, mientras que <strong>Gauto <\/strong>y <strong>Franchela <\/strong>mantuvieron a flote al Remero en ese momento. A falta de tres minutos, Ping\u00fcinos lleg\u00f3 a dejar las cosas en tablas 79. El juego se mantuvo parejo, y si bien Ping\u00fcinos tuvo una ofensiva sobre el cierre para forzar suplementario, no pudo convertir y luego <strong>Fiorio <\/strong>sentenci\u00f3 con un doble el 86-91 final.<\/p>\n\n\n\n<p>De este modo, Regatas Corrientes arranca la defensa del t\u00edtulo con una victoria muy valiosa frente a un rival muy duro que se reforz\u00f3 bien de cara a este certamen. La pr\u00f3xima jornada, los dirigidos de <strong>Checenelli <\/strong>se enfrentar\u00e1n a otro rival fuerte, Juventus.<\/p>\n\n\n\n<figure class=\"wp-block-gallery has-nested-images columns-4 is-cropped wp-block-gallery-1 is-layout-flex wp-block-gallery-is-layout-flex\">\n<figure class=\"wp-block-image size-full\"><a href=\"https:\/\/crc.org.ar\/w\/wp-content\/uploads\/2022\/08\/DSC_0131-scaled.jpg\"><img loading=\"lazy\" decoding=\"async\" width=\"2560\" height=\"1709\" data-id=\"33310\" src=\"https:\/\/crc.org.ar\/w\/wp-content\/uploads\/2022\/08\/DSC_0131-scaled.jpg\" alt=\"\" class=\"wp-image-33310\" srcset=\"https:\/\/crc.org.ar\/w\/wp-content\/uploads\/2022\/08\/DSC_0131-scaled.jpg 2560w, https:\/\/crc.org.ar\/w\/wp-content\/uploads\/2022\/08\/DSC_0131-300x200.jpg 300w, https:\/\/crc.org.ar\/w\/wp-content\/uploads\/2022\/08\/DSC_0131-2048x1367.jpg 2048w, https:\/\/crc.org.ar\/w\/wp-content\/uploads\/2022\/08\/DSC_0131-768x513.jpg 768w, https:\/\/crc.org.ar\/w\/wp-content\/uploads\/2022\/08\/DSC_0131-1536x1025.jpg 1536w\" sizes=\"(max-width: 2560px) 100vw, 2560px\" \/><\/a><figcaption>Abad<\/figcaption><\/figure>\n\n\n\n<figure class=\"wp-block-image size-full\"><a href=\"https:\/\/crc.org.ar\/w\/wp-content\/uploads\/2022\/08\/DSC_0086-scaled.jpg\"><img loading=\"lazy\" decoding=\"async\" width=\"2560\" height=\"1709\" data-id=\"33309\" src=\"https:\/\/crc.org.ar\/w\/wp-content\/uploads\/2022\/08\/DSC_0086-scaled.jpg\" alt=\"\" class=\"wp-image-33309\" srcset=\"https:\/\/crc.org.ar\/w\/wp-content\/uploads\/2022\/08\/DSC_0086-scaled.jpg 2560w, https:\/\/crc.org.ar\/w\/wp-content\/uploads\/2022\/08\/DSC_0086-300x200.jpg 300w, https:\/\/crc.org.ar\/w\/wp-content\/uploads\/2022\/08\/DSC_0086-2048x1367.jpg 2048w, https:\/\/crc.org.ar\/w\/wp-content\/uploads\/2022\/08\/DSC_0086-768x513.jpg 768w, https:\/\/crc.org.ar\/w\/wp-content\/uploads\/2022\/08\/DSC_0086-1536x1025.jpg 1536w\" sizes=\"(max-width: 2560px) 100vw, 2560px\" \/><\/a><figcaption>Scachi<\/figcaption><\/figure>\n\n\n\n<figure class=\"wp-block-image size-full\"><a href=\"https:\/\/crc.org.ar\/w\/wp-content\/uploads\/2022\/08\/DSC_0108-scaled.jpg\"><img loading=\"lazy\" decoding=\"async\" width=\"2560\" height=\"1708\" data-id=\"33308\" src=\"https:\/\/crc.org.ar\/w\/wp-content\/uploads\/2022\/08\/DSC_0108-scaled.jpg\" alt=\"\" class=\"wp-image-33308\" srcset=\"https:\/\/crc.org.ar\/w\/wp-content\/uploads\/2022\/08\/DSC_0108-scaled.jpg 2560w, https:\/\/crc.org.ar\/w\/wp-content\/uploads\/2022\/08\/DSC_0108-300x200.jpg 300w, https:\/\/crc.org.ar\/w\/wp-content\/uploads\/2022\/08\/DSC_0108-2048x1367.jpg 2048w, https:\/\/crc.org.ar\/w\/wp-content\/uploads\/2022\/08\/DSC_0108-768x512.jpg 768w, https:\/\/crc.org.ar\/w\/wp-content\/uploads\/2022\/08\/DSC_0108-1536x1025.jpg 1536w\" sizes=\"(max-width: 2560px) 100vw, 2560px\" \/><\/a><figcaption>Franchela<\/figcaption><\/figure>\n\n\n\n<figure class=\"wp-block-image size-full\"><a href=\"https:\/\/crc.org.ar\/w\/wp-content\/uploads\/2022\/08\/DSC_0065-scaled.jpg\"><img loading=\"lazy\" decoding=\"async\" width=\"2560\" height=\"1708\" data-id=\"33312\" src=\"https:\/\/crc.org.ar\/w\/wp-content\/uploads\/2022\/08\/DSC_0065-scaled.jpg\" alt=\"\" class=\"wp-image-33312\" srcset=\"https:\/\/crc.org.ar\/w\/wp-content\/uploads\/2022\/08\/DSC_0065-scaled.jpg 2560w, https:\/\/crc.org.ar\/w\/wp-content\/uploads\/2022\/08\/DSC_0065-300x200.jpg 300w, https:\/\/crc.org.ar\/w\/wp-content\/uploads\/2022\/08\/DSC_0065-2048x1367.jpg 2048w, https:\/\/crc.org.ar\/w\/wp-content\/uploads\/2022\/08\/DSC_0065-768x513.jpg 768w, https:\/\/crc.org.ar\/w\/wp-content\/uploads\/2022\/08\/DSC_0065-1536x1025.jpg 1536w\" sizes=\"(max-width: 2560px) 100vw, 2560px\" \/><\/a><figcaption>Marc\u00f3<\/figcaption><\/figure>\n\n\n\n<figure class=\"wp-block-image size-full\"><a href=\"https:\/\/crc.org.ar\/w\/wp-content\/uploads\/2022\/08\/DSC_0110-scaled.jpg\"><img loading=\"lazy\" decoding=\"async\" width=\"2560\" height=\"1708\" data-id=\"33311\" src=\"https:\/\/crc.org.ar\/w\/wp-content\/uploads\/2022\/08\/DSC_0110-scaled.jpg\" alt=\"\" class=\"wp-image-33311\" srcset=\"https:\/\/crc.org.ar\/w\/wp-content\/uploads\/2022\/08\/DSC_0110-scaled.jpg 2560w, https:\/\/crc.org.ar\/w\/wp-content\/uploads\/2022\/08\/DSC_0110-300x200.jpg 300w, https:\/\/crc.org.ar\/w\/wp-content\/uploads\/2022\/08\/DSC_0110-2048x1367.jpg 2048w, https:\/\/crc.org.ar\/w\/wp-content\/uploads\/2022\/08\/DSC_0110-768x512.jpg 768w, https:\/\/crc.org.ar\/w\/wp-content\/uploads\/2022\/08\/DSC_0110-1536x1025.jpg 1536w\" sizes=\"(max-width: 2560px) 100vw, 2560px\" \/><\/a><figcaption>Gauto<\/figcaption><\/figure>\n\n\n\n<figure class=\"wp-block-image size-full\"><a href=\"https:\/\/crc.org.ar\/w\/wp-content\/uploads\/2022\/08\/DSC_0068-1-scaled.jpg\"><img loading=\"lazy\" decoding=\"async\" width=\"2560\" height=\"1707\" data-id=\"33314\" src=\"https:\/\/crc.org.ar\/w\/wp-content\/uploads\/2022\/08\/DSC_0068-1-scaled.jpg\" alt=\"\" class=\"wp-image-33314\" srcset=\"https:\/\/crc.org.ar\/w\/wp-content\/uploads\/2022\/08\/DSC_0068-1-scaled.jpg 2560w, https:\/\/crc.org.ar\/w\/wp-content\/uploads\/2022\/08\/DSC_0068-1-300x200.jpg 300w, https:\/\/crc.org.ar\/w\/wp-content\/uploads\/2022\/08\/DSC_0068-1-2048x1366.jpg 2048w, https:\/\/crc.org.ar\/w\/wp-content\/uploads\/2022\/08\/DSC_0068-1-768x512.jpg 768w, https:\/\/crc.org.ar\/w\/wp-content\/uploads\/2022\/08\/DSC_0068-1-1536x1024.jpg 1536w\" sizes=\"(max-width: 2560px) 100vw, 2560px\" \/><\/a><figcaption>Gauto<\/figcaption><\/figure>\n\n\n\n<figure class=\"wp-block-image size-full\"><a href=\"https:\/\/crc.org.ar\/w\/wp-content\/uploads\/2022\/08\/DSC_0105.jpg\"><img loading=\"lazy\" decoding=\"async\" width=\"2554\" height=\"1704\" data-id=\"33313\" src=\"https:\/\/crc.org.ar\/w\/wp-content\/uploads\/2022\/08\/DSC_0105.jpg\" alt=\"\" class=\"wp-image-33313\" srcset=\"https:\/\/crc.org.ar\/w\/wp-content\/uploads\/2022\/08\/DSC_0105.jpg 2554w, https:\/\/crc.org.ar\/w\/wp-content\/uploads\/2022\/08\/DSC_0105-300x200.jpg 300w, https:\/\/crc.org.ar\/w\/wp-content\/uploads\/2022\/08\/DSC_0105-2048x1366.jpg 2048w, https:\/\/crc.org.ar\/w\/wp-content\/uploads\/2022\/08\/DSC_0105-768x512.jpg 768w, https:\/\/crc.org.ar\/w\/wp-content\/uploads\/2022\/08\/DSC_0105-1536x1025.jpg 1536w\" sizes=\"(max-width: 2554px) 100vw, 2554px\" \/><\/a><figcaption>Franchela<\/figcaption><\/figure>\n<\/figure>\n\n\n\n<h1 class=\"has-text-align-center wp-block-heading\"><strong>Los resultados de la primera fecha<\/strong><\/h1>\n\n\n\n<p><strong>Estadio Marcelino Cora Ojeda<\/strong><\/p>\n\n\n\n<p>Alvear 61 \u2013 74 Juventus<\/p>\n\n\n\n<p>Ping\u00fcinos 86 \u2013 91 Regatas<\/p>\n\n\n\n<p><strong>Estadio Fort\u00edn Rojinegro<\/strong><\/p>\n\n\n\n<p>Col\u00f3n 53 &#8211; 72 H\u00e9rcules<\/p>\n\n\n\n<p>San Mart\u00edn 75 \u2013 76 C\u00f3rdoba<\/p>\n\n\n\n<h1 class=\"has-text-align-center wp-block-heading\"><strong>La S\u00edntesis<\/strong><\/h1>\n\n\n\n<p><strong>Ping\u00fcinos (86): <\/strong>Lucas Monz\u00f3n 23, Gonzalo Ram\u00edrez 2, Leandro Belmonte 3, Ayrton Sequeira 12 y Emilio Vallejos 22 (FI); N\u00e9stor Serantes 10, Lucas Alcaraz 5, Iv\u00e1n Gretter 6, Juan Ignacio Yuste 3 y Mat\u00edas Ram\u00edrez Barrios 0.<\/p>\n\n\n\n<p><strong>DT: <\/strong>Juan Pablo Mascar\u00f3.<\/p>\n\n\n\n<p><strong>Regatas (91): <\/strong>Tob\u00edas Franchela 16, Fabio Gauto 28, Juan Scacchi 17, Santiago Fiorio 8 y Rey Abad 14 (FI); Juan Cruz Ferreyra 2, Ezequiel Hena\u00edn 2, Enrique Medina 3 y Benjam\u00edn Marc\u00f3 0.<\/p>\n\n\n\n<p><strong>DT: <\/strong>Diego Checenelli.<\/p>\n\n\n\n<p><strong>Parciales: <\/strong>16\/16, 32\/39 (16\/23), 64\/67 (32\/28), 86\/91 (22\/24).<\/p>\n\n\n\n<p><strong>Jueces: <\/strong>Carlos Moreyra y Christian Margalot.<\/p>\n\n\n\n<p><strong>Estadio: <\/strong>Marcelino Cora Ojeda.<\/p>\n","protected":false},"excerpt":{"rendered":"<p>(S\u00e1bado 6 de agosto de 2022). Regatas Corrientes venci\u00f3 a Ping\u00fcinos en su partido inaugural del Torneo Oficial de la ABCC. Fue 91-86 como visitante. Equipo CRC Torneo Oficial 2022 El viernes por la noche la Asociaci\u00f3n de B\u00e1squetbol de la Ciudad de Corrientes puso primera en su torneo dom\u00e9stico m\u00e1s importante, el Oficial 2022. &hellip;<\/p>\n","protected":false},"author":6,"featured_media":33306,"comment_status":"closed","ping_status":"closed","sticky":false,"template":"","format":"standard","meta":{"footnotes":""},"categories":[80,66,156],"tags":[],"_links":{"self":[{"href":"https:\/\/crc.org.ar\/w\/wp-json\/wp\/v2\/posts\/33303"}],"collection":[{"href":"https:\/\/crc.org.ar\/w\/wp-json\/wp\/v2\/posts"}],"about":[{"href":"https:\/\/crc.org.ar\/w\/wp-json\/wp\/v2\/types\/post"}],"author":[{"embeddable":true,"href":"https:\/\/crc.org.ar\/w\/wp-json\/wp\/v2\/users\/6"}],"replies":[{"embeddable":true,"href":"https:\/\/crc.org.ar\/w\/wp-json\/wp\/v2\/comments?post=33303"}],"version-history":[{"count":1,"href":"https:\/\/crc.org.ar\/w\/wp-json\/wp\/v2\/posts\/33303\/revisions"}],"predecessor-version":[{"id":33315,"href":"https:\/\/crc.org.ar\/w\/wp-json\/wp\/v2\/posts\/33303\/revisions\/33315"}],"wp:featuredmedia":[{"embeddable":true,"href":"https:\/\/crc.org.ar\/w\/wp-json\/wp\/v2\/media\/33306"}],"wp:attachment":[{"href":"https:\/\/crc.org.ar\/w\/wp-json\/wp\/v2\/media?parent=33303"}],"wp:term":[{"taxonomy":"category","embeddable":true,"href":"https:\/\/crc.org.ar\/w\/wp-json\/wp\/v2\/categories?post=33303"},{"taxonomy":"post_tag","embeddable":true,"href":"https:\/\/crc.org.ar\/w\/wp-json\/wp\/v2\/tags?post=33303"}],"curies":[{"name":"wp","href":"https:\/\/api.w.org\/{rel}","templated":true}]}}