{"id":33502,"date":"2022-08-23T10:23:30","date_gmt":"2022-08-23T13:23:30","guid":{"rendered":"https:\/\/crc.org.ar\/w\/?p=33502"},"modified":"2022-08-23T10:23:31","modified_gmt":"2022-08-23T13:23:31","slug":"regatas-dijo-presente-en-un-encuentro-internacional","status":"publish","type":"post","link":"https:\/\/crc.org.ar\/w\/regatas-dijo-presente-en-un-encuentro-internacional\/","title":{"rendered":"Regatas dijo presente en un encuentro internacional"},"content":{"rendered":"\n<p>(Martes 23 de agosto de 2022). 40 remeros regatenses estuvieron en el 3\u00b0 Encuentro Sudamericano de Escuelas de Remo organizado por el Club Teutonia.<\/p>\n\n\n\n<!--more-->\n\n\n\n<figure class=\"wp-block-image alignfull size-full\"><img decoding=\"async\" src=\"https:\/\/crc.org.ar\/w\/wp-content\/uploads\/2022\/08\/Podio-cuadruple.jpeg\" alt=\"\" class=\"wp-image-33503\"\/><\/figure>\n\n\n\n<p>El fin de semana pasado se desarroll\u00f3 el 3\u00b0 Encuentro Sudamericano de Escuelas de Remo en el Country Club N\u00e1utico Escobar. El evento que reuni\u00f3 a gran cantidad de j\u00f3venes remeros, estuvo organizado por el Club de Remo Teutonia.<\/p>\n\n\n\n<p>En dicho evento el Club de Regatas Corrientes se present\u00f3 con una importante delegaci\u00f3n de 40 deportistas de su escuela de remo, quienes pudieron vivir un fin de semana donde conocieron uno de los lugares emblem\u00e1ticos del remo en el pa\u00eds como lo es el Tigre.<\/p>\n\n\n\n<p>El primer d\u00eda (s\u00e1bado) la actividad se desarroll\u00f3 de forma m\u00e1s l\u00fadica, donde la idea fue lograr la integraci\u00f3n entre los diferentes clubes participantes. Los remeros se mezclaron entre los diversos equipos, y llevaron adelante carreras de relevos y otros juegos.<\/p>\n\n\n\n<p>El domingo se pas\u00f3 a la actividad principal, llev\u00e1ndose adelante las regatas, donde todo sali\u00f3 perfecto, m\u00e1s all\u00e1 de los resultados deportivos. Se desarrollaron alrededor de 60 regatas en la playa del Country de Escobar.<\/p>\n\n\n\n<p>Se entregaron medallas y hubo podios tras las diferentes regatas. Hubo muy buenos resultados para los atletas Fantasmas.<\/p>\n\n\n\n<p>Adem\u00e1s de lo estrictamente relacionado al encuentro, la delegaci\u00f3n regatense, que estuvo dirigida por el entrenador y coordinador de la disciplina en el club, <strong>Harris Gonz\u00e1lez Escobar, <\/strong>aprovech\u00f3 para visitar el Tigre, conocer los distintos clubes emplazados all\u00ed, y conocer tambi\u00e9n el \u201cMonumento al Remero\u201d.<\/p>\n\n\n\n<figure class=\"wp-block-gallery has-nested-images columns-4 is-cropped wp-block-gallery-1 is-layout-flex wp-block-gallery-is-layout-flex\">\n<figure class=\"wp-block-image size-full\"><a href=\"https:\/\/crc.org.ar\/w\/wp-content\/uploads\/2022\/08\/Podio-2-1.jpeg\"><img loading=\"lazy\" decoding=\"async\" width=\"1536\" height=\"864\" data-id=\"33507\" src=\"https:\/\/crc.org.ar\/w\/wp-content\/uploads\/2022\/08\/Podio-2-1.jpeg\" alt=\"\" class=\"wp-image-33507\" srcset=\"https:\/\/crc.org.ar\/w\/wp-content\/uploads\/2022\/08\/Podio-2-1.jpeg 1536w, https:\/\/crc.org.ar\/w\/wp-content\/uploads\/2022\/08\/Podio-2-1-300x169.jpeg 300w, https:\/\/crc.org.ar\/w\/wp-content\/uploads\/2022\/08\/Podio-2-1-768x432.jpeg 768w, https:\/\/crc.org.ar\/w\/wp-content\/uploads\/2022\/08\/Podio-2-1-390x220.jpeg 390w\" sizes=\"(max-width: 1536px) 100vw, 1536px\" \/><\/a><\/figure>\n\n\n\n<figure class=\"wp-block-image size-full\"><a href=\"https:\/\/crc.org.ar\/w\/wp-content\/uploads\/2022\/08\/Podio-1ro.jpeg\"><img loading=\"lazy\" decoding=\"async\" width=\"1600\" height=\"900\" data-id=\"33506\" src=\"https:\/\/crc.org.ar\/w\/wp-content\/uploads\/2022\/08\/Podio-1ro.jpeg\" alt=\"\" class=\"wp-image-33506\" srcset=\"https:\/\/crc.org.ar\/w\/wp-content\/uploads\/2022\/08\/Podio-1ro.jpeg 1600w, https:\/\/crc.org.ar\/w\/wp-content\/uploads\/2022\/08\/Podio-1ro-300x169.jpeg 300w, https:\/\/crc.org.ar\/w\/wp-content\/uploads\/2022\/08\/Podio-1ro-768x432.jpeg 768w, https:\/\/crc.org.ar\/w\/wp-content\/uploads\/2022\/08\/Podio-1ro-1536x864.jpeg 1536w, https:\/\/crc.org.ar\/w\/wp-content\/uploads\/2022\/08\/Podio-1ro-390x220.jpeg 390w\" sizes=\"(max-width: 1600px) 100vw, 1600px\" \/><\/a><\/figure>\n\n\n\n<figure class=\"wp-block-image size-full\"><a href=\"https:\/\/crc.org.ar\/w\/wp-content\/uploads\/2022\/08\/Podio-2.jpeg\"><img loading=\"lazy\" decoding=\"async\" width=\"1600\" height=\"900\" data-id=\"33504\" src=\"https:\/\/crc.org.ar\/w\/wp-content\/uploads\/2022\/08\/Podio-2.jpeg\" alt=\"\" class=\"wp-image-33504\" srcset=\"https:\/\/crc.org.ar\/w\/wp-content\/uploads\/2022\/08\/Podio-2.jpeg 1600w, https:\/\/crc.org.ar\/w\/wp-content\/uploads\/2022\/08\/Podio-2-300x169.jpeg 300w, https:\/\/crc.org.ar\/w\/wp-content\/uploads\/2022\/08\/Podio-2-768x432.jpeg 768w, https:\/\/crc.org.ar\/w\/wp-content\/uploads\/2022\/08\/Podio-2-1536x864.jpeg 1536w, https:\/\/crc.org.ar\/w\/wp-content\/uploads\/2022\/08\/Podio-2-390x220.jpeg 390w\" sizes=\"(max-width: 1600px) 100vw, 1600px\" \/><\/a><\/figure>\n\n\n\n<figure class=\"wp-block-image size-full\"><a href=\"https:\/\/crc.org.ar\/w\/wp-content\/uploads\/2022\/08\/Podio-3.jpeg\"><img loading=\"lazy\" decoding=\"async\" width=\"1600\" height=\"900\" data-id=\"33505\" src=\"https:\/\/crc.org.ar\/w\/wp-content\/uploads\/2022\/08\/Podio-3.jpeg\" alt=\"\" class=\"wp-image-33505\" srcset=\"https:\/\/crc.org.ar\/w\/wp-content\/uploads\/2022\/08\/Podio-3.jpeg 1600w, https:\/\/crc.org.ar\/w\/wp-content\/uploads\/2022\/08\/Podio-3-300x169.jpeg 300w, https:\/\/crc.org.ar\/w\/wp-content\/uploads\/2022\/08\/Podio-3-768x432.jpeg 768w, https:\/\/crc.org.ar\/w\/wp-content\/uploads\/2022\/08\/Podio-3-1536x864.jpeg 1536w, https:\/\/crc.org.ar\/w\/wp-content\/uploads\/2022\/08\/Podio-3-390x220.jpeg 390w\" sizes=\"(max-width: 1600px) 100vw, 1600px\" \/><\/a><\/figure>\n\n\n\n<figure class=\"wp-block-image size-full\"><a href=\"https:\/\/crc.org.ar\/w\/wp-content\/uploads\/2022\/08\/Podio-Fem.jpeg\"><img loading=\"lazy\" decoding=\"async\" width=\"1600\" height=\"900\" data-id=\"33510\" src=\"https:\/\/crc.org.ar\/w\/wp-content\/uploads\/2022\/08\/Podio-Fem.jpeg\" alt=\"\" class=\"wp-image-33510\" srcset=\"https:\/\/crc.org.ar\/w\/wp-content\/uploads\/2022\/08\/Podio-Fem.jpeg 1600w, https:\/\/crc.org.ar\/w\/wp-content\/uploads\/2022\/08\/Podio-Fem-300x169.jpeg 300w, https:\/\/crc.org.ar\/w\/wp-content\/uploads\/2022\/08\/Podio-Fem-768x432.jpeg 768w, https:\/\/crc.org.ar\/w\/wp-content\/uploads\/2022\/08\/Podio-Fem-1536x864.jpeg 1536w, https:\/\/crc.org.ar\/w\/wp-content\/uploads\/2022\/08\/Podio-Fem-390x220.jpeg 390w\" sizes=\"(max-width: 1600px) 100vw, 1600px\" \/><\/a><\/figure>\n\n\n\n<figure class=\"wp-block-image size-full\"><a href=\"https:\/\/crc.org.ar\/w\/wp-content\/uploads\/2022\/08\/Podio-single-fem.jpeg\"><img loading=\"lazy\" decoding=\"async\" width=\"1600\" height=\"900\" data-id=\"33511\" src=\"https:\/\/crc.org.ar\/w\/wp-content\/uploads\/2022\/08\/Podio-single-fem.jpeg\" alt=\"\" class=\"wp-image-33511\" srcset=\"https:\/\/crc.org.ar\/w\/wp-content\/uploads\/2022\/08\/Podio-single-fem.jpeg 1600w, https:\/\/crc.org.ar\/w\/wp-content\/uploads\/2022\/08\/Podio-single-fem-300x169.jpeg 300w, https:\/\/crc.org.ar\/w\/wp-content\/uploads\/2022\/08\/Podio-single-fem-768x432.jpeg 768w, https:\/\/crc.org.ar\/w\/wp-content\/uploads\/2022\/08\/Podio-single-fem-1536x864.jpeg 1536w, https:\/\/crc.org.ar\/w\/wp-content\/uploads\/2022\/08\/Podio-single-fem-390x220.jpeg 390w\" sizes=\"(max-width: 1600px) 100vw, 1600px\" \/><\/a><\/figure>\n\n\n\n<figure class=\"wp-block-image size-full\"><a href=\"https:\/\/crc.org.ar\/w\/wp-content\/uploads\/2022\/08\/Podio.jpeg\"><img loading=\"lazy\" decoding=\"async\" width=\"1600\" height=\"900\" data-id=\"33508\" src=\"https:\/\/crc.org.ar\/w\/wp-content\/uploads\/2022\/08\/Podio.jpeg\" alt=\"\" class=\"wp-image-33508\" srcset=\"https:\/\/crc.org.ar\/w\/wp-content\/uploads\/2022\/08\/Podio.jpeg 1600w, https:\/\/crc.org.ar\/w\/wp-content\/uploads\/2022\/08\/Podio-300x169.jpeg 300w, https:\/\/crc.org.ar\/w\/wp-content\/uploads\/2022\/08\/Podio-768x432.jpeg 768w, https:\/\/crc.org.ar\/w\/wp-content\/uploads\/2022\/08\/Podio-1536x864.jpeg 1536w, https:\/\/crc.org.ar\/w\/wp-content\/uploads\/2022\/08\/Podio-390x220.jpeg 390w\" sizes=\"(max-width: 1600px) 100vw, 1600px\" \/><\/a><\/figure>\n\n\n\n<figure class=\"wp-block-image size-full\"><a href=\"https:\/\/crc.org.ar\/w\/wp-content\/uploads\/2022\/08\/WhatsApp-Image-2022-08-22-at-5.26.21-PM-3.jpeg\"><img loading=\"lazy\" decoding=\"async\" width=\"1536\" height=\"864\" data-id=\"33509\" src=\"https:\/\/crc.org.ar\/w\/wp-content\/uploads\/2022\/08\/WhatsApp-Image-2022-08-22-at-5.26.21-PM-3.jpeg\" alt=\"\" class=\"wp-image-33509\" srcset=\"https:\/\/crc.org.ar\/w\/wp-content\/uploads\/2022\/08\/WhatsApp-Image-2022-08-22-at-5.26.21-PM-3.jpeg 1536w, https:\/\/crc.org.ar\/w\/wp-content\/uploads\/2022\/08\/WhatsApp-Image-2022-08-22-at-5.26.21-PM-3-300x169.jpeg 300w, https:\/\/crc.org.ar\/w\/wp-content\/uploads\/2022\/08\/WhatsApp-Image-2022-08-22-at-5.26.21-PM-3-768x432.jpeg 768w, https:\/\/crc.org.ar\/w\/wp-content\/uploads\/2022\/08\/WhatsApp-Image-2022-08-22-at-5.26.21-PM-3-390x220.jpeg 390w\" sizes=\"(max-width: 1536px) 100vw, 1536px\" \/><\/a><\/figure>\n<\/figure>\n\n\n\n<h2 class=\"has-text-align-center wp-block-heading\"><strong>Resultados de las regatas<\/strong><\/h2>\n\n\n\n<p><strong>Paseo sub 12 fem<\/strong><\/p>\n\n\n\n<p>3\u00b0 Luana Rodr\u00edguez<\/p>\n\n\n\n<p><strong>Paseo libre masc<\/strong><\/p>\n\n\n\n<p>2\u00b0 Gustavo Sotelo<\/p>\n\n\n\n<p><strong>Paseo libre fem<\/strong><\/p>\n\n\n\n<p>3\u00b0 Malena Almiron<\/p>\n\n\n\n<p><strong>Cu\u00e1druple sub 14 masc<\/strong><\/p>\n\n\n\n<p>3\u00b0 Juan Cruz Sandoval, Juan Mat\u00edas Slootmans, Ignacio Alarc\u00f3n y Lautaro Valenzuela<\/p>\n\n\n\n<p><strong>Single sub 16 masc<\/strong><\/p>\n\n\n\n<p>1\u00b0Enzo Lajan<\/p>\n\n\n\n<p>2\u00b0 Santiago Dieringer<\/p>\n\n\n\n<p><strong>Doble par sub 14 masc<\/strong><\/p>\n\n\n\n<p>2\u00b0 Ignacio Alarc\u00f3n y Juan Cruz Sandoval<\/p>\n\n\n\n<p><strong>Single sub 14 fem<\/strong><\/p>\n\n\n\n<p>2\u00b0 \u00c1ngeles Ayala<\/p>\n\n\n\n<p><strong>Doble par libre masc<\/strong><\/p>\n\n\n\n<p>3\u00b0 Santiago G\u00f3mez de la Fuente y Nicolas Ver\u00f3n<\/p>\n\n\n\n<p><strong>1x libre fem<\/strong><\/p>\n\n\n\n<p>1\u00b0 Oriana Meza<\/p>\n\n\n\n<p><strong>Paseo sub 14 masc<\/strong><\/p>\n\n\n\n<p>3\u00b0 Tob\u00edas Rom\u00e1n Galarza<\/p>\n\n\n\n<p><strong>Doble par libre fem<\/strong><\/p>\n\n\n\n<p>3\u00b0 Luz Gonz\u00e1lez y Leticia Gonz\u00e1lez<\/p>\n\n\n\n<p><strong>Single libre masc <\/strong>&nbsp;<\/p>\n\n\n\n<p>3\u00b0 Fausto Dom\u00ednguez<\/p>\n\n\n\n<p><strong>Doble par sub 16 fem<\/strong><\/p>\n\n\n\n<p>3\u00b0 Sabrina Zibelman y Ariadna Romero<\/p>\n\n\n\n<p><strong>Cu\u00e1druple libre fem<\/strong><\/p>\n\n\n\n<p>2\u00b0 Oriana Meza, Luz Gonz\u00e1lez, Leticia Gonz\u00e1lez y Guillermina Lencina<\/p>\n\n\n\n<p><strong>Cu\u00e1druple sub 16 Masc<\/strong><\/p>\n\n\n\n<p>2\u00b0 Santiago Dieringer, Enzo Luj\u00e1n, Juan Bautista Mari y Tob\u00edas Roncati &nbsp;<\/p>\n\n\n\n<p><strong>Cu\u00e1druple libre masc<\/strong><\/p>\n\n\n\n<p>3\u00b0 Nicolas Ver\u00f3n, Santiago G\u00f3mez de la Fuente, Juan Ignacio Leconte y Fausto Dom\u00ednguez<\/p>\n\n\n\n<p><strong>Single sub 14 masc<\/strong><\/p>\n\n\n\n<p>3\u00b0 Juan cruz Sandoval<\/p>\n\n\n\n<p><strong>Cu\u00e1druple sub 16 fem<\/strong><\/p>\n\n\n\n<p>3\u00b0 Ariadna romero, Sabrina Zibelman, \u00c1ngeles Ayala y Fiorela M\u00e9ndez<\/p>\n\n\n\n<p><strong>2x masc sub 16<\/strong><\/p>\n\n\n\n<p>2\u00b0 Juan Bautista Mari y Tob\u00edas Roncati<\/p>\n","protected":false},"excerpt":{"rendered":"<p>(Martes 23 de agosto de 2022). 40 remeros regatenses estuvieron en el 3\u00b0 Encuentro Sudamericano de Escuelas de Remo organizado por el Club Teutonia. El fin de semana pasado se desarroll\u00f3 el 3\u00b0 Encuentro Sudamericano de Escuelas de Remo en el Country Club N\u00e1utico Escobar. El evento que reuni\u00f3 a gran cantidad de j\u00f3venes remeros, &hellip;<\/p>\n","protected":false},"author":6,"featured_media":33503,"comment_status":"closed","ping_status":"closed","sticky":false,"template":"","format":"standard","meta":{"footnotes":""},"categories":[156,18],"tags":[],"_links":{"self":[{"href":"https:\/\/crc.org.ar\/w\/wp-json\/wp\/v2\/posts\/33502"}],"collection":[{"href":"https:\/\/crc.org.ar\/w\/wp-json\/wp\/v2\/posts"}],"about":[{"href":"https:\/\/crc.org.ar\/w\/wp-json\/wp\/v2\/types\/post"}],"author":[{"embeddable":true,"href":"https:\/\/crc.org.ar\/w\/wp-json\/wp\/v2\/users\/6"}],"replies":[{"embeddable":true,"href":"https:\/\/crc.org.ar\/w\/wp-json\/wp\/v2\/comments?post=33502"}],"version-history":[{"count":1,"href":"https:\/\/crc.org.ar\/w\/wp-json\/wp\/v2\/posts\/33502\/revisions"}],"predecessor-version":[{"id":33512,"href":"https:\/\/crc.org.ar\/w\/wp-json\/wp\/v2\/posts\/33502\/revisions\/33512"}],"wp:featuredmedia":[{"embeddable":true,"href":"https:\/\/crc.org.ar\/w\/wp-json\/wp\/v2\/media\/33503"}],"wp:attachment":[{"href":"https:\/\/crc.org.ar\/w\/wp-json\/wp\/v2\/media?parent=33502"}],"wp:term":[{"taxonomy":"category","embeddable":true,"href":"https:\/\/crc.org.ar\/w\/wp-json\/wp\/v2\/categories?post=33502"},{"taxonomy":"post_tag","embeddable":true,"href":"https:\/\/crc.org.ar\/w\/wp-json\/wp\/v2\/tags?post=33502"}],"curies":[{"name":"wp","href":"https:\/\/api.w.org\/{rel}","templated":true}]}}