{"id":33519,"date":"2022-08-23T12:18:54","date_gmt":"2022-08-23T15:18:54","guid":{"rendered":"https:\/\/crc.org.ar\/w\/?p=33519"},"modified":"2022-08-23T12:19:37","modified_gmt":"2022-08-23T15:19:37","slug":"nautas-regatenses-suman-experiencia-en-el-metropolitano","status":"publish","type":"post","link":"https:\/\/crc.org.ar\/w\/nautas-regatenses-suman-experiencia-en-el-metropolitano\/","title":{"rendered":"Nautas regatenses suman experiencia en el Metropolitano"},"content":{"rendered":"\n<p>(Martes 23 de agosto de 2022). Los nautas del Club de Regatas Corrientes, Federico Noronha e Ian Dri, participaron de la primera jornada del Campeonato Metropolitano 2022. El 27 y 28 finaliza la competencia que organiza el Club Universitario de Buenos Aires (CUBA).<\/p>\n\n\n<div class=\"wp-block-image\">\n<figure class=\"aligncenter size-full is-resized\"><img loading=\"lazy\" decoding=\"async\" src=\"https:\/\/crc.org.ar\/w\/wp-content\/uploads\/2022\/08\/WhatsApp-Image-2022-08-20-at-4.54.49-PM.jpeg\" alt=\"\" class=\"wp-image-33521\" width=\"689\" height=\"915\" srcset=\"https:\/\/crc.org.ar\/w\/wp-content\/uploads\/2022\/08\/WhatsApp-Image-2022-08-20-at-4.54.49-PM.jpeg 963w, https:\/\/crc.org.ar\/w\/wp-content\/uploads\/2022\/08\/WhatsApp-Image-2022-08-20-at-4.54.49-PM-226x300.jpeg 226w, https:\/\/crc.org.ar\/w\/wp-content\/uploads\/2022\/08\/WhatsApp-Image-2022-08-20-at-4.54.49-PM-768x1021.jpeg 768w\" sizes=\"(max-width: 689px) 100vw, 689px\" \/><\/figure><\/div>\n\n\n<p>El pasado fin de semana, arranc\u00f3 el Campeonato Metropolitano 2022 que organiza el Club Universitario de Buenos Aires (CUBA), todos los a\u00f1os. De la competencia que se desarrolla frente a la bah\u00eda de Nu\u00f1ez, participaron dos nautas de Regatas Corrientes, <strong>Ian Dri<\/strong> y <strong>Federico Noronha<\/strong>.<\/p>\n\n\n<div class=\"wp-block-image\">\n<figure class=\"alignleft size-full is-resized\"><img loading=\"lazy\" decoding=\"async\" src=\"https:\/\/crc.org.ar\/w\/wp-content\/uploads\/2022\/08\/WhatsApp-Image-2022-08-20-at-2.22.53-PM.jpeg\" alt=\"\" class=\"wp-image-33522\" width=\"297\" height=\"396\" srcset=\"https:\/\/crc.org.ar\/w\/wp-content\/uploads\/2022\/08\/WhatsApp-Image-2022-08-20-at-2.22.53-PM.jpeg 750w, https:\/\/crc.org.ar\/w\/wp-content\/uploads\/2022\/08\/WhatsApp-Image-2022-08-20-at-2.22.53-PM-225x300.jpeg 225w\" sizes=\"(max-width: 297px) 100vw, 297px\" \/><figcaption>Noronha preparando su embarcaci\u00f3n<\/figcaption><\/figure><\/div>\n\n\n<p>Los nautas del club participaron en la categoria principiantes con una flota de m\u00e1s de doscientas embarcaciones, que se dividieron en series de tres flotas. Ian Dri participando en la flota verde y Federico Noronha en la flota rosa.<\/p>\n\n\n\n<p>En la primera jornada se corrieron dos regatas con un viento de trece nudos del noreste, aunque a medida que se fue avanzando, el viento fue disminuyendo. Con la corriente cruzada, por el aumento de la marea, tuvieron que ponerse a prueba los jovenes timoneles sobre todo teniendo en cuenta que son condiciones que no se tienen en el rio Paran\u00e1.<\/p>\n\n\n<div class=\"wp-block-image\">\n<figure class=\"alignright size-full is-resized\"><img loading=\"lazy\" decoding=\"async\" src=\"https:\/\/crc.org.ar\/w\/wp-content\/uploads\/2022\/08\/WhatsApp-Image-2022-08-20-at-2.22.53-PM-1.jpeg\" alt=\"\" class=\"wp-image-33523\" width=\"287\" height=\"382\" srcset=\"https:\/\/crc.org.ar\/w\/wp-content\/uploads\/2022\/08\/WhatsApp-Image-2022-08-20-at-2.22.53-PM-1.jpeg 750w, https:\/\/crc.org.ar\/w\/wp-content\/uploads\/2022\/08\/WhatsApp-Image-2022-08-20-at-2.22.53-PM-1-225x300.jpeg 225w\" sizes=\"(max-width: 287px) 100vw, 287px\" \/><figcaption>Dri preparando su embarcaci\u00f3n<\/figcaption><\/figure><\/div>\n\n\n<p>En la segunda jornada solamente se pudo correr una regata, nuevamente con corriente cruzada y muchas olas, lo que sin dudas dificulta, pero a pesar de todas las adversidades Ian Dri repiti\u00f3 su puesto 25, ubic\u00e1ndose en la general en la posici\u00f3n 69 y Federico Noronha con el puesto 22, quedando en la general en la posici\u00f3n 140.<\/p>\n\n\n\n<p>Los representantes regatenses estuvieron acompa\u00f1ados por el instructor <strong>Ernesto Soto Demonte<\/strong>. El campeonato metropolitano se definir\u00e1 el pr\u00f3ximo fin de semana, s\u00e1bado 27 y domingo 28, nuevamente en la bah\u00eda de Nu\u00f1ez del Rio de La Plata.<\/p>\n","protected":false},"excerpt":{"rendered":"<p>(Martes 23 de agosto de 2022). Los nautas del Club de Regatas Corrientes, Federico Noronha e Ian Dri, participaron de la primera jornada del Campeonato Metropolitano 2022. El 27 y 28 finaliza la competencia que organiza el Club Universitario de Buenos Aires (CUBA). El pasado fin de semana, arranc\u00f3 el Campeonato Metropolitano 2022 que organiza &hellip;<\/p>\n","protected":false},"author":6,"featured_media":33520,"comment_status":"closed","ping_status":"closed","sticky":false,"template":"","format":"standard","meta":{"footnotes":""},"categories":[107,156,75],"tags":[222,310,309,257],"_links":{"self":[{"href":"https:\/\/crc.org.ar\/w\/wp-json\/wp\/v2\/posts\/33519"}],"collection":[{"href":"https:\/\/crc.org.ar\/w\/wp-json\/wp\/v2\/posts"}],"about":[{"href":"https:\/\/crc.org.ar\/w\/wp-json\/wp\/v2\/types\/post"}],"author":[{"embeddable":true,"href":"https:\/\/crc.org.ar\/w\/wp-json\/wp\/v2\/users\/6"}],"replies":[{"embeddable":true,"href":"https:\/\/crc.org.ar\/w\/wp-json\/wp\/v2\/comments?post=33519"}],"version-history":[{"count":2,"href":"https:\/\/crc.org.ar\/w\/wp-json\/wp\/v2\/posts\/33519\/revisions"}],"predecessor-version":[{"id":33525,"href":"https:\/\/crc.org.ar\/w\/wp-json\/wp\/v2\/posts\/33519\/revisions\/33525"}],"wp:featuredmedia":[{"embeddable":true,"href":"https:\/\/crc.org.ar\/w\/wp-json\/wp\/v2\/media\/33520"}],"wp:attachment":[{"href":"https:\/\/crc.org.ar\/w\/wp-json\/wp\/v2\/media?parent=33519"}],"wp:term":[{"taxonomy":"category","embeddable":true,"href":"https:\/\/crc.org.ar\/w\/wp-json\/wp\/v2\/categories?post=33519"},{"taxonomy":"post_tag","embeddable":true,"href":"https:\/\/crc.org.ar\/w\/wp-json\/wp\/v2\/tags?post=33519"}],"curies":[{"name":"wp","href":"https:\/\/api.w.org\/{rel}","templated":true}]}}