{"id":33543,"date":"2022-08-27T14:48:16","date_gmt":"2022-08-27T17:48:16","guid":{"rendered":"https:\/\/crc.org.ar\/w\/?p=33543"},"modified":"2022-08-27T14:55:20","modified_gmt":"2022-08-27T17:55:20","slug":"regatas-cayo-y-perdio-el-invicto","status":"publish","type":"post","link":"https:\/\/crc.org.ar\/w\/regatas-cayo-y-perdio-el-invicto\/","title":{"rendered":"Regatas cay\u00f3 y perdi\u00f3 el invicto"},"content":{"rendered":"\n<p>(S\u00e1bado 27 de agosto de 2022). Regatas Corrientes cay\u00f3 por primera vez em el torneo oficial. Fue frente a H\u00e9rcules como visitante 65-52.<\/p>\n\n\n\n<!--more-->\n\n\n\n<figure class=\"wp-block-image alignfull size-full\"><img decoding=\"async\" src=\"https:\/\/crc.org.ar\/w\/wp-content\/uploads\/2022\/08\/DSC_0424-1.jpg\" alt=\"\" class=\"wp-image-33544\"\/><\/figure>\n\n\n\n<p>En la noche del viernes, por la cuarta fecha del Torneo Oficial de la ABCC, el Club de Regatas Corrientes no pudo frente a H\u00e9rcules, y cay\u00f3 como visitante. Fue la primera derrota en el certamen para los dirigidos de <strong>Checenelli.<\/strong><\/p>\n\n\n\n<p>El duelo fue un juego dur\u00edsimo de score bajo, donde el favorecido fue el elenco local que con una gran defensa pudo dominar durante todo el cotejo a los Remeros. Los del barrio Libertad aprovecharon la experiencia de sus jugadores, quienes pudieron imponer su ritmo frente a la juventud de Regatas.<\/p>\n\n\n\n<p>A pesar del resultado final, el juego tuvo un tr\u00e1mite parejo durante casi 35 minutos. El primer parcial qued\u00f3 en favor de la visita 15-17, luego, los locales ajustaron la defensa y se llevaron el primer tiempo 33-28. El tercer periodo finaliz\u00f3 con ambos igualados en 41, y finalmente en los 10 minutos de cierre H\u00e9rcules despeg\u00f3 ofensivamente y sec\u00f3 a su rival para ganar el juego 65-52 (24-11).<\/p>\n\n\n\n<p>De esta forma, los de calle Brasil se mantienen como punteros y \u00fanicos invictos del certamen de la Asociaci\u00f3n capitalina. Regatas Corrientes cay\u00f3 por primera vez y se mantiene en el segundo lugar junto con C\u00f3rdoba con un solo encuentro perdido. La pr\u00f3xima fecha los Remeros disputar\u00e1n el cl\u00e1sico del parque Mitre frente a Alvear.<\/p>\n\n\n\n<figure class=\"wp-block-gallery has-nested-images columns-default is-cropped wp-block-gallery-1 is-layout-flex wp-block-gallery-is-layout-flex\">\n<figure class=\"wp-block-image size-full\"><a href=\"https:\/\/crc.org.ar\/w\/wp-content\/uploads\/2022\/08\/DSC_0372-1.jpg\"><img loading=\"lazy\" decoding=\"async\" width=\"1799\" height=\"1200\" data-id=\"33547\" src=\"https:\/\/crc.org.ar\/w\/wp-content\/uploads\/2022\/08\/DSC_0372-1.jpg\" alt=\"\" class=\"wp-image-33547\" srcset=\"https:\/\/crc.org.ar\/w\/wp-content\/uploads\/2022\/08\/DSC_0372-1.jpg 1799w, https:\/\/crc.org.ar\/w\/wp-content\/uploads\/2022\/08\/DSC_0372-1-300x200.jpg 300w, https:\/\/crc.org.ar\/w\/wp-content\/uploads\/2022\/08\/DSC_0372-1-768x512.jpg 768w, https:\/\/crc.org.ar\/w\/wp-content\/uploads\/2022\/08\/DSC_0372-1-1536x1025.jpg 1536w\" sizes=\"(max-width: 1799px) 100vw, 1799px\" \/><\/a><\/figure>\n\n\n\n<figure class=\"wp-block-image size-full\"><a href=\"https:\/\/crc.org.ar\/w\/wp-content\/uploads\/2022\/08\/DSC_0380.jpg\"><img loading=\"lazy\" decoding=\"async\" width=\"1913\" height=\"1277\" data-id=\"33549\" src=\"https:\/\/crc.org.ar\/w\/wp-content\/uploads\/2022\/08\/DSC_0380.jpg\" alt=\"\" class=\"wp-image-33549\" srcset=\"https:\/\/crc.org.ar\/w\/wp-content\/uploads\/2022\/08\/DSC_0380.jpg 1913w, https:\/\/crc.org.ar\/w\/wp-content\/uploads\/2022\/08\/DSC_0380-300x200.jpg 300w, https:\/\/crc.org.ar\/w\/wp-content\/uploads\/2022\/08\/DSC_0380-768x513.jpg 768w, https:\/\/crc.org.ar\/w\/wp-content\/uploads\/2022\/08\/DSC_0380-1536x1025.jpg 1536w\" sizes=\"(max-width: 1913px) 100vw, 1913px\" \/><\/a><\/figure>\n\n\n\n<figure class=\"wp-block-image size-full\"><a href=\"https:\/\/crc.org.ar\/w\/wp-content\/uploads\/2022\/08\/DSC_0455.jpg\"><img loading=\"lazy\" decoding=\"async\" width=\"2075\" height=\"1386\" data-id=\"33548\" src=\"https:\/\/crc.org.ar\/w\/wp-content\/uploads\/2022\/08\/DSC_0455.jpg\" alt=\"\" class=\"wp-image-33548\" srcset=\"https:\/\/crc.org.ar\/w\/wp-content\/uploads\/2022\/08\/DSC_0455.jpg 2075w, https:\/\/crc.org.ar\/w\/wp-content\/uploads\/2022\/08\/DSC_0455-300x200.jpg 300w, https:\/\/crc.org.ar\/w\/wp-content\/uploads\/2022\/08\/DSC_0455-2048x1368.jpg 2048w, https:\/\/crc.org.ar\/w\/wp-content\/uploads\/2022\/08\/DSC_0455-768x513.jpg 768w, https:\/\/crc.org.ar\/w\/wp-content\/uploads\/2022\/08\/DSC_0455-1536x1026.jpg 1536w\" sizes=\"(max-width: 2075px) 100vw, 2075px\" \/><\/a><\/figure>\n\n\n\n<figure class=\"wp-block-image size-full\"><a href=\"https:\/\/crc.org.ar\/w\/wp-content\/uploads\/2022\/08\/DSC_0418.jpg\"><img loading=\"lazy\" decoding=\"async\" width=\"1632\" height=\"1089\" data-id=\"33546\" src=\"https:\/\/crc.org.ar\/w\/wp-content\/uploads\/2022\/08\/DSC_0418.jpg\" alt=\"\" class=\"wp-image-33546\" srcset=\"https:\/\/crc.org.ar\/w\/wp-content\/uploads\/2022\/08\/DSC_0418.jpg 1632w, https:\/\/crc.org.ar\/w\/wp-content\/uploads\/2022\/08\/DSC_0418-300x200.jpg 300w, https:\/\/crc.org.ar\/w\/wp-content\/uploads\/2022\/08\/DSC_0418-768x512.jpg 768w, https:\/\/crc.org.ar\/w\/wp-content\/uploads\/2022\/08\/DSC_0418-1536x1025.jpg 1536w\" sizes=\"(max-width: 1632px) 100vw, 1632px\" \/><\/a><\/figure>\n\n\n\n<figure class=\"wp-block-image size-full\"><a href=\"https:\/\/crc.org.ar\/w\/wp-content\/uploads\/2022\/08\/DSC_0422.jpg\"><img loading=\"lazy\" decoding=\"async\" width=\"1357\" height=\"906\" data-id=\"33545\" src=\"https:\/\/crc.org.ar\/w\/wp-content\/uploads\/2022\/08\/DSC_0422.jpg\" alt=\"\" class=\"wp-image-33545\" srcset=\"https:\/\/crc.org.ar\/w\/wp-content\/uploads\/2022\/08\/DSC_0422.jpg 1357w, https:\/\/crc.org.ar\/w\/wp-content\/uploads\/2022\/08\/DSC_0422-300x200.jpg 300w, https:\/\/crc.org.ar\/w\/wp-content\/uploads\/2022\/08\/DSC_0422-768x513.jpg 768w\" sizes=\"(max-width: 1357px) 100vw, 1357px\" \/><\/a><\/figure>\n<\/figure>\n\n\n\n<h2 class=\"has-text-align-center wp-block-heading\"><strong>Los resultados de la fecha<\/strong><\/h2>\n\n\n\n<p><strong>Estadio Rafael Ca\u00f1ete<\/strong><\/p>\n\n\n\n<p>Alvear 64 \u2013 95 Ping\u00fcinos<\/p>\n\n\n\n<p>H\u00e9rcules 65 \u2013 52 Regatas<\/p>\n\n\n\n<p><strong>Estadio Jorge Desagastiz\u00e1bal<\/strong><\/p>\n\n\n\n<p>Col\u00f3n 59 \u2013 81 San Mart\u00edn<\/p>\n\n\n\n<p>Juventus 55 \u2013 62 C\u00f3rdoba<\/p>\n\n\n\n<h2 class=\"has-text-align-center wp-block-heading\"><strong>La s\u00edntesis:<\/strong><\/h2>\n\n\n\n<p><strong>H\u00e9rcules (65): <\/strong>Mat\u00edas N\u00fa\u00f1ez 3, Daniel Gauna 23, Lautaro B\u00e1ez 10, Pablo Brocal 12 y Nicanor Barrios 4 (FI); Enzo Alvaredo 6 (X), Bautista Fornies 0, Renzo Barrios 7 y Tom\u00e1s Silva 0.<\/p>\n\n\n\n<p><strong>DT: <\/strong>Javier Skiarski.<\/p>\n\n\n\n<p><strong>Regatas (52): <\/strong>Tob\u00e1is Franchela 10, Fabio Gauto 7, Juan Cruz Scacchi 12, Joaqu\u00edn Marc\u00f3n 5 (X) y Rey Abad 6 (FI); Juan Peral 0, Franco Zalazar 4, Santiago Fiorio 0 y Francisco Ferraro 8.<\/p>\n\n\n\n<p><strong>DT: <\/strong>Diego Checenelli.<\/p>\n\n\n\n<p><strong>Parciales: <\/strong>15\/17, 33\/28 (18\/11), 41\/41 (8\/13), 65\/52 (24\/11).<\/p>\n\n\n\n<p><strong>Jueces: <\/strong>Leandro Lencina y Joaqu\u00edn L\u00f3pez.<\/p>\n\n\n\n<p><strong>Estadio: <\/strong>Rafael Ca\u00f1ete.<\/p>\n","protected":false},"excerpt":{"rendered":"<p>(S\u00e1bado 27 de agosto de 2022). Regatas Corrientes cay\u00f3 por primera vez em el torneo oficial. Fue frente a H\u00e9rcules como visitante 65-52. En la noche del viernes, por la cuarta fecha del Torneo Oficial de la ABCC, el Club de Regatas Corrientes no pudo frente a H\u00e9rcules, y cay\u00f3 como visitante. Fue la primera &hellip;<\/p>\n","protected":false},"author":6,"featured_media":33544,"comment_status":"closed","ping_status":"closed","sticky":false,"template":"","format":"standard","meta":{"footnotes":""},"categories":[80,66,156],"tags":[],"_links":{"self":[{"href":"https:\/\/crc.org.ar\/w\/wp-json\/wp\/v2\/posts\/33543"}],"collection":[{"href":"https:\/\/crc.org.ar\/w\/wp-json\/wp\/v2\/posts"}],"about":[{"href":"https:\/\/crc.org.ar\/w\/wp-json\/wp\/v2\/types\/post"}],"author":[{"embeddable":true,"href":"https:\/\/crc.org.ar\/w\/wp-json\/wp\/v2\/users\/6"}],"replies":[{"embeddable":true,"href":"https:\/\/crc.org.ar\/w\/wp-json\/wp\/v2\/comments?post=33543"}],"version-history":[{"count":1,"href":"https:\/\/crc.org.ar\/w\/wp-json\/wp\/v2\/posts\/33543\/revisions"}],"predecessor-version":[{"id":33550,"href":"https:\/\/crc.org.ar\/w\/wp-json\/wp\/v2\/posts\/33543\/revisions\/33550"}],"wp:featuredmedia":[{"embeddable":true,"href":"https:\/\/crc.org.ar\/w\/wp-json\/wp\/v2\/media\/33544"}],"wp:attachment":[{"href":"https:\/\/crc.org.ar\/w\/wp-json\/wp\/v2\/media?parent=33543"}],"wp:term":[{"taxonomy":"category","embeddable":true,"href":"https:\/\/crc.org.ar\/w\/wp-json\/wp\/v2\/categories?post=33543"},{"taxonomy":"post_tag","embeddable":true,"href":"https:\/\/crc.org.ar\/w\/wp-json\/wp\/v2\/tags?post=33543"}],"curies":[{"name":"wp","href":"https:\/\/api.w.org\/{rel}","templated":true}]}}