{"id":33610,"date":"2022-09-01T11:52:22","date_gmt":"2022-09-01T14:52:22","guid":{"rendered":"https:\/\/crc.org.ar\/w\/?p=33610"},"modified":"2022-09-01T11:52:24","modified_gmt":"2022-09-01T14:52:24","slug":"el-remero-quiere-recuperarse-en-el-clasico-del-parque","status":"publish","type":"post","link":"https:\/\/crc.org.ar\/w\/el-remero-quiere-recuperarse-en-el-clasico-del-parque\/","title":{"rendered":"El Remero quiere recuperarse en el cl\u00e1sico del parque"},"content":{"rendered":"\n<p>(Jueves 1 de septiembre de 2022). Regatas Corrientes se medir\u00e1 con Alvear en una nueva edici\u00f3n del cl\u00e1sico del parque Mitre. El Remero quiere volver al triunfo tras su primera derrota en el certamen.<\/p>\n\n\n\n<!--more-->\n\n\n\n<figure class=\"wp-block-image alignfull size-large\"><img decoding=\"async\" src=\"https:\/\/crc.org.ar\/w\/wp-content\/uploads\/2022\/09\/DSC_0073-2048x1367.jpg\" alt=\"\" class=\"wp-image-33611\"\/><figcaption>Franco Zalazar (capit\u00e1n)<\/figcaption><\/figure>\n\n\n\n<p>El viernes por la noche en el estadio Jos\u00e9 Jorge Contte el Club de Regatas Corrientes estar\u00e1 recibiendo a su cl\u00e1sico del parque Mitre, el Club Alvear. El duelo ser\u00e1 correspondiente a la 5\u00b0 fecha del Torneo Oficial de la ABCC. &nbsp;&nbsp;<\/p>\n\n\n\n<p>El duelo iniciar\u00e1 a las 21:30, y ser\u00e1 el \u00fanico juego de Primera Divisi\u00f3n en el Estadio de los Sue\u00f1os.<\/p>\n\n\n\n<p>El equipo Fantasma buscar\u00e1 volver a levantar la cabeza luego de su primera ca\u00edda en el campeonato frente a H\u00e9rcules la pasada semana por 65-52. Con la derrota, adem\u00e1s de perder el invicto, cay\u00f3 relegado a la segunda posici\u00f3n en la tabla que coronar\u00e1 al campe\u00f3n de la Copa Desagastiz\u00e1bal.<\/p>\n\n\n\n<p>El Remero hab\u00eda comenzado el certamen de muy buena forma, venciendo a tres rivales dur\u00edsimos. En la primera fecha le gan\u00f3 a Ping\u00fcinos 91-86, luego hizo lo propio con Juventus 80-54 y en la tercera le gan\u00f3 a C\u00f3rdoba 102-64.<\/p>\n\n\n\n<p>Por su lado, Alvear viene bastante golpeado, con un arranque irregular. El Celeste se ubica 7\u00b0 con una victoria y tres derrotas. Cay\u00f3 con Juventus en el debut 61-74, luego venci\u00f3 a Col\u00f3n 77-72, y a continuaci\u00f3n sum\u00f3 dos derrotas en fila: 80-50 contra san Mart\u00edn, y 64-95 con Ping\u00fcinos en la pasada jornada.<\/p>\n\n\n\n<p>En cuanto a los antecedentes, el m\u00e1s cercano se remonta a la segunda fecha de la Copa Palacio pasada el jueves 31 de marzo, donde el Remero dobleg\u00f3 a su rival por 76-39. La \u00faltima victoria de Alvear sobre Regatas fue en la s\u00e9ptima fecha del Torneo Oficial 2019 por 60-56.<\/p>\n\n\n\n<p>La 5\u00b0 jornada dar\u00e1 inicio el jueves por la noche con el adelantado entre C\u00f3rdoba y H\u00e9rcules desde las 21:30. El viernes en el Fort\u00edn Rojinegro jugar\u00e1n Ping\u00fcinos contra Col\u00f3n desde las 21, y al t\u00e9rmino el local ir\u00e1 con Juventus.<\/p>\n\n\n\n<h2 class=\"has-text-align-center wp-block-heading\"><strong>Programaci\u00f3n<\/strong><\/h2>\n\n\n\n<p><strong>Jueves<\/strong><\/p>\n\n\n\n<p><strong>Estadio Mariano Andino Igarz\u00e1bal<\/strong><\/p>\n\n\n\n<p>21:30: C\u00f3rdoba vs H\u00e9rcules<\/p>\n\n\n\n<p><strong>Viernes<\/strong><\/p>\n\n\n\n<p><strong>Estadio Fort\u00edn Rojinegro<\/strong><\/p>\n\n\n\n<p>21: Ping\u00fcinos vs Col\u00f3n<\/p>\n\n\n\n<p>22:30: San Mart\u00edn Juventus<\/p>\n\n\n\n<p><strong>Jos\u00e9 Jorge Contte<\/strong><\/p>\n\n\n\n<p>21:30: Regatas vs Alvear<\/p>\n","protected":false},"excerpt":{"rendered":"<p>(Jueves 1 de septiembre de 2022). Regatas Corrientes se medir\u00e1 con Alvear en una nueva edici\u00f3n del cl\u00e1sico del parque Mitre. El Remero quiere volver al triunfo tras su primera derrota en el certamen. Franco Zalazar (capit\u00e1n) El viernes por la noche en el estadio Jos\u00e9 Jorge Contte el Club de Regatas Corrientes estar\u00e1 recibiendo &hellip;<\/p>\n","protected":false},"author":6,"featured_media":33611,"comment_status":"closed","ping_status":"closed","sticky":false,"template":"","format":"standard","meta":{"footnotes":""},"categories":[80,66,156],"tags":[],"_links":{"self":[{"href":"https:\/\/crc.org.ar\/w\/wp-json\/wp\/v2\/posts\/33610"}],"collection":[{"href":"https:\/\/crc.org.ar\/w\/wp-json\/wp\/v2\/posts"}],"about":[{"href":"https:\/\/crc.org.ar\/w\/wp-json\/wp\/v2\/types\/post"}],"author":[{"embeddable":true,"href":"https:\/\/crc.org.ar\/w\/wp-json\/wp\/v2\/users\/6"}],"replies":[{"embeddable":true,"href":"https:\/\/crc.org.ar\/w\/wp-json\/wp\/v2\/comments?post=33610"}],"version-history":[{"count":1,"href":"https:\/\/crc.org.ar\/w\/wp-json\/wp\/v2\/posts\/33610\/revisions"}],"predecessor-version":[{"id":33612,"href":"https:\/\/crc.org.ar\/w\/wp-json\/wp\/v2\/posts\/33610\/revisions\/33612"}],"wp:featuredmedia":[{"embeddable":true,"href":"https:\/\/crc.org.ar\/w\/wp-json\/wp\/v2\/media\/33611"}],"wp:attachment":[{"href":"https:\/\/crc.org.ar\/w\/wp-json\/wp\/v2\/media?parent=33610"}],"wp:term":[{"taxonomy":"category","embeddable":true,"href":"https:\/\/crc.org.ar\/w\/wp-json\/wp\/v2\/categories?post=33610"},{"taxonomy":"post_tag","embeddable":true,"href":"https:\/\/crc.org.ar\/w\/wp-json\/wp\/v2\/tags?post=33610"}],"curies":[{"name":"wp","href":"https:\/\/api.w.org\/{rel}","templated":true}]}}