{"id":33617,"date":"2022-08-31T12:30:25","date_gmt":"2022-08-31T15:30:25","guid":{"rendered":"https:\/\/crc.org.ar\/w\/?p=33617"},"modified":"2022-09-05T12:15:45","modified_gmt":"2022-09-05T15:15:45","slug":"remeros-presentes-en-la-regata-oficial-aniversario-de-la-escuela-naval","status":"publish","type":"post","link":"https:\/\/crc.org.ar\/w\/remeros-presentes-en-la-regata-oficial-aniversario-de-la-escuela-naval\/","title":{"rendered":"Remeros presentes en la Regata Oficial Aniversario de la Escuela Naval"},"content":{"rendered":"\n<p>(Viernes 2 de septiembre de 2022). <strong>Agostina Manzotti, Natalia Ch\u00e1vez<\/strong> y <strong>Tom\u00e1s Romero<\/strong> competir\u00e1n en La Plata en la Regata \u201c150\u00b0 Aniversario de la Escuela Naval Argentina\u201d.<\/p>\n\n\n\n<!--more-->\n\n\n\n<figure class=\"wp-block-image alignwide size-full\"><img loading=\"lazy\" decoding=\"async\" width=\"1382\" height=\"983\" src=\"https:\/\/crc.org.ar\/w\/wp-content\/uploads\/2022\/09\/WhatsApp-Image-2022-09-02-at-11.28.18.jpeg\" alt=\"\" class=\"wp-image-33619\" srcset=\"https:\/\/crc.org.ar\/w\/wp-content\/uploads\/2022\/09\/WhatsApp-Image-2022-09-02-at-11.28.18.jpeg 1382w, https:\/\/crc.org.ar\/w\/wp-content\/uploads\/2022\/09\/WhatsApp-Image-2022-09-02-at-11.28.18-300x213.jpeg 300w, https:\/\/crc.org.ar\/w\/wp-content\/uploads\/2022\/09\/WhatsApp-Image-2022-09-02-at-11.28.18-768x546.jpeg 768w\" sizes=\"(max-width: 1382px) 100vw, 1382px\" \/><\/figure>\n\n\n\n<p>El s\u00e1bado y domingo en la ciudad de La Plata se estar\u00e1 llevando adelante la Regata Oficial \u201c150\u00b0 Aniversario de la Escuela Naval Argentina\u201d, en donde estar\u00e1n participando tres deportistas del Club de Regatas Corrientes.<\/p>\n\n\n\n<p>De la competencia ser\u00e1n parte <strong>Agostina Manzotti, Natalia Ch\u00e1vez <\/strong>y<strong> Tom\u00e1s Romero<\/strong>, quienes forman parte del plantel Oficial del club del parque Mitre. La delegaci\u00f3n est\u00e1 acompa\u00f1ada por <strong>Harris Gonz\u00e1lez Escobar<\/strong>, entrenador y coordinador de la disciplina.<\/p>\n\n\n\n<p>La Regata Oficial estar\u00e1 organizada y fiscalizada por la Comisi\u00f3n de Regatas Internacionales del Centro Oeste (CRICO), y est\u00e1 dentro del calendario de competencias de la AARA.<\/p>\n\n\n\n<p>El torneo se desarrollar\u00e1 en la cancha del Club de Regatas La Plata, ubicado en Bruno M. Zabala en Ensenada, en el Delta del R\u00edo Santiago.<\/p>\n\n\n<div class=\"wp-block-image\">\n<figure class=\"aligncenter size-full is-resized\"><img loading=\"lazy\" decoding=\"async\" src=\"https:\/\/crc.org.ar\/w\/wp-content\/uploads\/2022\/09\/WhatsApp-Image-2022-09-02-at-11.28.17.jpeg\" alt=\"\" class=\"wp-image-33620\" width=\"498\" height=\"372\"\/><\/figure><\/div>\n\n\n<p>La delegaci\u00f3n regatense arrib\u00f3 el jueves a la capital bonaerense y aprovech\u00f3 para conocer la ciudad, y el club. El viernes por la ma\u00f1ana pudieron llevar adelante entrenamientos en la cede del Club de Regatas La Plata.<\/p>\n\n\n\n<p>De este modo, el equipo de Regatas Corrientes vuelve a sumar experiencia y a tener rodaje en un importante evento a nivel nacional, donde estar\u00e1n compitiendo remeros de diversos clubes de todo el pa\u00eds, celebrando un nuevo aniversario de la Escuela Naval.<\/p>\n\n\n\n<h2 class=\"has-text-align-center wp-block-heading\"><strong>Manzotti en el proceso selectivo 2023<\/strong><\/h2>\n\n\n<div class=\"wp-block-image\">\n<figure class=\"aligncenter size-full is-resized\"><img loading=\"lazy\" decoding=\"async\" src=\"https:\/\/crc.org.ar\/w\/wp-content\/uploads\/2022\/09\/WhatsApp-Image-2022-09-02-at-12.29.07.jpeg\" alt=\"\" class=\"wp-image-33621\" width=\"552\" height=\"280\" srcset=\"https:\/\/crc.org.ar\/w\/wp-content\/uploads\/2022\/09\/WhatsApp-Image-2022-09-02-at-12.29.07.jpeg 720w, https:\/\/crc.org.ar\/w\/wp-content\/uploads\/2022\/09\/WhatsApp-Image-2022-09-02-at-12.29.07-300x152.jpeg 300w\" sizes=\"(max-width: 552px) 100vw, 552px\" \/><figcaption>Manzotti y Ch\u00e1vez<\/figcaption><\/figure><\/div>\n\n\n<p>La remera del Club de Regatas Corrientes, <strong>Agostina Manzotti, <\/strong>ha sido elegida por la Asociaci\u00f3n Argentina de Remeros Aficionados (AARA) para integrar el proceso selectivo 2023 Junior y Sub23.<\/p>\n\n\n\n<p>La joven correntina de 20 a\u00f1os estar\u00e1 participando de la evaluaci\u00f3n en agua en una prueba de 2000m el pr\u00f3ximo 22 de septiembre en la Pista Nacional de Remo en Tigre.<\/p>\n\n\n\n<p>Esto marca un importante paso para la instituci\u00f3n, para el remo y para el deporte correntino, ya que despu\u00e9s de tantos a\u00f1os vuelve a haber un atleta en consideraci\u00f3n para representar al pa\u00eds en posibles competencias.<\/p>\n","protected":false},"excerpt":{"rendered":"<p>(Viernes 2 de septiembre de 2022). Agostina Manzotti, Natalia Ch\u00e1vez y Tom\u00e1s Romero competir\u00e1n en La Plata en la Regata \u201c150\u00b0 Aniversario de la Escuela Naval Argentina\u201d. El s\u00e1bado y domingo en la ciudad de La Plata se estar\u00e1 llevando adelante la Regata Oficial \u201c150\u00b0 Aniversario de la Escuela Naval Argentina\u201d, en donde estar\u00e1n participando &hellip;<\/p>\n","protected":false},"author":6,"featured_media":33620,"comment_status":"closed","ping_status":"closed","sticky":false,"template":"","format":"standard","meta":{"footnotes":""},"categories":[156,18],"tags":[],"_links":{"self":[{"href":"https:\/\/crc.org.ar\/w\/wp-json\/wp\/v2\/posts\/33617"}],"collection":[{"href":"https:\/\/crc.org.ar\/w\/wp-json\/wp\/v2\/posts"}],"about":[{"href":"https:\/\/crc.org.ar\/w\/wp-json\/wp\/v2\/types\/post"}],"author":[{"embeddable":true,"href":"https:\/\/crc.org.ar\/w\/wp-json\/wp\/v2\/users\/6"}],"replies":[{"embeddable":true,"href":"https:\/\/crc.org.ar\/w\/wp-json\/wp\/v2\/comments?post=33617"}],"version-history":[{"count":1,"href":"https:\/\/crc.org.ar\/w\/wp-json\/wp\/v2\/posts\/33617\/revisions"}],"predecessor-version":[{"id":33622,"href":"https:\/\/crc.org.ar\/w\/wp-json\/wp\/v2\/posts\/33617\/revisions\/33622"}],"wp:featuredmedia":[{"embeddable":true,"href":"https:\/\/crc.org.ar\/w\/wp-json\/wp\/v2\/media\/33620"}],"wp:attachment":[{"href":"https:\/\/crc.org.ar\/w\/wp-json\/wp\/v2\/media?parent=33617"}],"wp:term":[{"taxonomy":"category","embeddable":true,"href":"https:\/\/crc.org.ar\/w\/wp-json\/wp\/v2\/categories?post=33617"},{"taxonomy":"post_tag","embeddable":true,"href":"https:\/\/crc.org.ar\/w\/wp-json\/wp\/v2\/tags?post=33617"}],"curies":[{"name":"wp","href":"https:\/\/api.w.org\/{rel}","templated":true}]}}