{"id":33629,"date":"2022-09-05T11:20:51","date_gmt":"2022-09-05T14:20:51","guid":{"rendered":"https:\/\/crc.org.ar\/w\/?p=33629"},"modified":"2022-09-05T11:24:22","modified_gmt":"2022-09-05T14:24:22","slug":"el-remero-volvio-a-la-senda-de-la-victoria","status":"publish","type":"post","link":"https:\/\/crc.org.ar\/w\/el-remero-volvio-a-la-senda-de-la-victoria\/","title":{"rendered":"El Remero volvi\u00f3 a la senda de la victoria"},"content":{"rendered":"\n<p>(S\u00e1bado 3 de septiembre de 2022). Regatas Corrientes se recuper\u00f3 venciendo en el cl\u00e1sico del parque Mitre a Alvear por 79-40. Con el triunfo volvi\u00f3 a la punta.<\/p>\n\n\n\n<!--more-->\n\n\n\n<figure class=\"wp-block-image alignfull size-large\"><img loading=\"lazy\" decoding=\"async\" width=\"2048\" height=\"1246\" src=\"https:\/\/crc.org.ar\/w\/wp-content\/uploads\/2022\/09\/DSC_0036-2048x1246.jpg\" alt=\"\" class=\"wp-image-33630\" srcset=\"https:\/\/crc.org.ar\/w\/wp-content\/uploads\/2022\/09\/DSC_0036-2048x1246.jpg 2048w, https:\/\/crc.org.ar\/w\/wp-content\/uploads\/2022\/09\/DSC_0036-300x182.jpg 300w, https:\/\/crc.org.ar\/w\/wp-content\/uploads\/2022\/09\/DSC_0036-768x467.jpg 768w, https:\/\/crc.org.ar\/w\/wp-content\/uploads\/2022\/09\/DSC_0036-1536x934.jpg 1536w\" sizes=\"(max-width: 2048px) 100vw, 2048px\" \/><\/figure>\n\n\n\n<p>El viernes por la noche en el Jos\u00e9 Jorge Contte se jug\u00f3 la 5\u00b0 fecha del Torneo Oficial de la ABCC, en donde el Club de Regatas Corrientes dio cuenta del Club Alvear de manera c\u00f3moda, para as\u00ed recuperarse y volver a trepar a la cima de la tabla de posiciones.<\/p>\n\n\n\n<p>El Remero domin\u00f3 el encuentro de comienzo a fin, pudo rotar el equipo, y darles minutos a todos sus jugadores. Alvear nunca encontr\u00f3 el camino ofensivo, lo que le permiti\u00f3 a Regatas sentirse c\u00f3modo en el parqu\u00e9 durante los 40 minutos. Adem\u00e1s, no fueron de la partida <strong>Franchela, Scacchi, Abad, <\/strong>y <strong>Marc\u00f3n.<\/strong><\/p>\n\n\n\n<p>El primer parcial del juego fue el m\u00e1s parejo del juego, finalizando 13-10 en favor del local. Luego, el Fantasma logr\u00f3 acentarse y despegarse, llev\u00e1ndose el primer tiempo 36-22. El tercer cuarto las cosas terminaron de acomodarse en favor de Regatas, quedando 62-30, y luego, el cuarto final favoreci\u00f3 a los Remeros 17-10 (79-40).<\/p>\n\n\n\n<p>La pr\u00f3xima fecha, el equipo dirigido por <strong>Diego Checenelli <\/strong>querr\u00e1 seguir comandado el certamen cuando se mida con Col\u00f3n.<\/p>\n\n\n\n<figure class=\"wp-block-gallery alignfull has-nested-images columns-4 is-cropped wp-block-gallery-1 is-layout-flex wp-block-gallery-is-layout-flex\">\n<figure class=\"wp-block-image size-full\"><a href=\"https:\/\/crc.org.ar\/w\/wp-content\/uploads\/2022\/09\/DSC_0012.jpg\"><img loading=\"lazy\" decoding=\"async\" width=\"1644\" height=\"1004\" data-id=\"33634\" src=\"https:\/\/crc.org.ar\/w\/wp-content\/uploads\/2022\/09\/DSC_0012.jpg\" alt=\"\" class=\"wp-image-33634\" srcset=\"https:\/\/crc.org.ar\/w\/wp-content\/uploads\/2022\/09\/DSC_0012.jpg 1644w, https:\/\/crc.org.ar\/w\/wp-content\/uploads\/2022\/09\/DSC_0012-300x183.jpg 300w, https:\/\/crc.org.ar\/w\/wp-content\/uploads\/2022\/09\/DSC_0012-768x469.jpg 768w, https:\/\/crc.org.ar\/w\/wp-content\/uploads\/2022\/09\/DSC_0012-1536x938.jpg 1536w\" sizes=\"(max-width: 1644px) 100vw, 1644px\" \/><\/a><\/figure>\n\n\n\n<figure class=\"wp-block-image size-full\"><a href=\"https:\/\/crc.org.ar\/w\/wp-content\/uploads\/2022\/09\/DSC_0019.jpg\"><img loading=\"lazy\" decoding=\"async\" width=\"1646\" height=\"1011\" data-id=\"33632\" src=\"https:\/\/crc.org.ar\/w\/wp-content\/uploads\/2022\/09\/DSC_0019.jpg\" alt=\"\" class=\"wp-image-33632\" srcset=\"https:\/\/crc.org.ar\/w\/wp-content\/uploads\/2022\/09\/DSC_0019.jpg 1646w, https:\/\/crc.org.ar\/w\/wp-content\/uploads\/2022\/09\/DSC_0019-300x184.jpg 300w, https:\/\/crc.org.ar\/w\/wp-content\/uploads\/2022\/09\/DSC_0019-768x472.jpg 768w, https:\/\/crc.org.ar\/w\/wp-content\/uploads\/2022\/09\/DSC_0019-1536x943.jpg 1536w\" sizes=\"(max-width: 1646px) 100vw, 1646px\" \/><\/a><\/figure>\n\n\n\n<figure class=\"wp-block-image size-full\"><a href=\"https:\/\/crc.org.ar\/w\/wp-content\/uploads\/2022\/09\/DSC_0030.jpg\"><img loading=\"lazy\" decoding=\"async\" width=\"1587\" height=\"986\" data-id=\"33637\" src=\"https:\/\/crc.org.ar\/w\/wp-content\/uploads\/2022\/09\/DSC_0030.jpg\" alt=\"\" class=\"wp-image-33637\" srcset=\"https:\/\/crc.org.ar\/w\/wp-content\/uploads\/2022\/09\/DSC_0030.jpg 1587w, https:\/\/crc.org.ar\/w\/wp-content\/uploads\/2022\/09\/DSC_0030-300x186.jpg 300w, https:\/\/crc.org.ar\/w\/wp-content\/uploads\/2022\/09\/DSC_0030-768x477.jpg 768w, https:\/\/crc.org.ar\/w\/wp-content\/uploads\/2022\/09\/DSC_0030-1536x954.jpg 1536w\" sizes=\"(max-width: 1587px) 100vw, 1587px\" \/><\/a><\/figure>\n\n\n\n<figure class=\"wp-block-image size-full\"><a href=\"https:\/\/crc.org.ar\/w\/wp-content\/uploads\/2022\/09\/DSC_0038.jpg\"><img loading=\"lazy\" decoding=\"async\" width=\"2248\" height=\"1500\" data-id=\"33639\" src=\"https:\/\/crc.org.ar\/w\/wp-content\/uploads\/2022\/09\/DSC_0038.jpg\" alt=\"\" class=\"wp-image-33639\" srcset=\"https:\/\/crc.org.ar\/w\/wp-content\/uploads\/2022\/09\/DSC_0038.jpg 2248w, https:\/\/crc.org.ar\/w\/wp-content\/uploads\/2022\/09\/DSC_0038-300x200.jpg 300w, https:\/\/crc.org.ar\/w\/wp-content\/uploads\/2022\/09\/DSC_0038-2048x1367.jpg 2048w, https:\/\/crc.org.ar\/w\/wp-content\/uploads\/2022\/09\/DSC_0038-768x512.jpg 768w, https:\/\/crc.org.ar\/w\/wp-content\/uploads\/2022\/09\/DSC_0038-1536x1025.jpg 1536w\" sizes=\"(max-width: 2248px) 100vw, 2248px\" \/><\/a><\/figure>\n\n\n\n<figure class=\"wp-block-image size-full\"><a href=\"https:\/\/crc.org.ar\/w\/wp-content\/uploads\/2022\/09\/DSC_0049.jpg\"><img loading=\"lazy\" decoding=\"async\" width=\"1645\" height=\"949\" data-id=\"33633\" src=\"https:\/\/crc.org.ar\/w\/wp-content\/uploads\/2022\/09\/DSC_0049.jpg\" alt=\"\" class=\"wp-image-33633\" srcset=\"https:\/\/crc.org.ar\/w\/wp-content\/uploads\/2022\/09\/DSC_0049.jpg 1645w, https:\/\/crc.org.ar\/w\/wp-content\/uploads\/2022\/09\/DSC_0049-300x173.jpg 300w, https:\/\/crc.org.ar\/w\/wp-content\/uploads\/2022\/09\/DSC_0049-768x443.jpg 768w, https:\/\/crc.org.ar\/w\/wp-content\/uploads\/2022\/09\/DSC_0049-1536x886.jpg 1536w\" sizes=\"(max-width: 1645px) 100vw, 1645px\" \/><\/a><\/figure>\n\n\n\n<figure class=\"wp-block-image size-full\"><a href=\"https:\/\/crc.org.ar\/w\/wp-content\/uploads\/2022\/09\/DSC_0050.jpg\"><img loading=\"lazy\" decoding=\"async\" width=\"1673\" height=\"923\" data-id=\"33635\" src=\"https:\/\/crc.org.ar\/w\/wp-content\/uploads\/2022\/09\/DSC_0050.jpg\" alt=\"\" class=\"wp-image-33635\" srcset=\"https:\/\/crc.org.ar\/w\/wp-content\/uploads\/2022\/09\/DSC_0050.jpg 1673w, https:\/\/crc.org.ar\/w\/wp-content\/uploads\/2022\/09\/DSC_0050-300x166.jpg 300w, https:\/\/crc.org.ar\/w\/wp-content\/uploads\/2022\/09\/DSC_0050-768x424.jpg 768w, https:\/\/crc.org.ar\/w\/wp-content\/uploads\/2022\/09\/DSC_0050-1536x847.jpg 1536w\" sizes=\"(max-width: 1673px) 100vw, 1673px\" \/><\/a><\/figure>\n\n\n\n<figure class=\"wp-block-image size-full\"><a href=\"https:\/\/crc.org.ar\/w\/wp-content\/uploads\/2022\/09\/DSC_0062.jpg\"><img loading=\"lazy\" decoding=\"async\" width=\"1985\" height=\"1295\" data-id=\"33636\" src=\"https:\/\/crc.org.ar\/w\/wp-content\/uploads\/2022\/09\/DSC_0062.jpg\" alt=\"\" class=\"wp-image-33636\" srcset=\"https:\/\/crc.org.ar\/w\/wp-content\/uploads\/2022\/09\/DSC_0062.jpg 1985w, https:\/\/crc.org.ar\/w\/wp-content\/uploads\/2022\/09\/DSC_0062-300x196.jpg 300w, https:\/\/crc.org.ar\/w\/wp-content\/uploads\/2022\/09\/DSC_0062-768x501.jpg 768w, https:\/\/crc.org.ar\/w\/wp-content\/uploads\/2022\/09\/DSC_0062-1536x1002.jpg 1536w\" sizes=\"(max-width: 1985px) 100vw, 1985px\" \/><\/a><\/figure>\n\n\n\n<figure class=\"wp-block-image size-full\"><a href=\"https:\/\/crc.org.ar\/w\/wp-content\/uploads\/2022\/09\/DSC_0069.jpg\"><img loading=\"lazy\" decoding=\"async\" width=\"1881\" height=\"1146\" data-id=\"33631\" src=\"https:\/\/crc.org.ar\/w\/wp-content\/uploads\/2022\/09\/DSC_0069.jpg\" alt=\"\" class=\"wp-image-33631\" srcset=\"https:\/\/crc.org.ar\/w\/wp-content\/uploads\/2022\/09\/DSC_0069.jpg 1881w, https:\/\/crc.org.ar\/w\/wp-content\/uploads\/2022\/09\/DSC_0069-300x183.jpg 300w, https:\/\/crc.org.ar\/w\/wp-content\/uploads\/2022\/09\/DSC_0069-768x468.jpg 768w, https:\/\/crc.org.ar\/w\/wp-content\/uploads\/2022\/09\/DSC_0069-1536x936.jpg 1536w\" sizes=\"(max-width: 1881px) 100vw, 1881px\" \/><\/a><\/figure>\n\n\n\n<figure class=\"wp-block-image size-full\"><a href=\"https:\/\/crc.org.ar\/w\/wp-content\/uploads\/2022\/09\/DSC_0091.jpg\"><img loading=\"lazy\" decoding=\"async\" width=\"1990\" height=\"1259\" data-id=\"33638\" src=\"https:\/\/crc.org.ar\/w\/wp-content\/uploads\/2022\/09\/DSC_0091.jpg\" alt=\"\" class=\"wp-image-33638\" srcset=\"https:\/\/crc.org.ar\/w\/wp-content\/uploads\/2022\/09\/DSC_0091.jpg 1990w, https:\/\/crc.org.ar\/w\/wp-content\/uploads\/2022\/09\/DSC_0091-300x190.jpg 300w, https:\/\/crc.org.ar\/w\/wp-content\/uploads\/2022\/09\/DSC_0091-768x486.jpg 768w, https:\/\/crc.org.ar\/w\/wp-content\/uploads\/2022\/09\/DSC_0091-1536x972.jpg 1536w\" sizes=\"(max-width: 1990px) 100vw, 1990px\" \/><\/a><\/figure>\n<\/figure>\n\n\n\n<h2 class=\"has-text-align-center wp-block-heading\"><strong>Los resultados<\/strong><\/h2>\n\n\n\n<p>C\u00f3rdoba 88-58 H\u00e9rcules<\/p>\n\n\n\n<p>Regatas 79-40 Alvear<\/p>\n\n\n\n<p>Pinguinos 67-71 Colon<\/p>\n\n\n\n<p>San Mart\u00edn 71-68 Juventus<\/p>\n\n\n\n<h2 class=\"has-text-align-center wp-block-heading\"><strong>La s\u00edntesis:<\/strong><\/h2>\n\n\n\n<p><strong>Regatas (79): <\/strong>Juan Peral 10, Valentino Yorda 6, Francisco Ferraro 9, Santiago Fiorio 5 y Franco Zalazar 10 (FI); Benjam\u00edn Marc\u00f3 11, Tiago Cutrona 5, Ezequiel Hena\u00edn 10, Enrique Medina 8, Juan Cruz Ferreyra 3 y Jos\u00e9 Rolnik 2.<\/p>\n\n\n\n<p><strong>DT: <\/strong>Diego Checenelli.<\/p>\n\n\n\n<p><strong>Alvear (40): <\/strong>Facundo P\u00e9rez 2, Samuel Sandobal 13, Conrado Romero 0, Valentino Bartoluzzi 0 y Hugo Rodr\u00edguez 11 (FI); Franco Zabala 7, Ignacio Rodr\u00edguez 6 (X), Salvador Luque 1, Amilcar Ocampo 0, Maximiliano Medina 0 y Mat\u00edas Aranda 0 (FI);<\/p>\n\n\n\n<p><strong>DT: <\/strong>Sebasti\u00e1n Mart\u00ednez.<\/p>\n\n\n\n<p><strong>Parciales: <\/strong>13\/10, 36\/22 (23\/12), 62\/30 (26\/8), 79\/40 (17\/10).<\/p>\n\n\n\n<p><strong>Jueces: <\/strong>Guido Estigarribia y Wilson Pedrozo.<\/p>\n\n\n\n<p><strong>Estadio: <\/strong>Jos\u00e9 Jorge Contte.<\/p>\n","protected":false},"excerpt":{"rendered":"<p>(S\u00e1bado 3 de septiembre de 2022). Regatas Corrientes se recuper\u00f3 venciendo en el cl\u00e1sico del parque Mitre a Alvear por 79-40. Con el triunfo volvi\u00f3 a la punta. El viernes por la noche en el Jos\u00e9 Jorge Contte se jug\u00f3 la 5\u00b0 fecha del Torneo Oficial de la ABCC, en donde el Club de Regatas &hellip;<\/p>\n","protected":false},"author":6,"featured_media":33641,"comment_status":"closed","ping_status":"closed","sticky":false,"template":"","format":"standard","meta":{"footnotes":""},"categories":[80,66,156],"tags":[],"_links":{"self":[{"href":"https:\/\/crc.org.ar\/w\/wp-json\/wp\/v2\/posts\/33629"}],"collection":[{"href":"https:\/\/crc.org.ar\/w\/wp-json\/wp\/v2\/posts"}],"about":[{"href":"https:\/\/crc.org.ar\/w\/wp-json\/wp\/v2\/types\/post"}],"author":[{"embeddable":true,"href":"https:\/\/crc.org.ar\/w\/wp-json\/wp\/v2\/users\/6"}],"replies":[{"embeddable":true,"href":"https:\/\/crc.org.ar\/w\/wp-json\/wp\/v2\/comments?post=33629"}],"version-history":[{"count":1,"href":"https:\/\/crc.org.ar\/w\/wp-json\/wp\/v2\/posts\/33629\/revisions"}],"predecessor-version":[{"id":33640,"href":"https:\/\/crc.org.ar\/w\/wp-json\/wp\/v2\/posts\/33629\/revisions\/33640"}],"wp:featuredmedia":[{"embeddable":true,"href":"https:\/\/crc.org.ar\/w\/wp-json\/wp\/v2\/media\/33641"}],"wp:attachment":[{"href":"https:\/\/crc.org.ar\/w\/wp-json\/wp\/v2\/media?parent=33629"}],"wp:term":[{"taxonomy":"category","embeddable":true,"href":"https:\/\/crc.org.ar\/w\/wp-json\/wp\/v2\/categories?post=33629"},{"taxonomy":"post_tag","embeddable":true,"href":"https:\/\/crc.org.ar\/w\/wp-json\/wp\/v2\/tags?post=33629"}],"curies":[{"name":"wp","href":"https:\/\/api.w.org\/{rel}","templated":true}]}}