{"id":33642,"date":"2022-09-05T12:10:42","date_gmt":"2022-09-05T15:10:42","guid":{"rendered":"https:\/\/crc.org.ar\/w\/?p=33642"},"modified":"2022-09-05T12:10:55","modified_gmt":"2022-09-05T15:10:55","slug":"destacada-actuacion-regatense-en-la-plata","status":"publish","type":"post","link":"https:\/\/crc.org.ar\/w\/destacada-actuacion-regatense-en-la-plata\/","title":{"rendered":"Destacada actuaci\u00f3n regatense en La Plata"},"content":{"rendered":"\n<p>(Lunes 5 de septiembre de 2022). <strong>Agostina Manzotti <\/strong>y <strong>Tom\u00e1s Romero <\/strong>se quedaron con primeros puestos en su categor\u00eda, mientras que <strong>Natalia Ch\u00e1vez <\/strong>qued\u00f3 a un paso del podio.<\/p>\n\n\n\n<!--more-->\n\n\n\n<figure class=\"wp-block-image alignfull size-full\"><img loading=\"lazy\" decoding=\"async\" width=\"1160\" height=\"868\" src=\"https:\/\/crc.org.ar\/w\/wp-content\/uploads\/2022\/09\/Equipo-CRC.jpeg\" alt=\"\" class=\"wp-image-33643\" srcset=\"https:\/\/crc.org.ar\/w\/wp-content\/uploads\/2022\/09\/Equipo-CRC.jpeg 1160w, https:\/\/crc.org.ar\/w\/wp-content\/uploads\/2022\/09\/Equipo-CRC-300x224.jpeg 300w, https:\/\/crc.org.ar\/w\/wp-content\/uploads\/2022\/09\/Equipo-CRC-768x575.jpeg 768w\" sizes=\"(max-width: 1160px) 100vw, 1160px\" \/><\/figure>\n\n\n\n<p>El equipo Oficial de remo del Club de Regatas Corrientes estuvo participando el pasado fin de semana de la Regata Oficial \u201c150\u00b0 Aniversario de la Escuela Naval Argentina\u201d. Hubo grandes desempe\u00f1os de los remeros regatenses.<\/p>\n\n\n<div class=\"wp-block-image\">\n<figure class=\"alignleft size-full is-resized\"><img loading=\"lazy\" decoding=\"async\" src=\"https:\/\/crc.org.ar\/w\/wp-content\/uploads\/2022\/09\/Manzotti-edited.jpeg\" alt=\"\" class=\"wp-image-33645\" width=\"223\" height=\"298\" srcset=\"https:\/\/crc.org.ar\/w\/wp-content\/uploads\/2022\/09\/Manzotti-edited.jpeg 434w, https:\/\/crc.org.ar\/w\/wp-content\/uploads\/2022\/09\/Manzotti-edited-225x300.jpeg 225w\" sizes=\"(max-width: 223px) 100vw, 223px\" \/><figcaption>Manzotti<\/figcaption><\/figure><\/div>\n\n\n<p><strong>Agostina Manzotti, <\/strong>recientemente confirmada en la lista de la preselecci\u00f3n de la AARA, se qued\u00f3 con el oro en el Single Sub23 Femenino. Por su parte, <strong>Tom\u00e1s Romero <\/strong>tambi\u00e9n se coron\u00f3 campe\u00f3n en el Single Intermedio Masculino. <strong>Natalia Ch\u00e1vez <\/strong>termin\u00f3 a un paso del podio, ya que repiti\u00f3 4\u00b0 puesto en Single Senior y en Single Peso Ligero.<\/p>\n\n\n\n<p>El certamen se desarroll\u00f3 en la cancha del Club Regatas La Plata, ubicado en Bruno M. Zabala en Ensenada, en el Delta del R\u00edo Santiago.<\/p>\n\n\n\n<p>La competencia enmarcada en los festejos de los 150 a\u00f1os de la Escuela Naval, tuvo gran participaci\u00f3n de remeros de todo el pa\u00eds, y form\u00f3 parte del calendario Oficial de la AARA. Estuvo organizada y fiscalizada por la Comisi\u00f3n de Regatas Internacionales de Centro Oeste (CRICO).<\/p>\n\n\n\n<p>El evento sirvi\u00f3 para que el plantel vuelva a medirse contra remeros de gran nivel y sigan sumando roce y rodaje en importantes cert\u00e1menes de \u00edndole nacional.<\/p>\n\n\n\n<figure class=\"wp-block-gallery alignfull has-nested-images columns-4 is-cropped wp-block-gallery-1 is-layout-flex wp-block-gallery-is-layout-flex\">\n<figure class=\"wp-block-image size-full\"><a href=\"https:\/\/crc.org.ar\/w\/wp-content\/uploads\/2022\/09\/Chavez.jpeg\"><img loading=\"lazy\" decoding=\"async\" width=\"1197\" height=\"1600\" data-id=\"33650\" src=\"https:\/\/crc.org.ar\/w\/wp-content\/uploads\/2022\/09\/Chavez.jpeg\" alt=\"\" class=\"wp-image-33650\" srcset=\"https:\/\/crc.org.ar\/w\/wp-content\/uploads\/2022\/09\/Chavez.jpeg 1197w, https:\/\/crc.org.ar\/w\/wp-content\/uploads\/2022\/09\/Chavez-224x300.jpeg 224w, https:\/\/crc.org.ar\/w\/wp-content\/uploads\/2022\/09\/Chavez-768x1027.jpeg 768w, https:\/\/crc.org.ar\/w\/wp-content\/uploads\/2022\/09\/Chavez-1149x1536.jpeg 1149w\" sizes=\"(max-width: 1197px) 100vw, 1197px\" \/><\/a><\/figure>\n\n\n\n<figure class=\"wp-block-image size-full\"><a href=\"https:\/\/crc.org.ar\/w\/wp-content\/uploads\/2022\/09\/Manzotti-2.jpeg\"><img loading=\"lazy\" decoding=\"async\" width=\"868\" height=\"1160\" data-id=\"33646\" src=\"https:\/\/crc.org.ar\/w\/wp-content\/uploads\/2022\/09\/Manzotti-2.jpeg\" alt=\"\" class=\"wp-image-33646\" srcset=\"https:\/\/crc.org.ar\/w\/wp-content\/uploads\/2022\/09\/Manzotti-2.jpeg 868w, https:\/\/crc.org.ar\/w\/wp-content\/uploads\/2022\/09\/Manzotti-2-224x300.jpeg 224w, https:\/\/crc.org.ar\/w\/wp-content\/uploads\/2022\/09\/Manzotti-2-768x1026.jpeg 768w\" sizes=\"(max-width: 868px) 100vw, 868px\" \/><\/a><\/figure>\n\n\n\n<figure class=\"wp-block-image size-full\"><a href=\"https:\/\/crc.org.ar\/w\/wp-content\/uploads\/2022\/09\/Manzotti-3.jpeg\"><img loading=\"lazy\" decoding=\"async\" width=\"868\" height=\"1160\" data-id=\"33648\" src=\"https:\/\/crc.org.ar\/w\/wp-content\/uploads\/2022\/09\/Manzotti-3.jpeg\" alt=\"\" class=\"wp-image-33648\" srcset=\"https:\/\/crc.org.ar\/w\/wp-content\/uploads\/2022\/09\/Manzotti-3.jpeg 868w, https:\/\/crc.org.ar\/w\/wp-content\/uploads\/2022\/09\/Manzotti-3-224x300.jpeg 224w, https:\/\/crc.org.ar\/w\/wp-content\/uploads\/2022\/09\/Manzotti-3-768x1026.jpeg 768w\" sizes=\"(max-width: 868px) 100vw, 868px\" \/><\/a><\/figure>\n\n\n\n<figure class=\"wp-block-image size-full\"><a href=\"https:\/\/crc.org.ar\/w\/wp-content\/uploads\/2022\/09\/Romero-2.jpeg\"><img loading=\"lazy\" decoding=\"async\" width=\"1197\" height=\"1600\" data-id=\"33651\" src=\"https:\/\/crc.org.ar\/w\/wp-content\/uploads\/2022\/09\/Romero-2.jpeg\" alt=\"\" class=\"wp-image-33651\" srcset=\"https:\/\/crc.org.ar\/w\/wp-content\/uploads\/2022\/09\/Romero-2.jpeg 1197w, https:\/\/crc.org.ar\/w\/wp-content\/uploads\/2022\/09\/Romero-2-224x300.jpeg 224w, https:\/\/crc.org.ar\/w\/wp-content\/uploads\/2022\/09\/Romero-2-768x1027.jpeg 768w, https:\/\/crc.org.ar\/w\/wp-content\/uploads\/2022\/09\/Romero-2-1149x1536.jpeg 1149w\" sizes=\"(max-width: 1197px) 100vw, 1197px\" \/><\/a><\/figure>\n\n\n\n<figure class=\"wp-block-image size-full\"><a href=\"https:\/\/crc.org.ar\/w\/wp-content\/uploads\/2022\/09\/Romero.jpeg\"><img loading=\"lazy\" decoding=\"async\" width=\"1197\" height=\"1600\" data-id=\"33647\" src=\"https:\/\/crc.org.ar\/w\/wp-content\/uploads\/2022\/09\/Romero.jpeg\" alt=\"\" class=\"wp-image-33647\" srcset=\"https:\/\/crc.org.ar\/w\/wp-content\/uploads\/2022\/09\/Romero.jpeg 1197w, https:\/\/crc.org.ar\/w\/wp-content\/uploads\/2022\/09\/Romero-224x300.jpeg 224w, https:\/\/crc.org.ar\/w\/wp-content\/uploads\/2022\/09\/Romero-768x1027.jpeg 768w, https:\/\/crc.org.ar\/w\/wp-content\/uploads\/2022\/09\/Romero-1149x1536.jpeg 1149w\" sizes=\"(max-width: 1197px) 100vw, 1197px\" \/><\/a><\/figure>\n\n\n\n<figure class=\"wp-block-image size-full\"><a href=\"https:\/\/crc.org.ar\/w\/wp-content\/uploads\/2022\/09\/WhatsApp-Image-2022-09-05-at-11.59.23-1.jpeg\"><img loading=\"lazy\" decoding=\"async\" width=\"1600\" height=\"1197\" data-id=\"33652\" src=\"https:\/\/crc.org.ar\/w\/wp-content\/uploads\/2022\/09\/WhatsApp-Image-2022-09-05-at-11.59.23-1.jpeg\" alt=\"\" class=\"wp-image-33652\" srcset=\"https:\/\/crc.org.ar\/w\/wp-content\/uploads\/2022\/09\/WhatsApp-Image-2022-09-05-at-11.59.23-1.jpeg 1600w, https:\/\/crc.org.ar\/w\/wp-content\/uploads\/2022\/09\/WhatsApp-Image-2022-09-05-at-11.59.23-1-300x224.jpeg 300w, https:\/\/crc.org.ar\/w\/wp-content\/uploads\/2022\/09\/WhatsApp-Image-2022-09-05-at-11.59.23-1-768x575.jpeg 768w, https:\/\/crc.org.ar\/w\/wp-content\/uploads\/2022\/09\/WhatsApp-Image-2022-09-05-at-11.59.23-1-1536x1149.jpeg 1536w\" sizes=\"(max-width: 1600px) 100vw, 1600px\" \/><\/a><\/figure>\n\n\n\n<figure class=\"wp-block-image size-full\"><a href=\"https:\/\/crc.org.ar\/w\/wp-content\/uploads\/2022\/09\/WhatsApp-Image-2022-09-05-at-11.59.24.jpeg\"><img loading=\"lazy\" decoding=\"async\" width=\"1600\" height=\"1197\" data-id=\"33649\" src=\"https:\/\/crc.org.ar\/w\/wp-content\/uploads\/2022\/09\/WhatsApp-Image-2022-09-05-at-11.59.24.jpeg\" alt=\"\" class=\"wp-image-33649\" srcset=\"https:\/\/crc.org.ar\/w\/wp-content\/uploads\/2022\/09\/WhatsApp-Image-2022-09-05-at-11.59.24.jpeg 1600w, https:\/\/crc.org.ar\/w\/wp-content\/uploads\/2022\/09\/WhatsApp-Image-2022-09-05-at-11.59.24-300x224.jpeg 300w, https:\/\/crc.org.ar\/w\/wp-content\/uploads\/2022\/09\/WhatsApp-Image-2022-09-05-at-11.59.24-768x575.jpeg 768w, https:\/\/crc.org.ar\/w\/wp-content\/uploads\/2022\/09\/WhatsApp-Image-2022-09-05-at-11.59.24-1536x1149.jpeg 1536w\" sizes=\"(max-width: 1600px) 100vw, 1600px\" \/><\/a><\/figure>\n<\/figure>\n\n\n\n<h2 class=\"has-text-align-center wp-block-heading\"><strong>Manzotti en el proceso selectivo 2023<\/strong><\/h2>\n\n\n\n<p>La remera del Club de Regatas Corrientes, <strong>Agostina Manzotti<\/strong>, ha sido elegida por la Asociaci\u00f3n Argentina de Remeros Aficionados (AARA) para integrar el proceso selectivo 2023 Junior y Sub23.<\/p>\n\n\n\n<p>La joven correntina de 20 a\u00f1os estar\u00e1 participando de la evaluaci\u00f3n en agua en una prueba de 2000m el pr\u00f3ximo 22 de septiembre en la Pista Nacional de Remo en Tigre.<\/p>\n\n\n\n<p>Esto marca un importante paso para la instituci\u00f3n, para el remo y para el deporte correntino, ya que despu\u00e9s de tantos a\u00f1os vuelve a haber un atleta en consideraci\u00f3n para representar al pa\u00eds en posibles competencias.<\/p>\n","protected":false},"excerpt":{"rendered":"<p>(Lunes 5 de septiembre de 2022). Agostina Manzotti y Tom\u00e1s Romero se quedaron con primeros puestos en su categor\u00eda, mientras que Natalia Ch\u00e1vez qued\u00f3 a un paso del podio. El equipo Oficial de remo del Club de Regatas Corrientes estuvo participando el pasado fin de semana de la Regata Oficial \u201c150\u00b0 Aniversario de la Escuela &hellip;<\/p>\n","protected":false},"author":6,"featured_media":33653,"comment_status":"closed","ping_status":"closed","sticky":false,"template":"","format":"standard","meta":{"footnotes":""},"categories":[156,18],"tags":[],"_links":{"self":[{"href":"https:\/\/crc.org.ar\/w\/wp-json\/wp\/v2\/posts\/33642"}],"collection":[{"href":"https:\/\/crc.org.ar\/w\/wp-json\/wp\/v2\/posts"}],"about":[{"href":"https:\/\/crc.org.ar\/w\/wp-json\/wp\/v2\/types\/post"}],"author":[{"embeddable":true,"href":"https:\/\/crc.org.ar\/w\/wp-json\/wp\/v2\/users\/6"}],"replies":[{"embeddable":true,"href":"https:\/\/crc.org.ar\/w\/wp-json\/wp\/v2\/comments?post=33642"}],"version-history":[{"count":1,"href":"https:\/\/crc.org.ar\/w\/wp-json\/wp\/v2\/posts\/33642\/revisions"}],"predecessor-version":[{"id":33654,"href":"https:\/\/crc.org.ar\/w\/wp-json\/wp\/v2\/posts\/33642\/revisions\/33654"}],"wp:featuredmedia":[{"embeddable":true,"href":"https:\/\/crc.org.ar\/w\/wp-json\/wp\/v2\/media\/33653"}],"wp:attachment":[{"href":"https:\/\/crc.org.ar\/w\/wp-json\/wp\/v2\/media?parent=33642"}],"wp:term":[{"taxonomy":"category","embeddable":true,"href":"https:\/\/crc.org.ar\/w\/wp-json\/wp\/v2\/categories?post=33642"},{"taxonomy":"post_tag","embeddable":true,"href":"https:\/\/crc.org.ar\/w\/wp-json\/wp\/v2\/tags?post=33642"}],"curies":[{"name":"wp","href":"https:\/\/api.w.org\/{rel}","templated":true}]}}